{"id":16148,"date":"2013-09-03T13:33:00","date_gmt":"2013-09-03T19:33:00","guid":{"rendered":"http:\/\/www.eloriente.net\/home\/?p=16148"},"modified":"2013-09-03T13:35:27","modified_gmt":"2013-09-03T19:35:27","slug":"las-10-vistas-de-eloriente-net-en-agosto2013","status":"publish","type":"post","link":"http:\/\/www.eloriente.net\/home\/2013\/09\/03\/las-10-vistas-de-eloriente-net-en-agosto2013\/","title":{"rendered":"Las 10+ Vistas de ELORIENTE.NET en Agosto\/2013"},"content":{"rendered":"<p>eloriente.net<\/p>\n<p>3 de septiembre de 2013<\/p>\n<p>Cada mes, El Oriente publicar\u00e1 esta lista de los contenidos m\u00e1s visitados por nuestros usuarios. Esto, para que aquellos que se han perdido una buena recomendaci\u00f3n, una buena nota, tengan la oportunidad de volver sobre ella, aprender, regocijarse, disfrutar.<\/p>\n<p>Hay que recordar que el objetivo de El Oriente es no solamente informar, sino hacer llegar a tu mirada algunas de las cosas que valen la pena de la vida: im\u00e1genes extraordinarias, palabras que transforman, voces para aprender.<\/p>\n<p><a href=\"http:\/\/www.eloriente.net\/home\/2013\/08\/29\/entrevista-de-carlos-loret-al-gobernador-gabino-cue-29ago13\/\" target=\"_blank\">1. LA ENTREVISTA DE CARLOS LORET AL GOBERNADOR GABINO CU\u00c9 DE OAXACA<\/a><\/p>\n<p>El 29 de agosto de 2013, el noticiero Primero Noticias de Televisa, conducido por Carlos Loret de Mola, recibi\u00f3 al Gobernador de Oaxaca para conversar en torno a la aprobaci\u00f3n de la Reforma Educativa, las movilizaciones magisteriales entre otros tema. Seguidos de cerca por los lectores, quienes se dieron el tiempo de comentar con esmero esta entrada en ELORIENTE.NET<\/p>\n<p><a href=\"http:\/\/www.eloriente.net\/home\/2013\/03\/07\/historia-detras-de-la-cancion-y-como-es-el-de-jose-luis-perales-por-canal-3\/\" target=\"_blank\">2. LA SERIE, LA HISTORIA DETR\u00c1S DE LA CANCI\u00d3N<\/a><\/p>\n<p>Un conjunto de entradas preparadas por ELORIENTE.NET sobre las historias o an\u00e9cdotas que dieron origen en su momento a que importantes artistas y compositores escribieran canciones de gran popularidad. Adem\u00e1s de la que en agosto fue m\u00e1s vista \u00bfY qui\u00e9n es \u00e9l? de Jos\u00e9 Luis Perales, se han preparado art\u00edculos sobre canciones de <a href=\"http:\/\/www.eloriente.net\/home\/2013\/02\/28\/historia-detras-de-la-cancion-tears-in-heaven-de-eric-clapton-por-canal-3\/\" target=\"_blank\">Eric Clapton<\/a>, The Beatles., <a href=\"http:\/\/www.eloriente.net\/home\/2013\/07\/29\/historia-detras-de-la-cancion-la-nina-de-guatemala-de-oscar-chavez-por-canal-3\/\" target=\"_blank\">Oscar Ch\u00e1vez <\/a>\u00a0 y hasta de <a href=\"http:\/\/www.eloriente.net\/home\/2013\/01\/23\/historia-detras-de-alfonsina-y-el-mar-de-mercedes-sosa\/\" target=\"_blank\">Mercedes Sosa<\/a>.<\/p>\n<p><a href=\"http:\/\/www.eloriente.net\/home\/2013\/04\/17\/xlxx-concurso-latinoamericano-de-cuento-edmundo-valades\/\" target=\"_blank\">3. CONVOCATORIA DEL CONCURSO LATINOAMERICANO DE CUENTO<\/a><\/p>\n<p>Edmundo Valad\u00e9s es el nombre que lleva este Concurso Latinoamericano, que cerr\u00f3 apenas hace unos cuantos d\u00edas su periodo de recepci\u00f3n de trabajos. No extra\u00f1a que haya sido una entrada muy vista por nuestros lectores, tomando en cuenta el perfil general de nuestros usuarios, que gustan de nuestra secci\u00f3n de <a href=\"http:\/\/www.eloriente.net\/home\/category\/convocatorias\/\" target=\"_blank\">Convocatorias<\/a>.<\/p>\n<p><a href=\"http:\/\/www.eloriente.net\/home\/2013\/08\/01\/presentan-programa-del-festival-internacional-cervantino-2013\/\" target=\"_blank\">\u00a04. PRESENTACI\u00d3N DEL PROGRAMA DEL FESTIVAL INTERNACIONAL CERVANTINO<\/a><\/p>\n<p>Consolidado como el festival art\u00edstico y cultural m\u00e1s importante de M\u00e9xico, el Cervantino present\u00f3 su programaci\u00f3n para este a\u00f1o que incluye ejecutantes de primer nivel, a realizarse en el mes de octubre. Aqu\u00ed puedes ver algunos videos relacionados.<\/p>\n<p><a href=\"http:\/\/www.eloriente.net\/home\/author\/omar\/\" target=\"_blank\">5. LA COLUMNA DE OMAR ALEJANDRO CORT\u00c9S<\/a><\/p>\n<p>Escritor oaxaque\u00f1o radicado en Argentina en este 2013, Omar Alejandro es un columnista muy seguido por nuestros lectores. Inclinado hacia la poes\u00eda y la prosa po\u00e9tica, no falta cada viernes con sus textos para ELORIENTE.NET<\/p>\n<p><a href=\"http:\/\/www.eloriente.net\/home\/category\/colaboradores\/miguel-carbonell\/\" target=\"_blank\">6. LA COLUMNA DE MIGUEL CARBONELL<\/a><\/p>\n<p>El doctor Miguel Carbonell es tambi\u00e9n columnista de ELORIENTE.NET y es un experto en materias relacionadas con el derecho y la ciencia pol\u00edtica. En Oaxaca, cuenta con una gran cantidad de asiduos lectores y para nosotros en un gusto tenerlo en nuestras p\u00e1ginas. Si deseas conocer los temas de la modernidad, Carbonell es una referencia.<\/p>\n<p><a href=\"http:\/\/www.eloriente.net\/home\/2013\/04\/25\/sistema-educativo-mexicano-sigue-con-problemas-de-desigualdad-inee\/\" target=\"_blank\">7. SISTEMA EDUCATIVO MEXICANO SIGUE CON PROBLEMAS DE DESIGUALDAD<\/a><\/p>\n<p>El Instituto Nacional para la Evaluaci\u00f3n de la Educaci\u00f3n present\u00f3 un documento fundamental para entender el sistema educativo mexicano. Un panorama de indicadores que llega a conclusiones muy interesantes sobre la educaci\u00f3n, que es una prioridad para ELORIENTE.NET<\/p>\n<p><a href=\"http:\/\/www.eloriente.net\/home\/category\/colaboradores\/rodolfo-naro\/\" target=\"_blank\">\u00a08. LA COLUMNA DE RODOLFO NAR\u00d3<\/a><\/p>\n<p>Escritor nacido en el estado de Jalisco y radicado en el Distrito Federal, escribe una columna biogr\u00e1fica muy seguida por nuestros lectores sobre temas literarios y est\u00e9ticos. El autor es menci\u00f3n honor\u00edfica del Premio Planeta en Argentina \u00a0y autor de diversas novelas, libros de cuento y poes\u00eda.<\/p>\n<p><a href=\"http:\/\/www.eloriente.net\/home\/category\/canal-1-tu-aula\/\" target=\"_blank\">9. EL AULA DE ELORIENTE.NET<\/a><\/p>\n<p>El Canal 1 de ELORIENTE.NET est\u00e1 dedicado a acercar a nuestros lectores diversos cursos, seminarios, conferencias, impartidos por diversas instancias nacionales e internacionales, que se pueden seguir en video con acceso gratuito y de alta calidad. All\u00ed puedes encontrar material de universidades como Stanford o Yale, o bien conferencias de ponentes locales. Mira los nuevos cursos!<\/p>\n<p><a href=\"http:\/\/www.eloriente.net\/home\/2013\/08\/26\/cierran-27-28-de-agosto-vacantes-de-gobierno-federal-en-oaxaca\/\" target=\"_blank\">10. CIERRA GOBIERNO FEDERAL VACANTES EN OAXACA<\/a><\/p>\n<p>Dimos a conocer en su momento un par de vacantes que estar\u00edan disponibles en el Gobierno Federal, para ser ocupadas en sus delegaciones en Oaxaca. Peri\u00f3dicamente vamos a publicar estas necesarias vacantes para nuestros lectores. Est\u00e9n pendientes!<\/p>\n<p>Foto principal: DR @<a href=\"https:\/\/www.facebook.com\/pages\/Actuphoto\/187796517437\" target=\"_blank\">Actuphoto<\/a><\/p>\n<p>&nbsp;<\/p>\n<p>&nbsp;<\/p>\n<p>&nbsp;<\/p>\n<p>&nbsp;<\/p>\n\n\t\t\t  <div \n\t\t\t  \tclass = \"fb-comments\" \n\t\t\t  \tdata-href = \"http:\/\/www.eloriente.net\/home\/2013\/09\/03\/las-10-vistas-de-eloriente-net-en-agosto2013\/\"\n\t\t\t  \tdata-numposts = \"10\"\n\t\t\t\tdata-colorscheme = \"dark\"\n\t\t\t\tdata-order-by = \"social\"\n\t\t\t\tdata-mobile=true>\n\t\t\t  <\/div>\n\t\t  <style>\n\t\t\t.fb_iframe_widget_fluid_desktop iframe {\n\t\t\t    width: 100% !important;\n\t\t\t}\n\t\t  <\/style>\n\t\t  ","protected":false},"excerpt":{"rendered":"<p>eloriente.net 3 de septiembre de 2013 Cada mes, El Oriente publicar\u00e1 esta lista de los contenidos m\u00e1s visitados por nuestros usuarios. Esto, para que aquellos que se han perdido una buena recomendaci\u00f3n, una buena nota, tengan la oportunidad de volver sobre ella, aprender, regocijarse, disfrutar. Hay que recordar que el objetivo de El Oriente es [&hellip;]<\/p>\n","protected":false},"author":1,"featured_media":16157,"comment_status":"open","ping_status":"open","sticky":false,"template":"","format":"standard","meta":{"_jetpack_memberships_contains_paid_content":false,"footnotes":""},"categories":[32,13,31],"tags":[],"class_list":["post-16148","post","type-post","status-publish","format-standard","has-post-thumbnail","hentry","category-entradas","category-especiales","category-principal"],"jetpack_featured_media_url":"http:\/\/www.eloriente.net\/home\/wp-content\/uploads\/2013\/09\/@Actuphoto-Catherine-Balet.jpg","jetpack_sharing_enabled":true,"_links":{"self":[{"href":"http:\/\/www.eloriente.net\/home\/wp-json\/wp\/v2\/posts\/16148"}],"collection":[{"href":"http:\/\/www.eloriente.net\/home\/wp-json\/wp\/v2\/posts"}],"about":[{"href":"http:\/\/www.eloriente.net\/home\/wp-json\/wp\/v2\/types\/post"}],"author":[{"embeddable":true,"href":"http:\/\/www.eloriente.net\/home\/wp-json\/wp\/v2\/users\/1"}],"replies":[{"embeddable":true,"href":"http:\/\/www.eloriente.net\/home\/wp-json\/wp\/v2\/comments?post=16148"}],"version-history":[{"count":4,"href":"http:\/\/www.eloriente.net\/home\/wp-json\/wp\/v2\/posts\/16148\/revisions"}],"predecessor-version":[{"id":16156,"href":"http:\/\/www.eloriente.net\/home\/wp-json\/wp\/v2\/posts\/16148\/revisions\/16156"}],"wp:featuredmedia":[{"embeddable":true,"href":"http:\/\/www.eloriente.net\/home\/wp-json\/wp\/v2\/media\/16157"}],"wp:attachment":[{"href":"http:\/\/www.eloriente.net\/home\/wp-json\/wp\/v2\/media?parent=16148"}],"wp:term":[{"taxonomy":"category","embeddable":true,"href":"http:\/\/www.eloriente.net\/home\/wp-json\/wp\/v2\/categories?post=16148"},{"taxonomy":"post_tag","embeddable":true,"href":"http:\/\/www.eloriente.net\/home\/wp-json\/wp\/v2\/tags?post=16148"}],"curies":[{"name":"wp","href":"https:\/\/api.w.org\/{rel}","templated":true}]}}