{"id":16254,"date":"2013-09-07T07:20:44","date_gmt":"2013-09-07T13:20:44","guid":{"rendered":"http:\/\/www.eloriente.net\/home\/?p=16254"},"modified":"2022-08-23T17:38:24","modified_gmt":"2022-08-23T23:38:24","slug":"cesan-al-chepo-de-la-torre-entra-luis-fernando-tena","status":"publish","type":"post","link":"http:\/\/www.eloriente.net\/home\/2013\/09\/07\/cesan-al-chepo-de-la-torre-entra-luis-fernando-tena\/","title":{"rendered":"Cesan al &#8216;Chepo&#8217; de la Torre; entra Luis Fernando Tena"},"content":{"rendered":"<p>eloriente.net<\/p>\n<p>7 de septiembre de 2013<\/p>\n<p>eloriente.net (Oaxaca, Oax. a 7 de septiembre de 2013).- La Federaci\u00f3n Mexicana de Futbol (FEMEXFUT), en un escueto comunicado publicado alrededor de las 2:48 de la ma\u00f1ana de este s\u00e1bado, inform\u00f3 que Jos\u00e9 Manuel de la Torre caus\u00f3 baja como Director T\u00e9cnico de la Selecci\u00f3n Mexicana de Futbol.<\/p>\n<p>Su sitio ser\u00e1 ocupado por quien hasta el momento era su auxiliar t\u00e9cnico, el caso de Luis Fernando Tena, quien ser\u00e1 \u00abapoyado con los mismos colaboradores que hasta la fecha han participado en el proceso\u00bb.<\/p>\n<p>La FEMEXFUT inform\u00f3 que m\u00e1s detalles sobre el particular ser\u00e1n abordados a las 11 de la ma\u00f1ana en una conferencia de prensa que se ofrecer\u00e1 sobre el particular en el Centro de Alto Rendimiento.<\/p>\n<p>El cese del t\u00e9cnico sucede luego de que ayer por la noche, M\u00e9xico perdiera por primera vez en la historia contra su similar de Honduras en territorio mexicano, por un marcador de 1-2. El conjunto tricolor hab\u00eda iniciado arriba en el marcador con gol de Oribe Peralta, el ariete del Santos Laguna de Torre\u00f3n, a pase de Giovanni Dos Santos.<\/p>\n<p>Pero en el segundo tiempo, se le vino la noche al equipo nacional. Ricardo Bengston anot\u00f3 el gol del empate, luego de un rechace descompuesto del portero mexicano Jes\u00fas Corona. Y luego, Costly anotar\u00eda el tanto de la ventaja hondure\u00f1a.<\/p>\n<p><script async src=\"https:\/\/pagead2.googlesyndication.com\/pagead\/js\/adsbygoogle.js\"><\/script><br \/>\n<ins class=\"adsbygoogle\" style=\"display: block; text-align: center;\" data-ad-layout=\"in-article\" data-ad-format=\"fluid\" data-ad-client=\"ca-pub-1136171134853753\" data-ad-slot=\"1904291222\"><\/ins><br \/>\n<script>\n     (adsbygoogle = window.adsbygoogle || []).push({});\n<\/script><\/p>\n<p><a href=\"http:\/\/www.eloriente.net\/home\/wp-content\/uploads\/2013\/09\/Aficionados-de-M\u00e9xico-060913-@SelecccionNacionaldeMexico.jpg\"><img loading=\"lazy\" decoding=\"async\" class=\"alignnone size-medium wp-image-16255\" title=\"Aficionados de M\u00e9xico 060913 @SelecccionNacionaldeMexico\" src=\"http:\/\/www.eloriente.net\/home\/wp-content\/uploads\/2013\/09\/Aficionados-de-M\u00e9xico-060913-@SelecccionNacionaldeMexico-300x200.jpg\" alt=\"\" width=\"300\" height=\"200\" srcset=\"http:\/\/www.eloriente.net\/home\/wp-content\/uploads\/2013\/09\/Aficionados-de-M\u00e9xico-060913-@SelecccionNacionaldeMexico-300x200.jpg 300w, http:\/\/www.eloriente.net\/home\/wp-content\/uploads\/2013\/09\/Aficionados-de-M\u00e9xico-060913-@SelecccionNacionaldeMexico.jpg 600w\" sizes=\"(max-width: 300px) 100vw, 300px\" \/><\/a><\/p>\n<p>Foto: @<a href=\"https:\/\/www.facebook.com\/MiSeleccionMX\" target=\"_blank\" rel=\"noopener\">Seleccion Nacional de M\u00e9xico<\/a><\/p>\n<h3>M\u00e1s videos en el Canal de Youtube de El Oriente:<\/h3>\n<p><iframe loading=\"lazy\" title=\"YouTube video player\" src=\"https:\/\/www.youtube.com\/embed\/PuNuUiF28cs\" width=\"560\" height=\"315\" frameborder=\"0\" allowfullscreen=\"allowfullscreen\"><\/iframe><\/p>\n<p><script async src=\"https:\/\/pagead2.googlesyndication.com\/pagead\/js\/adsbygoogle.js\"><\/script><br \/>\n<ins class=\"adsbygoogle\" style=\"display: block;\" data-ad-format=\"autorelaxed\" data-ad-client=\"ca-pub-1136171134853753\" data-ad-slot=\"4595267748\"><\/ins><br \/>\n<script>\n     (adsbygoogle = window.adsbygoogle || []).push({});\n<\/script><\/p>\n\n\t\t\t  <div \n\t\t\t  \tclass = \"fb-comments\" \n\t\t\t  \tdata-href = \"http:\/\/www.eloriente.net\/home\/2013\/09\/07\/cesan-al-chepo-de-la-torre-entra-luis-fernando-tena\/\"\n\t\t\t  \tdata-numposts = \"10\"\n\t\t\t\tdata-colorscheme = \"dark\"\n\t\t\t\tdata-order-by = \"social\"\n\t\t\t\tdata-mobile=true>\n\t\t\t  <\/div>\n\t\t  <style>\n\t\t\t.fb_iframe_widget_fluid_desktop iframe {\n\t\t\t    width: 100% !important;\n\t\t\t}\n\t\t  <\/style>\n\t\t  ","protected":false},"excerpt":{"rendered":"<p>eloriente.net 7 de septiembre de 2013 eloriente.net (Oaxaca, Oax. a 7 de septiembre de 2013).- La Federaci\u00f3n Mexicana de Futbol (FEMEXFUT), en un escueto comunicado publicado alrededor de las 2:48 de la ma\u00f1ana de este s\u00e1bado, inform\u00f3 que Jos\u00e9 Manuel de la Torre caus\u00f3 baja como Director T\u00e9cnico de la Selecci\u00f3n Mexicana de Futbol. Su [&hellip;]<\/p>\n","protected":false},"author":1,"featured_media":0,"comment_status":"open","ping_status":"open","sticky":false,"template":"","format":"standard","meta":{"_jetpack_memberships_contains_paid_content":false,"footnotes":""},"categories":[15,32,10],"tags":[],"class_list":["post-16254","post","type-post","status-publish","format-standard","hentry","category-deportes","category-entradas","category-lo-mas-reciente"],"jetpack_featured_media_url":"","jetpack_sharing_enabled":true,"_links":{"self":[{"href":"http:\/\/www.eloriente.net\/home\/wp-json\/wp\/v2\/posts\/16254"}],"collection":[{"href":"http:\/\/www.eloriente.net\/home\/wp-json\/wp\/v2\/posts"}],"about":[{"href":"http:\/\/www.eloriente.net\/home\/wp-json\/wp\/v2\/types\/post"}],"author":[{"embeddable":true,"href":"http:\/\/www.eloriente.net\/home\/wp-json\/wp\/v2\/users\/1"}],"replies":[{"embeddable":true,"href":"http:\/\/www.eloriente.net\/home\/wp-json\/wp\/v2\/comments?post=16254"}],"version-history":[{"count":5,"href":"http:\/\/www.eloriente.net\/home\/wp-json\/wp\/v2\/posts\/16254\/revisions"}],"predecessor-version":[{"id":65861,"href":"http:\/\/www.eloriente.net\/home\/wp-json\/wp\/v2\/posts\/16254\/revisions\/65861"}],"wp:attachment":[{"href":"http:\/\/www.eloriente.net\/home\/wp-json\/wp\/v2\/media?parent=16254"}],"wp:term":[{"taxonomy":"category","embeddable":true,"href":"http:\/\/www.eloriente.net\/home\/wp-json\/wp\/v2\/categories?post=16254"},{"taxonomy":"post_tag","embeddable":true,"href":"http:\/\/www.eloriente.net\/home\/wp-json\/wp\/v2\/tags?post=16254"}],"curies":[{"name":"wp","href":"https:\/\/api.w.org\/{rel}","templated":true}]}}