{"id":16261,"date":"2013-09-07T08:10:12","date_gmt":"2013-09-07T14:10:12","guid":{"rendered":"http:\/\/www.eloriente.net\/home\/?p=16261"},"modified":"2013-09-07T08:13:41","modified_gmt":"2013-09-07T14:13:41","slug":"paro-de-seccion-22-en-el-df-se-extiende-al-15-de-septiembre","status":"publish","type":"post","link":"http:\/\/www.eloriente.net\/home\/2013\/09\/07\/paro-de-seccion-22-en-el-df-se-extiende-al-15-de-septiembre\/","title":{"rendered":"Plant\u00f3n de Secci\u00f3n 22 en el DF se extiende al 15 de septiembre"},"content":{"rendered":"<p>eloriente.net<\/p>\n<p>7 de septiembre de 2013<\/p>\n<p>eloriente.net (Oaxaca, Oax. a 7 de septiembre de 2013).- Como se anunci\u00f3 desde ayer en un comunicado, la Secci\u00f3n 22 de la Coordinadora Nacional de Trabajadores de la Educaci\u00f3n (CNTE) sesion\u00f3 en asamblea durante el viernes y las primeras horas de este s\u00e1bado, para determinar las acciones que continuar\u00e1n despu\u00e9s de cerca de 20 d\u00edas de manifestaciones en el Distrito Federal en contra, principalmente, de la denominada &#8216;reforma educativa&#8217;.<\/p>\n<p>La asamblea determin\u00f3, entre otros puntos, continuar el plant\u00f3n en el z\u00f3calo de la Ciudad de M\u00e9xico mientras se est\u00e1n efectuando negociaciones con autoridades federales. Dependiendo de los resultados de estas negociaciones, han de decidir si extienden su plant\u00f3n hasta el 15 de septiembre, fecha en que por la noche se celebra el tradicional Grito de la Independencia.<\/p>\n<p>En cuanto a su permanencia durante el mitin al cual est\u00e1 convocando el tabasque\u00f1o Andr\u00e9s Manuel L\u00f3pez Obrador precisamente en la plancha del z\u00f3calo, los profesores acordaron que permitir\u00e1n se instale un templete y, a t\u00edtulo personal, los profesores decidir\u00e1n si participan o no en la actividad, seg\u00fan inform\u00f3 el diario El Universal.<\/p>\n<p>De acuerdo estas versiones, la discusi\u00f3n en asamblea fue intensa y marcada por 2 posiciones principales, por un lado, quienes estaban a favor de continuar la &#8216;jornada de lucha&#8217; en Oaxaca, y por el otro, quienes a pesar del reconocido desgaste que han representado las movilizaciones del magisterio, requer\u00edan permanecer en el DF. Al mismo tiempo,se puso sobre la mesa el factor de que padres de familiar estar\u00edan abriendo escuelas en Oaxaca para entregarlas a la Secci\u00f3n 59.<\/p>\n<p>Este d\u00eda, se realizar\u00e1 una Asamblea Nacional Representativa, en la cual se ventilar\u00e1n estos y otros acuerdos, que esperan ser respaldados por la misma.<\/p>\n<p><a href=\"http:\/\/www.eloriente.net\/home\/wp-content\/uploads\/2013\/09\/Zocalo-Seccion-22-Algunos-derechos-reservados-por-Marysol.jpg\"><img loading=\"lazy\" decoding=\"async\" class=\"alignnone size-medium wp-image-16262\" title=\"Zocalo Seccion 22 Algunos derechos reservados por Marysol\" src=\"http:\/\/www.eloriente.net\/home\/wp-content\/uploads\/2013\/09\/Zocalo-Seccion-22-Algunos-derechos-reservados-por-Marysol-300x198.jpg\" alt=\"\" width=\"300\" height=\"198\" srcset=\"http:\/\/www.eloriente.net\/home\/wp-content\/uploads\/2013\/09\/Zocalo-Seccion-22-Algunos-derechos-reservados-por-Marysol-300x198.jpg 300w, http:\/\/www.eloriente.net\/home\/wp-content\/uploads\/2013\/09\/Zocalo-Seccion-22-Algunos-derechos-reservados-por-Marysol.jpg 1024w\" sizes=\"(max-width: 300px) 100vw, 300px\" \/><\/a><\/p>\n<p>Foto: <a title=\"Attribution-ShareAlike License\" href=\"http:\/\/creativecommons.org\/licenses\/by-sa\/2.0\/\">Algunos derechos reservados<\/a> por <a href=\"http:\/\/www.flickr.com\/photos\/marysolra\/\">Marysol*<\/a><\/p>\n<p>&nbsp;<\/p>\n<p>&nbsp;<\/p>\n<p>&nbsp;<\/p>\n\n\t\t\t  <div \n\t\t\t  \tclass = \"fb-comments\" \n\t\t\t  \tdata-href = \"http:\/\/www.eloriente.net\/home\/2013\/09\/07\/paro-de-seccion-22-en-el-df-se-extiende-al-15-de-septiembre\/\"\n\t\t\t  \tdata-numposts = \"10\"\n\t\t\t\tdata-colorscheme = \"dark\"\n\t\t\t\tdata-order-by = \"social\"\n\t\t\t\tdata-mobile=true>\n\t\t\t  <\/div>\n\t\t  <style>\n\t\t\t.fb_iframe_widget_fluid_desktop iframe {\n\t\t\t    width: 100% !important;\n\t\t\t}\n\t\t  <\/style>\n\t\t  ","protected":false},"excerpt":{"rendered":"<p>eloriente.net 7 de septiembre de 2013 eloriente.net (Oaxaca, Oax. a 7 de septiembre de 2013).- Como se anunci\u00f3 desde ayer en un comunicado, la Secci\u00f3n 22 de la Coordinadora Nacional de Trabajadores de la Educaci\u00f3n (CNTE) sesion\u00f3 en asamblea durante el viernes y las primeras horas de este s\u00e1bado, para determinar las acciones que continuar\u00e1n [&hellip;]<\/p>\n","protected":false},"author":1,"featured_media":16262,"comment_status":"open","ping_status":"open","sticky":false,"template":"","format":"standard","meta":{"_jetpack_memberships_contains_paid_content":false,"footnotes":""},"categories":[18,32,10,21,31],"tags":[],"class_list":["post-16261","post","type-post","status-publish","format-standard","has-post-thumbnail","hentry","category-educacion-y-cultura","category-entradas","category-lo-mas-reciente","category-politica-y-gobierno","category-principal"],"jetpack_featured_media_url":"http:\/\/www.eloriente.net\/home\/wp-content\/uploads\/2013\/09\/Zocalo-Seccion-22-Algunos-derechos-reservados-por-Marysol.jpg","jetpack_sharing_enabled":true,"_links":{"self":[{"href":"http:\/\/www.eloriente.net\/home\/wp-json\/wp\/v2\/posts\/16261"}],"collection":[{"href":"http:\/\/www.eloriente.net\/home\/wp-json\/wp\/v2\/posts"}],"about":[{"href":"http:\/\/www.eloriente.net\/home\/wp-json\/wp\/v2\/types\/post"}],"author":[{"embeddable":true,"href":"http:\/\/www.eloriente.net\/home\/wp-json\/wp\/v2\/users\/1"}],"replies":[{"embeddable":true,"href":"http:\/\/www.eloriente.net\/home\/wp-json\/wp\/v2\/comments?post=16261"}],"version-history":[{"count":4,"href":"http:\/\/www.eloriente.net\/home\/wp-json\/wp\/v2\/posts\/16261\/revisions"}],"predecessor-version":[{"id":16264,"href":"http:\/\/www.eloriente.net\/home\/wp-json\/wp\/v2\/posts\/16261\/revisions\/16264"}],"wp:featuredmedia":[{"embeddable":true,"href":"http:\/\/www.eloriente.net\/home\/wp-json\/wp\/v2\/media\/16262"}],"wp:attachment":[{"href":"http:\/\/www.eloriente.net\/home\/wp-json\/wp\/v2\/media?parent=16261"}],"wp:term":[{"taxonomy":"category","embeddable":true,"href":"http:\/\/www.eloriente.net\/home\/wp-json\/wp\/v2\/categories?post=16261"},{"taxonomy":"post_tag","embeddable":true,"href":"http:\/\/www.eloriente.net\/home\/wp-json\/wp\/v2\/tags?post=16261"}],"curies":[{"name":"wp","href":"https:\/\/api.w.org\/{rel}","templated":true}]}}