{"id":16271,"date":"2013-09-11T05:45:28","date_gmt":"2013-09-11T11:45:28","guid":{"rendered":"http:\/\/www.eloriente.net\/home\/?p=16271"},"modified":"2013-09-11T05:47:04","modified_gmt":"2013-09-11T11:47:04","slug":"segob-emite-declaratoria-de-emergencia-en-ixpantepec-nieves","status":"publish","type":"post","link":"http:\/\/www.eloriente.net\/home\/2013\/09\/11\/segob-emite-declaratoria-de-emergencia-en-ixpantepec-nieves\/","title":{"rendered":"SEGOB emite Emergencia en Ixpantepec Nieves, Sola de Vega y otros municipios"},"content":{"rendered":"<p>eloriente.net\/SEGOB<\/p>\n<p><strong>Actualizaci\u00f3n 11 de septiembre de 2013<\/strong><\/p>\n<p>La Secretar\u00eda de Gobernaci\u00f3n emiti\u00f3 otras dos declaratorias de emergencia los d\u00edas 9 y 10 de septiembre de 2013 para 3 municipios de Oaxaca, como se detalla a continuaci\u00f3n:<\/p>\n<p><strong>Santa Mar\u00eda Yucuhiti (10 de septiembre):<\/strong><\/p>\n<p>La Secretar\u00eda de Gobernaci\u00f3n emiti\u00f3 una Declaratoria de Desastre Natural para el municipio de Santa Mar\u00eda Yucuhiti del estado de Oaxaca, con lo cual tienen acceso a los recursos del Fondo de Desastres Naturales (FONDEN) para la atenci\u00f3n de los da\u00f1os sufridos por el movimiento de ladera ocasionado por lluvia severa y acumulaci\u00f3n de agua en subsuelo, durante los d\u00edas 1 y 2 se septiembre de 2013.<\/p>\n<p>La declaratoria se emiti\u00f3 al t\u00e9rmino de la instalaci\u00f3n del Comit\u00e9 de Evaluaci\u00f3n de Da\u00f1os del FONDEN, integrado por funcionarios federales y del Gobierno del estado de Oaxaca, responsables de los sectores afectados: carretero, hidr\u00e1ulico y vivienda. Los miembros de dicho Comit\u00e9 tendr\u00e1n como funci\u00f3n evaluar los da\u00f1os ocasionados en la infraestructura da\u00f1ada y cuantificar los recursos necesarios para su recuperaci\u00f3n.<\/p>\n<p>Con lo anterior, el Gobierno Federal refrenda su compromiso de brindar los apoyos necesarios para contrarrestar los efectos del desastre natural en cuesti\u00f3n, en beneficio de la poblaci\u00f3n afectada.<\/p>\n<p><strong>Sola de Vega y Santa Mar\u00eda Sola (9 de septiembre):<\/strong><\/p>\n<p>La Coordinaci\u00f3n Nacional de Protecci\u00f3n Civil de la Secretar\u00eda de Gobernaci\u00f3n emiti\u00f3 hoy una Declaratoria de Emergencia para los municipios de Villa Sola de Vega y Santa Mar\u00eda Sola del estado de Oaxaca, por la presencia de lluvia severa ocurrida el d\u00eda 05 de septiembre de 2013.<\/p>\n<p>Con esta acci\u00f3n se activan los recursos del Fondo para la Atenci\u00f3n de Emergencias FONDEN.<\/p>\n<p>A partir de esta Declaratoria, solicitada por el gobierno estatal, las autoridades contar\u00e1n con recursos para atender las necesidades alimenticias, de abrigo y de salud de la poblaci\u00f3n afectada.<\/p>\n<p><strong>eloriente.net \/ <a href=\"\/es\/SEGOB\/Sintesis_Informativa?uri=http%3A%2F%2Fwww.SEGOB.swb%23swbpress_Content%3A4337&amp;cat=http%3A%2F%2Fwww.SEGOB.swb%23swbpress_Category%3A1\" target=\"_blank\">SEGOB<\/a><\/strong><\/p>\n<p><strong>7 de septiembre de 2013<\/strong><\/p>\n<p>El 6 de septiembre de 2013, la Coordinaci\u00f3n Nacional de Protecci\u00f3n Civil de la Secretar\u00eda de Gobernaci\u00f3n emiti\u00f3 una Declaratoria de Emergencia para el municipio de Ixpantepec Nieves del estado de Oaxaca, por la presencia de lluvia severa ocurrida el d\u00eda 02 de septiembre de 2013.<\/p>\n<p>Con esta acci\u00f3n se activan los recursos del <a href=\"http:\/\/www.proteccioncivil.gob.mx\/en\/ProteccionCivil\/Fonden\" target=\"_blank\">Fondo para la Atenci\u00f3n de Emergencias<\/a> (FONDEN).<\/p>\n<p>A partir de esta Declaratoria, solicitada por el gobierno estatal, las autoridades contar\u00e1n con recursos para atender las necesidades alimenticias, de abrigo y de salud de la poblaci\u00f3n afectada.<\/p>\n<p>Quieres saber m\u00e1s de Ixpantepec Nieves? Da click: <a href=\"http:\/\/ixpantepecnieves.com\/\" target=\"_blank\">Ixpantepec Nieves<\/a><\/p>\n<p>&nbsp;<\/p>\n<div id=\"post-11620\">\n<p><a title=\"Permalink to Segob publica Declaratoria de Emergencia por lluvia en cuatro municipios de Oaxaca\" href=\"http:\/\/www.eloriente.net\/home\/2013\/05\/06\/segob-publica-declaratoria-de-emergencia-por-lluvia-en-municipios-de-oaxaca\/\" rel=\"bookmark\">Segob publica Declaratoria de Emergencia por lluvia en cuatro municipios de Oaxaca<\/a><\/p>\n<p><a href=\"http:\/\/www.eloriente.net\/home\/2013\/05\/06\/segob-publica-declaratoria-de-emergencia-por-lluvia-en-municipios-de-oaxaca\/\" rel=\"bookmark\"><img decoding=\"async\" title=\"Segob publica Declaratoria de Emergencia por lluvia en cuatro municipios de Oaxaca\" src=\"http:\/\/www.eloriente.net\/home\/wp-content\/themes\/city-desk\/timthumb.php?src=http%3A%2F%2Fwww.eloriente.net%2Fhome%2Fwp-content%2Fuploads%2F2013%2F04%2Flluvias.jpg&amp;q=90&amp;w=160&amp;h=106&amp;zc=1\" alt=\"Segob publica Declaratoria de Emergencia por lluvia en cuatro municipios de Oaxaca\" \/><\/a>eloriente.net<\/p>\n<p>6 de mayo de 2013 eloriente.net (Oaxaca, Oax.) 6 de mayo de 2013.- Este lunes, la Secretar\u00eda de Gobernaci\u00f3n (Segob) public\u00f3 en el Diario Oficial de la Federaci\u00f3n una Declaratoria de Emergencia por la presencia de lluvia severa el pasado 23 de abril en cuatro municipios del estado de Oaxaca,\u00a0esto con el prop\u00f3sito de [&#8230;]<\/p>\n<p>May 6, 2013<\/p>\n<\/div>\n<p><a title=\"Permalink to Lluvias enfatizan necesidad de prevenci\u00f3n y auxilio\" href=\"http:\/\/www.eloriente.net\/home\/2013\/04\/24\/lluvias-enfatizan-necesidad-de-prevencion-y-auxilio\/\" rel=\"bookmark\">Lluvias enfatizan necesidad de prevenci\u00f3n y auxilio<\/a><\/p>\n<p><a href=\"http:\/\/www.eloriente.net\/home\/2013\/04\/24\/lluvias-enfatizan-necesidad-de-prevencion-y-auxilio\/\" rel=\"bookmark\"><img decoding=\"async\" title=\"Lluvias enfatizan necesidad de prevenci\u00f3n y auxilio\" src=\"http:\/\/www.eloriente.net\/home\/wp-content\/themes\/city-desk\/timthumb.php?src=http%3A%2F%2Fwww.eloriente.net%2Fhome%2Fwp-content%2Fuploads%2F2013%2F04%2FAlgunos-derechos-reservados-por-phylevn-LLuvia-Oaxaca.jpg&amp;q=90&amp;w=160&amp;h=106&amp;zc=1\" alt=\"Lluvias enfatizan necesidad de prevenci\u00f3n y auxilio\" \/><\/a><\/p>\n<p>eloriente.net A la familia y amigos de Leticia Garc\u00eda Maldonado, acaecida luego de \u00a0severa lluvia en Oaxaca. Es verdad que no debe ser tema de moda, es decir, que no solamente deba atenderse cuando pasa un evento extraordinario: un desastre, un sismo, una lluvia torrencial, por ejemplo, sino que es una tarea apremiante para toda [&#8230;]<\/p>\n<p>April 24, 2013<\/p>\n<p>&nbsp;<\/p>\n<p>&nbsp;<\/p>\n\n\t\t\t  <div \n\t\t\t  \tclass = \"fb-comments\" \n\t\t\t  \tdata-href = \"http:\/\/www.eloriente.net\/home\/2013\/09\/11\/segob-emite-declaratoria-de-emergencia-en-ixpantepec-nieves\/\"\n\t\t\t  \tdata-numposts = \"10\"\n\t\t\t\tdata-colorscheme = \"dark\"\n\t\t\t\tdata-order-by = \"social\"\n\t\t\t\tdata-mobile=true>\n\t\t\t  <\/div>\n\t\t  <style>\n\t\t\t.fb_iframe_widget_fluid_desktop iframe {\n\t\t\t    width: 100% !important;\n\t\t\t}\n\t\t  <\/style>\n\t\t  ","protected":false},"excerpt":{"rendered":"<p>eloriente.net\/SEGOB Actualizaci\u00f3n 11 de septiembre de 2013 La Secretar\u00eda de Gobernaci\u00f3n emiti\u00f3 otras dos declaratorias de emergencia los d\u00edas 9 y 10 de septiembre de 2013 para 3 municipios de Oaxaca, como se detalla a continuaci\u00f3n: Santa Mar\u00eda Yucuhiti (10 de septiembre): La Secretar\u00eda de Gobernaci\u00f3n emiti\u00f3 una Declaratoria de Desastre Natural para el municipio [&hellip;]<\/p>\n","protected":false},"author":1,"featured_media":0,"comment_status":"open","ping_status":"open","sticky":false,"template":"","format":"standard","meta":{"_jetpack_memberships_contains_paid_content":false,"footnotes":""},"categories":[32,10,23],"tags":[],"class_list":["post-16271","post","type-post","status-publish","format-standard","hentry","category-entradas","category-lo-mas-reciente","category-municipios"],"jetpack_featured_media_url":"","jetpack_sharing_enabled":true,"_links":{"self":[{"href":"http:\/\/www.eloriente.net\/home\/wp-json\/wp\/v2\/posts\/16271"}],"collection":[{"href":"http:\/\/www.eloriente.net\/home\/wp-json\/wp\/v2\/posts"}],"about":[{"href":"http:\/\/www.eloriente.net\/home\/wp-json\/wp\/v2\/types\/post"}],"author":[{"embeddable":true,"href":"http:\/\/www.eloriente.net\/home\/wp-json\/wp\/v2\/users\/1"}],"replies":[{"embeddable":true,"href":"http:\/\/www.eloriente.net\/home\/wp-json\/wp\/v2\/comments?post=16271"}],"version-history":[{"count":4,"href":"http:\/\/www.eloriente.net\/home\/wp-json\/wp\/v2\/posts\/16271\/revisions"}],"predecessor-version":[{"id":16273,"href":"http:\/\/www.eloriente.net\/home\/wp-json\/wp\/v2\/posts\/16271\/revisions\/16273"}],"wp:attachment":[{"href":"http:\/\/www.eloriente.net\/home\/wp-json\/wp\/v2\/media?parent=16271"}],"wp:term":[{"taxonomy":"category","embeddable":true,"href":"http:\/\/www.eloriente.net\/home\/wp-json\/wp\/v2\/categories?post=16271"},{"taxonomy":"post_tag","embeddable":true,"href":"http:\/\/www.eloriente.net\/home\/wp-json\/wp\/v2\/tags?post=16271"}],"curies":[{"name":"wp","href":"https:\/\/api.w.org\/{rel}","templated":true}]}}