{"id":16279,"date":"2013-09-08T10:18:35","date_gmt":"2013-09-08T16:18:35","guid":{"rendered":"http:\/\/www.eloriente.net\/home\/?p=16279"},"modified":"2013-09-08T10:21:31","modified_gmt":"2013-09-08T16:21:31","slug":"estudiantes-de-pachuca-puebla-y-veracruz-se-reunieron-en-arquitectura","status":"publish","type":"post","link":"http:\/\/www.eloriente.net\/home\/2013\/09\/08\/estudiantes-de-pachuca-puebla-y-veracruz-se-reunieron-en-arquitectura\/","title":{"rendered":"Estudiantes de Pachuca, Puebla y Veracruz se reunieron en Arquitectura"},"content":{"rendered":"<p>eloriente.net\/<a href=\"http:\/\/www.uabjo.mx\/\" target=\"_blank\">UABJO<\/a><\/p>\n<p>8 de septiembre de 2013<\/p>\n<p>La Facultad de Arquitectura 5 de Mayo de la Universidad Aut\u00f3noma \u201cBenito Ju\u00e1rez\u201d de Oaxaca (UABJO), fue sede del <strong>Congreso Nacional de Dise\u00f1o Arquitectura e Interiores Punto Cero \u201cEpicentro 2013\u201d organizado<\/strong> por el Grupo Estudiantil de Arquitectura (GEA).<\/p>\n<p><span style=\"font-size: 13px; line-height: 19px;\">El director de la Facultad, Jes\u00fas Pablo Hern\u00e1ndez dijo que este evento tuvo una gran respuesta por parte del alumnado, tanto de la instancia a su cargo como de la Facultad de Arquitectura en Ciudad Universitaria, as\u00ed mismo se cont\u00f3 con la participaci\u00f3n del colegio de Arquitectos del estado, con quienes se pretende estrechar v\u00ednculos mediante un convenio de colaboraci\u00f3n que beneficie a ambas comunidades estudiantiles.<\/span><\/p>\n<p><span style=\"font-size: 13px; line-height: 19px;\">Fue un encuentro nacional al que acudieron j\u00f3venes provenientes de las universidades de Pachuca, Puebla y Veracruz, con una poblaci\u00f3n aproximada de 150 alumnos, la emisi\u00f3n anterior se llev\u00f3 a cabo en el estado de Puebla, este tipo de eventos son importantes para los j\u00f3venes de Arquitectura 5 de Mayo porque adquieren experiencias, aparte de contar con algunos beneficios como la participaci\u00f3n gratuita de 60 alumnos.<\/span><\/p>\n<p><span style=\"font-size: 13px; line-height: 19px;\">El arquitecto hizo extensiva sus felicitaciones para los estudiantes que participaron \u201cya que se llev\u00f3 a cabo fuera del semestre normal, fue un evento muy din\u00e1mico y le seguiremos apostando para que siga realiz\u00e1ndose, nuestro compromiso es realizar dos por semestre\u201d. Este tipo de eventos est\u00e1n sugeridos por parte de las instituciones evaluadoras y acreditadoras, \u201cestamos cumpliendo con las observaciones de estas instituciones as\u00ed como el proyecto que propuse al tomar el cargo\u201d.<\/span><\/p>\n<p><span style=\"font-size: 13px; line-height: 19px;\">Se cont\u00f3 con la presencia de unos de los grandes ponentes de la Arquitectura como lo es Francisco Serrano, ofreciendo una conferencia magistral, as\u00ed como recorridos por las zonas de Monte Alb\u00e1n- Arrazola-San Bartolo- \u00c1rbol del Tule, el Centro de Artes de San Agust\u00edn (CASA) y un recorrido a La BS con el Arquitecto Juan Jos\u00e9 Santib\u00e1\u00f1ez, entre otras actividades.<\/span><\/p>\n<p><span style=\"font-size: 13px; line-height: 19px;\">\u201cPara este nuevo ciclo se continuar\u00e1 trabajando con los j\u00f3venes y maestros, a trav\u00e9s de las academias, cuerpos colegiados, las coordinaciones, para que todo el esfuerzo se vea reflejado, ya que es una de las encomiendas del rector, Eduardo Mart\u00ednez Helmes, caminar juntos en beneficio de los estudiantes y as\u00ed entregar a la sociedad j\u00f3venes comprometidos y serviciales\u201d, finaliz\u00f3 Pablo Hern\u00e1ndez.<\/span><\/p>\n<p><a href=\"http:\/\/www.eloriente.net\/home\/wp-content\/uploads\/2013\/09\/Arquitectura-UABJO.jpg\"><img loading=\"lazy\" decoding=\"async\" class=\"alignnone size-medium wp-image-16280\" title=\"Arquitectura UABJO\" src=\"http:\/\/www.eloriente.net\/home\/wp-content\/uploads\/2013\/09\/Arquitectura-UABJO-300x200.jpg\" alt=\"\" width=\"300\" height=\"200\" srcset=\"http:\/\/www.eloriente.net\/home\/wp-content\/uploads\/2013\/09\/Arquitectura-UABJO-300x200.jpg 300w, http:\/\/www.eloriente.net\/home\/wp-content\/uploads\/2013\/09\/Arquitectura-UABJO-1024x682.jpg 1024w\" sizes=\"(max-width: 300px) 100vw, 300px\" \/><\/a><\/p>\n<p>Foto: UABJO<\/p>\n<p>&nbsp;<\/p>\n<p><strong>NOTAS RELACIONADAS:<\/strong><\/p>\n<p><a title=\"Permalink to Entregan 24 manuscritos musicales restaurados en Yautepec\" href=\"http:\/\/www.eloriente.net\/home\/2013\/09\/06\/entregan-24-manuscritos-musicales-restaurados-en-yautepec\/\" rel=\"bookmark\">Entregan 24 manuscritos musicales restaurados en Yautepec<\/a><\/p>\n<p><a href=\"http:\/\/www.eloriente.net\/home\/2013\/09\/06\/entregan-24-manuscritos-musicales-restaurados-en-yautepec\/\" rel=\"bookmark\"><img decoding=\"async\" title=\"Entregan 24 manuscritos musicales restaurados en Yautepec\" src=\"http:\/\/www.eloriente.net\/home\/wp-content\/themes\/city-desk\/timthumb.php?src=http%3A%2F%2Fwww.eloriente.net%2Fhome%2Fwp-content%2Fuploads%2F2013%2F09%2FManuscritos-musicales-yautepec.jpg&amp;q=90&amp;w=160&amp;h=106&amp;zc=1\" alt=\"Entregan 24 manuscritos musicales restaurados en Yautepec\" \/><\/a><\/p>\n<p>eloriente.net\/UABJO 6 de septiembre de 2013 Luego de siete a\u00f1os de trabajo en restauraci\u00f3n, Mar\u00eda del Refugio Guti\u00e9rrez, responsable de esta \u00e1rea en la biblioteca Francisco Burgoa perteneciente a la Universidad Aut\u00f3noma \u201cBenito Ju\u00e1rez\u201d de Oaxaca (UABJO), hizo entrega de veinticuatro manuscritos musicales y un disco duro el cual contiene la digitalizaci\u00f3n del acervo, a [&#8230;]<\/p>\n<p>September 6, 2013<\/p>\n<p><a style=\"font-size: 13px; line-height: 19px;\" title=\"Permalink to Efect\u00faan encuentro con docentes de derecho en UABJO\" href=\"http:\/\/www.eloriente.net\/home\/2013\/09\/05\/efectuan-encuentro-con-docentes-de-derecho-en-uabjo\/\" rel=\"bookmark\">Efect\u00faan encuentro con docentes de derecho en UABJO<\/a><\/p>\n<div id=\"post-16220\"><a href=\"http:\/\/www.eloriente.net\/home\/2013\/09\/05\/efectuan-encuentro-con-docentes-de-derecho-en-uabjo\/\" rel=\"bookmark\"><img decoding=\"async\" title=\"Efect\u00faan encuentro con docentes de derecho en UABJO\" src=\"http:\/\/www.eloriente.net\/home\/wp-content\/themes\/city-desk\/timthumb.php?src=http%3A%2F%2Fwww.eloriente.net%2Fhome%2Fwp-content%2Fuploads%2F2013%2F09%2FUABJO-FACULTAD-DE-DERECHO.jpg&amp;q=90&amp;w=160&amp;h=106&amp;zc=1\" alt=\"Efect\u00faan encuentro con docentes de derecho en UABJO\" \/><\/a>eloriente.net \/ UABJO 5 de septiembre de 2013 Con un exhorto para trabajar de manera coordinada para para lograr la acreditaci\u00f3n en el corto plazo, se realiz\u00f3 la ceremonia de bienvenida a los profesores de la Facultad de Derecho y Ciencias Sociales de la Universidad Aut\u00f3noma \u201cBenito Ju\u00e1rez\u201d de Oaxaca (UABJO). En el acto, que [&#8230;]<\/p>\n<p>September 5, 2013<\/p>\n<\/div>\n<div id=\"post-16211\">\n<p><a title=\"Permalink to Escucha a S\u00f3crates Ju\u00e1rez, HUB Oaxaca, Lizzette Santiago y m\u00e1s en Todo Oaxaca Radio 3\/sep\/2013\" href=\"http:\/\/www.eloriente.net\/home\/2013\/09\/05\/escucha-a-socrates-juarez-hub-oaxaca-lizzette-santiago-y-mas-en-todo-oaxaca-radio-3sep2013\/\" rel=\"bookmark\">Escucha a S\u00f3crates Ju\u00e1rez, HUB Oaxaca, Lizzette Santiago y m\u00e1s en Todo Oaxaca Radio 3\/sep\/2013<\/a><\/p>\n<p><a href=\"http:\/\/www.eloriente.net\/home\/2013\/09\/05\/escucha-a-socrates-juarez-hub-oaxaca-lizzette-santiago-y-mas-en-todo-oaxaca-radio-3sep2013\/\" rel=\"bookmark\"><img decoding=\"async\" title=\"Escucha a S\u00f3crates Ju\u00e1rez, HUB Oaxaca, Lizzette Santiago y m\u00e1s en Todo Oaxaca Radio 3\/sep\/2013\" src=\"http:\/\/www.eloriente.net\/home\/wp-content\/themes\/city-desk\/timthumb.php?src=http%3A%2F%2Fwww.eloriente.net%2Fhome%2Fwp-content%2Fuploads%2F2013%2F09%2Fgoyo-y-megan1.jpg&amp;q=90&amp;w=160&amp;h=106&amp;zc=1\" alt=\"Escucha a S\u00f3crates Ju\u00e1rez, HUB Oaxaca, Lizzette Santiago y m\u00e1s en Todo Oaxaca Radio 3\/sep\/2013\" \/><\/a>\u00a0 todooaxacaradio.com 4 de septiembre del 2013 Nuestra emisi\u00f3n del programa Todo Oaxaca Radio del 3 de septiembre estuvo muy concurrida, puesto que hablamos de 4 diferentes temas con distintos invitados, todos ellos l\u00edderes en los sectores que participan. El primer invitado de la tarde fue el Director de la Orquesta de C\u00e1mara de la [&#8230;]<\/p>\n<p>September 5, 2013<\/p>\n<\/div>\n\n\t\t\t  <div \n\t\t\t  \tclass = \"fb-comments\" \n\t\t\t  \tdata-href = \"http:\/\/www.eloriente.net\/home\/2013\/09\/08\/estudiantes-de-pachuca-puebla-y-veracruz-se-reunieron-en-arquitectura\/\"\n\t\t\t  \tdata-numposts = \"10\"\n\t\t\t\tdata-colorscheme = \"dark\"\n\t\t\t\tdata-order-by = \"social\"\n\t\t\t\tdata-mobile=true>\n\t\t\t  <\/div>\n\t\t  <style>\n\t\t\t.fb_iframe_widget_fluid_desktop iframe {\n\t\t\t    width: 100% !important;\n\t\t\t}\n\t\t  <\/style>\n\t\t  ","protected":false},"excerpt":{"rendered":"<p>eloriente.net\/UABJO 8 de septiembre de 2013 La Facultad de Arquitectura 5 de Mayo de la Universidad Aut\u00f3noma \u201cBenito Ju\u00e1rez\u201d de Oaxaca (UABJO), fue sede del Congreso Nacional de Dise\u00f1o Arquitectura e Interiores Punto Cero \u201cEpicentro 2013\u201d organizado por el Grupo Estudiantil de Arquitectura (GEA). El director de la Facultad, Jes\u00fas Pablo Hern\u00e1ndez dijo que este [&hellip;]<\/p>\n","protected":false},"author":1,"featured_media":16280,"comment_status":"open","ping_status":"open","sticky":false,"template":"","format":"standard","meta":{"_jetpack_memberships_contains_paid_content":false,"footnotes":""},"categories":[29,18,32,10,31,84],"tags":[],"class_list":["post-16279","post","type-post","status-publish","format-standard","has-post-thumbnail","hentry","category-capital","category-educacion-y-cultura","category-entradas","category-lo-mas-reciente","category-principal","category-universidades"],"jetpack_featured_media_url":"http:\/\/www.eloriente.net\/home\/wp-content\/uploads\/2013\/09\/Arquitectura-UABJO.jpg","jetpack_sharing_enabled":true,"_links":{"self":[{"href":"http:\/\/www.eloriente.net\/home\/wp-json\/wp\/v2\/posts\/16279"}],"collection":[{"href":"http:\/\/www.eloriente.net\/home\/wp-json\/wp\/v2\/posts"}],"about":[{"href":"http:\/\/www.eloriente.net\/home\/wp-json\/wp\/v2\/types\/post"}],"author":[{"embeddable":true,"href":"http:\/\/www.eloriente.net\/home\/wp-json\/wp\/v2\/users\/1"}],"replies":[{"embeddable":true,"href":"http:\/\/www.eloriente.net\/home\/wp-json\/wp\/v2\/comments?post=16279"}],"version-history":[{"count":3,"href":"http:\/\/www.eloriente.net\/home\/wp-json\/wp\/v2\/posts\/16279\/revisions"}],"predecessor-version":[{"id":16282,"href":"http:\/\/www.eloriente.net\/home\/wp-json\/wp\/v2\/posts\/16279\/revisions\/16282"}],"wp:featuredmedia":[{"embeddable":true,"href":"http:\/\/www.eloriente.net\/home\/wp-json\/wp\/v2\/media\/16280"}],"wp:attachment":[{"href":"http:\/\/www.eloriente.net\/home\/wp-json\/wp\/v2\/media?parent=16279"}],"wp:term":[{"taxonomy":"category","embeddable":true,"href":"http:\/\/www.eloriente.net\/home\/wp-json\/wp\/v2\/categories?post=16279"},{"taxonomy":"post_tag","embeddable":true,"href":"http:\/\/www.eloriente.net\/home\/wp-json\/wp\/v2\/tags?post=16279"}],"curies":[{"name":"wp","href":"https:\/\/api.w.org\/{rel}","templated":true}]}}