{"id":16299,"date":"2013-08-07T14:12:10","date_gmt":"2013-08-07T20:12:10","guid":{"rendered":"http:\/\/www.eloriente.net\/home\/?p=16299"},"modified":"2013-09-09T09:16:46","modified_gmt":"2013-09-09T15:16:46","slug":"efectuan-jornada-academica-de-contaduria-y-administracion-en-uabjo","status":"publish","type":"post","link":"http:\/\/www.eloriente.net\/home\/2013\/08\/07\/efectuan-jornada-academica-de-contaduria-y-administracion-en-uabjo\/","title":{"rendered":"Efect\u00faan Jornada Acad\u00e9mica de Contadur\u00eda y Administraci\u00f3n en UABJO"},"content":{"rendered":"<p>eloriente.net\/UABJO<\/p>\n<p>7 de agosto de 2013<\/p>\n<p>Docentes de la Facultad de Contadur\u00eda y Administraci\u00f3n (FCA) de la Universidad Aut\u00f3noma \u201cBenito Ju\u00e1rez\u201d de Oaxaca (UABJO), participaron este martes 6 de agosto de 2013 en las instalaciones de esta instituci\u00f3n en la Jornada Acad\u00e9mica 2013.<\/p>\n<p>El objetivo de la actividad fue revisar la congruencia de los contenidos tem\u00e1ticos para de esta forma, proponer modificaciones; actualizar bibliograf\u00eda y sugerir\u00a0 referencias electr\u00f3nicas; de cara a los retos que afrontar\u00e1n durante el pr\u00f3ximo ciclo escolar.<\/p>\n<p>Durante el inicio de la Jornada, el director de la Facultad, Abel Morales Santiago conmin\u00f3 a los participantes a redoblar esfuerzos al tiempo que hac\u00eda extensivo su agradecimiento a la planta docente por el inter\u00e9s mostrado en esta actividad que coadyuvar\u00e1 a elevar la excelencia educativa en la Instituci\u00f3n.<\/p>\n<p>La Jornada fue impulsada por la Coordinaci\u00f3n General de Desarrollo Educativo, encabezada por el titular del \u00e1rea Jos\u00e9 Antonio S\u00e1nchez Cort\u00e9s; as\u00ed mismo, por la responsable del \u00e1rea de Fortalecimiento Magisterial y de Academias, Delia A. Monzoy V\u00e1squez.<\/p>\n<p><a href=\"http:\/\/www.eloriente.net\/home\/wp-content\/uploads\/2013\/09\/Jornada-Contaduri\u0301a-UABJO.jpg\"><img loading=\"lazy\" decoding=\"async\" class=\"alignnone size-large wp-image-16300\" title=\"Jornada Contaduri\u0301a UABJO\" src=\"http:\/\/www.eloriente.net\/home\/wp-content\/uploads\/2013\/09\/Jornada-Contaduri\u0301a-UABJO-1024x529.jpg\" alt=\"\" width=\"1024\" height=\"529\" srcset=\"http:\/\/www.eloriente.net\/home\/wp-content\/uploads\/2013\/09\/Jornada-Contaduri\u0301a-UABJO-1024x529.jpg 1024w, http:\/\/www.eloriente.net\/home\/wp-content\/uploads\/2013\/09\/Jornada-Contaduri\u0301a-UABJO-300x155.jpg 300w, http:\/\/www.eloriente.net\/home\/wp-content\/uploads\/2013\/09\/Jornada-Contaduri\u0301a-UABJO.jpg 1584w\" sizes=\"(max-width: 1024px) 100vw, 1024px\" \/><\/a><\/p>\n\n\t\t\t  <div \n\t\t\t  \tclass = \"fb-comments\" \n\t\t\t  \tdata-href = \"http:\/\/www.eloriente.net\/home\/2013\/08\/07\/efectuan-jornada-academica-de-contaduria-y-administracion-en-uabjo\/\"\n\t\t\t  \tdata-numposts = \"10\"\n\t\t\t\tdata-colorscheme = \"dark\"\n\t\t\t\tdata-order-by = \"social\"\n\t\t\t\tdata-mobile=true>\n\t\t\t  <\/div>\n\t\t  <style>\n\t\t\t.fb_iframe_widget_fluid_desktop iframe {\n\t\t\t    width: 100% !important;\n\t\t\t}\n\t\t  <\/style>\n\t\t  ","protected":false},"excerpt":{"rendered":"<p>eloriente.net\/UABJO 7 de agosto de 2013 Docentes de la Facultad de Contadur\u00eda y Administraci\u00f3n (FCA) de la Universidad Aut\u00f3noma \u201cBenito Ju\u00e1rez\u201d de Oaxaca (UABJO), participaron este martes 6 de agosto de 2013 en las instalaciones de esta instituci\u00f3n en la Jornada Acad\u00e9mica 2013. El objetivo de la actividad fue revisar la congruencia de los contenidos [&hellip;]<\/p>\n","protected":false},"author":1,"featured_media":16300,"comment_status":"open","ping_status":"open","sticky":false,"template":"","format":"standard","meta":{"_jetpack_memberships_contains_paid_content":false,"footnotes":""},"categories":[18,32,10,84],"tags":[],"class_list":["post-16299","post","type-post","status-publish","format-standard","has-post-thumbnail","hentry","category-educacion-y-cultura","category-entradas","category-lo-mas-reciente","category-universidades"],"jetpack_featured_media_url":"http:\/\/www.eloriente.net\/home\/wp-content\/uploads\/2013\/09\/Jornada-Contaduri\u0301a-UABJO.jpg","jetpack_sharing_enabled":true,"_links":{"self":[{"href":"http:\/\/www.eloriente.net\/home\/wp-json\/wp\/v2\/posts\/16299"}],"collection":[{"href":"http:\/\/www.eloriente.net\/home\/wp-json\/wp\/v2\/posts"}],"about":[{"href":"http:\/\/www.eloriente.net\/home\/wp-json\/wp\/v2\/types\/post"}],"author":[{"embeddable":true,"href":"http:\/\/www.eloriente.net\/home\/wp-json\/wp\/v2\/users\/1"}],"replies":[{"embeddable":true,"href":"http:\/\/www.eloriente.net\/home\/wp-json\/wp\/v2\/comments?post=16299"}],"version-history":[{"count":2,"href":"http:\/\/www.eloriente.net\/home\/wp-json\/wp\/v2\/posts\/16299\/revisions"}],"predecessor-version":[{"id":16302,"href":"http:\/\/www.eloriente.net\/home\/wp-json\/wp\/v2\/posts\/16299\/revisions\/16302"}],"wp:featuredmedia":[{"embeddable":true,"href":"http:\/\/www.eloriente.net\/home\/wp-json\/wp\/v2\/media\/16300"}],"wp:attachment":[{"href":"http:\/\/www.eloriente.net\/home\/wp-json\/wp\/v2\/media?parent=16299"}],"wp:term":[{"taxonomy":"category","embeddable":true,"href":"http:\/\/www.eloriente.net\/home\/wp-json\/wp\/v2\/categories?post=16299"},{"taxonomy":"post_tag","embeddable":true,"href":"http:\/\/www.eloriente.net\/home\/wp-json\/wp\/v2\/tags?post=16299"}],"curies":[{"name":"wp","href":"https:\/\/api.w.org\/{rel}","templated":true}]}}