{"id":16344,"date":"2013-09-10T10:49:57","date_gmt":"2013-09-10T16:49:57","guid":{"rendered":"http:\/\/www.eloriente.net\/home\/?p=16344"},"modified":"2013-09-10T10:49:57","modified_gmt":"2013-09-10T16:49:57","slug":"video-conferencia-de-prensa-senadoresprd-sobre-reforma-hacendaria","status":"publish","type":"post","link":"http:\/\/www.eloriente.net\/home\/2013\/09\/10\/video-conferencia-de-prensa-senadoresprd-sobre-reforma-hacendaria\/","title":{"rendered":"Video: Conferencia de Prensa @senadoresPRD sobre Reforma Hacendaria"},"content":{"rendered":"<p>eloriente.net<\/p>\n<p>10 de septiembre de 2013<\/p>\n<p>eloriente.net (Oaxaca, Oax. a 10 de septiembre de 2013).- La bancada parlamentaria en el Senado de la Rep\u00fablica del Partido de la Revoluci\u00f3n Democr\u00e1tica brind\u00f3 una conferencia de prensa para determinar su posicionamiento ante la Reforma Hacendaria propuesta por el Presidente de M\u00e9xico, Enrique Pe\u00f1a Nieto.<\/p>\n<p>Destaca la declaraci\u00f3n de que \u00abhoy por hoy contar con mayor presupuesto no es garant\u00eda de tener mejores resultados\u00bb. Adicionalmente, el coordinador de los senadores, Miguel Barbosa, dijo: \u00abRechazamos cualquier intento de canje entre esta Reforma Hacendaria a cambio de la Reforma Energ\u00e9tica&#8230; que se separen los temas\u00bb.<\/p>\n<p>En la conferencia de prensa estuvieron, entre otros representantes, el coordinador citado, Dolores Padierna, Mario Delgado, Benjam\u00edn Robles, Armando R\u00edo Piter, entre otros.<\/p>\n<p>A continuaci\u00f3n el video \u00edntegro:<br \/>\n<object id=\"clip_embed_player_flash\" width=\"400\" height=\"300\" classid=\"clsid:d27cdb6e-ae6d-11cf-96b8-444553540000\" codebase=\"http:\/\/download.macromedia.com\/pub\/shockwave\/cabs\/flash\/swflash.cab#version=6,0,40,0\" bgcolor=\"#000000\"><param name=\"allowScriptAccess\" value=\"always\" \/><param name=\"allowNetworking\" value=\"all\" \/><param name=\"allowFullScreen\" value=\"true\" \/><param name=\"flashvars\" value=\"auto_play=false&amp;start_volume=25&amp;title=Title&amp;channel=senadoresprd&amp;archive_id=459357114\" \/><param name=\"src\" value=\"http:\/\/www-cdn.justin.tv\/widgets\/archive_embed_player.swf\" \/><\/object><br \/>\n<a class=\"trk\" style=\"padding: 2px 0px 4px; display: block; width: 320px; font-weight: normal; font-size: 10px; text-decoration: underline; text-align: center;\" href=\"http:\/\/www.justin.tv\/senadoresprd#r=-rid-&amp;s=em\">Watch live video from Senadores PRD on Justin.tv<\/a><\/p>\n\n\t\t\t  <div \n\t\t\t  \tclass = \"fb-comments\" \n\t\t\t  \tdata-href = \"http:\/\/www.eloriente.net\/home\/2013\/09\/10\/video-conferencia-de-prensa-senadoresprd-sobre-reforma-hacendaria\/\"\n\t\t\t  \tdata-numposts = \"10\"\n\t\t\t\tdata-colorscheme = \"dark\"\n\t\t\t\tdata-order-by = \"social\"\n\t\t\t\tdata-mobile=true>\n\t\t\t  <\/div>\n\t\t  <style>\n\t\t\t.fb_iframe_widget_fluid_desktop iframe {\n\t\t\t    width: 100% !important;\n\t\t\t}\n\t\t  <\/style>\n\t\t  ","protected":false},"excerpt":{"rendered":"<p>eloriente.net 10 de septiembre de 2013 eloriente.net (Oaxaca, Oax. a 10 de septiembre de 2013).- La bancada parlamentaria en el Senado de la Rep\u00fablica del Partido de la Revoluci\u00f3n Democr\u00e1tica brind\u00f3 una conferencia de prensa para determinar su posicionamiento ante la Reforma Hacendaria propuesta por el Presidente de M\u00e9xico, Enrique Pe\u00f1a Nieto. Destaca la declaraci\u00f3n [&hellip;]<\/p>\n","protected":false},"author":1,"featured_media":0,"comment_status":"open","ping_status":"open","sticky":false,"template":"","format":"standard","meta":{"_jetpack_memberships_contains_paid_content":false,"footnotes":""},"categories":[6,32,13,24,21],"tags":[],"class_list":["post-16344","post","type-post","status-publish","format-standard","hentry","category-canal-4-especiales","category-entradas","category-especiales","category-mexico-y-el-mundo","category-politica-y-gobierno"],"jetpack_featured_media_url":"","jetpack_sharing_enabled":true,"_links":{"self":[{"href":"http:\/\/www.eloriente.net\/home\/wp-json\/wp\/v2\/posts\/16344"}],"collection":[{"href":"http:\/\/www.eloriente.net\/home\/wp-json\/wp\/v2\/posts"}],"about":[{"href":"http:\/\/www.eloriente.net\/home\/wp-json\/wp\/v2\/types\/post"}],"author":[{"embeddable":true,"href":"http:\/\/www.eloriente.net\/home\/wp-json\/wp\/v2\/users\/1"}],"replies":[{"embeddable":true,"href":"http:\/\/www.eloriente.net\/home\/wp-json\/wp\/v2\/comments?post=16344"}],"version-history":[{"count":2,"href":"http:\/\/www.eloriente.net\/home\/wp-json\/wp\/v2\/posts\/16344\/revisions"}],"predecessor-version":[{"id":16346,"href":"http:\/\/www.eloriente.net\/home\/wp-json\/wp\/v2\/posts\/16344\/revisions\/16346"}],"wp:attachment":[{"href":"http:\/\/www.eloriente.net\/home\/wp-json\/wp\/v2\/media?parent=16344"}],"wp:term":[{"taxonomy":"category","embeddable":true,"href":"http:\/\/www.eloriente.net\/home\/wp-json\/wp\/v2\/categories?post=16344"},{"taxonomy":"post_tag","embeddable":true,"href":"http:\/\/www.eloriente.net\/home\/wp-json\/wp\/v2\/tags?post=16344"}],"curies":[{"name":"wp","href":"https:\/\/api.w.org\/{rel}","templated":true}]}}