{"id":16348,"date":"2013-09-10T23:59:12","date_gmt":"2013-09-11T05:59:12","guid":{"rendered":"http:\/\/www.eloriente.net\/home\/?p=16348"},"modified":"2013-09-11T05:39:06","modified_gmt":"2013-09-11T11:39:06","slug":"en-construccion-indicadores-para-un-juicio-justo-lagunas","status":"publish","type":"post","link":"http:\/\/www.eloriente.net\/home\/2013\/09\/10\/en-construccion-indicadores-para-un-juicio-justo-lagunas\/","title":{"rendered":"En construcci\u00f3n, indicadores para un juicio justo: Lagunas"},"content":{"rendered":"<p>eloriente.net\/<a href=\"http:\/\/www.tribunaloax.gob.mx\/\" target=\"_blank\">Tribunal Superior de Justicia de Oaxaca<\/a><\/p>\n<p>10 de septiembre de 2013<\/p>\n<ul>\n<li>En la firma del Acuerdo Estatal \u201cPor una Vida Libre de Violencia contralas Mujeres, Ni\u00f1as y Adolescentes\u201d, el titular del Poder Judicial se\u00f1al\u00f3 que hay que cambiar\u00a0inercias que obstaculizan el acceso y ejercicio de las garant\u00edas individuales de este sector.<\/li>\n<\/ul>\n<p>Luego de reconocer que M\u00e9xico enfrenta a una profunda debilidad social e igualitaria de la que Oaxaca\u00a0\u00a0no es la excepci\u00f3n, el presidente del Tribunal Superior de Justicia del Estado, magistrado Alfredo Lagunas Rivera afirm\u00f3 que es urgente revertir la\u00a0situaci\u00f3n jur\u00eddica, estructural, social y pol\u00edtica de los grupos vulnerables como son las mujeres.<\/p>\n<p>Asever\u00f3 que el Poder Judicial, sensible a esta problem\u00e1tica, a trav\u00e9s de la ventana de la formaci\u00f3n y actualizaci\u00f3n ha empoderado del conocimiento especializado a magistrados, jueces, secretarios y actuarios, para garantizar la no discriminaci\u00f3n y su obligaci\u00f3n de respetar y hacer respetar los derechos de la ciudadan\u00eda.<\/p>\n<p>\u201cEstamos elevando nuestra responsabilidad, no de refundar los derechos de las mujeres, sino de reconocer sus diferencias, como valores protegibles para construir una sociedad m\u00e1s igualitaria y desterrar de nuestra cultura, los actos de discriminaci\u00f3n y violencia de los que han sido objeto\u201d, enfatiz\u00f3.<\/p>\n<p>Este martes, el titular del Poder Judicial firm\u00f3 junto con el gobernador del Estado, Gabino Cu\u00e9 Monteagudo y el presidente de la Coordinaci\u00f3n Pol\u00edtica de la Sexag\u00e9sima Primera Legislatura local, diputado Emanuel Alejandro L\u00f3pez Jarqu\u00edn, el Acuerdo Estatal \u201cPor una Vida Libre de Violencia contra\u00a0las Mujeres, Ni\u00f1as y Adolescentes\u201d.<\/p>\n<p>En el acto, efectuado en el Jard\u00edn Etnobot\u00e1nico, el magistrado Lagunas Rivera expres\u00f3 que el Poder Judicial se adhiere a este compromiso por convicci\u00f3n y\u00a0\u00a0reconoci\u00f3\u00a0la voluntad\u00a0\u00a0de\u00a0\u00a0los\u00a0\u00a0poderes Ejecutivo y Legislativo, instituciones y sociedad\u00a0en el marco de sus atribuciones y \u00e9tica c\u00edvica, a formular una versi\u00f3n contempor\u00e1nea de los derechos humanos, que se caracterice por asimilar la denuncia e inclusi\u00f3n de la ciudadan\u00eda.<\/p>\n<p>Ante la\u00a0representante en M\u00e9xico de la ONU Mujeres,\u00a0Ana G\u00fcezmes Garc\u00eda y\u00a0la directora del\u00a0Instituto de la Mujer Oaxaque\u00f1a (IMO),\u00a0Anabel L\u00f3pez S\u00e1nchez, subray\u00f3\u00a0que en alianza con la Oficina en M\u00e9xico del Alto Comisionado en materia de derechos humanos, se encuentran en proceso de construcci\u00f3n los indicadores para un juicio justo; y as\u00ed revertir las conductas que obstaculizan el acceso de los derechos en la administraci\u00f3n de justicia.<\/p>\n<p>Asimismo, reiter\u00f3 el compromiso del Poder Judicial con la protecci\u00f3n de los derechos de las mujeres a trav\u00e9s de pol\u00edticas p\u00fablicas instrumentadas desde hace m\u00e1s de dos a\u00f1os a fin de\u00a0cambiar las inercias que obstaculizan el acceso y ejercicio de sus garant\u00edas individuales.<\/p>\n<p>Por su parte, G\u00fcezmes Garc\u00eda coincidi\u00f3 con el presidente del Tribunal Superior de Justicia\u00a0en la necesidad de evaluar los programas y servicios de acceso a la justicia con el fin de mejorar los indicadores en materia de derechos fundamentales, pues\u00a0manifest\u00f3 que la violencia contra las mujeres, \u201ces violencia contra la sociedad y atenta en la convivencia democr\u00e1tica\u201d.<\/p>\n<p>Cabe se\u00f1alar que trav\u00e9s del Acuerdo Estatal se impulsar\u00e1 la creaci\u00f3n del Centro de Reeducaci\u00f3n para hombres que ejercen Violencia de G\u00e9nero, el Banco Estatal de Datos e Informaci\u00f3n sobre Casos de Violencia, as\u00ed como el desarrollo de protocolos de protecci\u00f3n a las mujeres v\u00edctimas de violencia.<\/p>\n<p>Adem\u00e1s de los representantes de los Tres Poderes del Estado, atestiguaron la firma del\u00a0\u00a0convenio organismos aut\u00f3nomos del estado, instituciones acad\u00e9micas, civiles y sindicales, adem\u00e1s del sector empresarial.<\/p>\n<p><a href=\"http:\/\/www.eloriente.net\/home\/wp-content\/uploads\/2013\/09\/Firma-convenio-mujeres-TSJEO.jpg\"><img loading=\"lazy\" decoding=\"async\" class=\"alignnone  wp-image-16349\" title=\"Firma convenio mujeres TSJEO\" src=\"http:\/\/www.eloriente.net\/home\/wp-content\/uploads\/2013\/09\/Firma-convenio-mujeres-TSJEO-1024x682.jpg\" alt=\"\" width=\"430\" height=\"286\" srcset=\"http:\/\/www.eloriente.net\/home\/wp-content\/uploads\/2013\/09\/Firma-convenio-mujeres-TSJEO-1024x682.jpg 1024w, http:\/\/www.eloriente.net\/home\/wp-content\/uploads\/2013\/09\/Firma-convenio-mujeres-TSJEO-300x200.jpg 300w\" sizes=\"(max-width: 430px) 100vw, 430px\" \/><\/a><\/p>\n<p>Foto: TSJEO<\/p>\n<p>&nbsp;<\/p>\n<p><strong>Otras notas relacionadas:<\/strong><\/p>\n<p><a title=\"Permalink to Casa de Cultura Jur\u00eddica en Chetumal avanza destacado programa acad\u00e9mico\" href=\"http:\/\/www.eloriente.net\/home\/2013\/09\/06\/casa-de-cultura-juridica-en-chetumal-avanza-destacado-programa-academico\/\" rel=\"bookmark\">Casa de Cultura Jur\u00eddica en Chetumal avanza destacado programa acad\u00e9mico<\/a><\/p>\n<p><a href=\"http:\/\/www.eloriente.net\/home\/2013\/09\/06\/casa-de-cultura-juridica-en-chetumal-avanza-destacado-programa-academico\/\" rel=\"bookmark\"><img decoding=\"async\" title=\"Casa de Cultura Jur\u00eddica en Chetumal avanza destacado programa acad\u00e9mico\" src=\"http:\/\/www.eloriente.net\/home\/wp-content\/themes\/city-desk\/timthumb.php?src=http%3A%2F%2Fwww.eloriente.net%2Fhome%2Fwp-content%2Fuploads%2F2013%2F09%2FAlgunos-derechos-reservados-por-eutrophicationhypoxia-.jpg&amp;q=90&amp;w=160&amp;h=106&amp;zc=1\" alt=\"Casa de Cultura Jur\u00eddica en Chetumal avanza destacado programa acad\u00e9mico\" \/><\/a><\/p>\n<p>eloriente.net 5 de septiembre de 2013 eloriente.net (Oaxaca, Oax. a 5 de septiembre de 2013).- Con un cuatrimestre final de 2013 que contempla seminarios, conferencias magistrales y talleres, la Casa de la Cultura Jur\u00eddica de Chetumal abre un \u00e1rea de oportunidad para la formaci\u00f3n jur\u00eddica en la regi\u00f3n peninsular de M\u00e9xico. La directora de esta [&#8230;]<\/p>\n<p>September 6, 2013<\/p>\n<div id=\"post-16115\">\n<p><a title=\"Permalink to Genoveva Javier, recibi\u00f3 Premio al M\u00e9rito Judicial en Oaxaca\" href=\"http:\/\/www.eloriente.net\/home\/2013\/08\/31\/genoveva-javier-recibio-premio-al-merito-judicial-en-oaxaca\/\" rel=\"bookmark\">Genoveva Javier, recibi\u00f3 Premio al M\u00e9rito Judicial en Oaxaca<\/a><\/p>\n<p><a href=\"http:\/\/www.eloriente.net\/home\/2013\/08\/31\/genoveva-javier-recibio-premio-al-merito-judicial-en-oaxaca\/\" rel=\"bookmark\"><img decoding=\"async\" title=\"Genoveva Javier, recibi\u00f3 Premio al M\u00e9rito Judicial en Oaxaca\" src=\"http:\/\/www.eloriente.net\/home\/wp-content\/themes\/city-desk\/timthumb.php?src=http%3A%2F%2Fwww.eloriente.net%2Fhome%2Fwp-content%2Fuploads%2F2013%2F08%2Fjuez-genoveva2-1.jpg&amp;q=90&amp;w=160&amp;h=106&amp;zc=1\" alt=\"Genoveva Javier, recibi\u00f3 Premio al M\u00e9rito Judicial en Oaxaca\" \/><\/a>eloriente.net \/ TSJEO 31 de agosto de 2013 \u00a0 \u00a0\u00a0Recientemente, la responsable del Juzgado Cuarto Civil del Centro, recibi\u00f3 el premio al M\u00e9rito Judicial por su destacada trayectoria Con 19 a\u00f1os de trayectoria como abogada dentro del Poder Judicial, la juez Cuarto Civil del Centro, Genoveva Dulce Javier Agust\u00edn, es considerada como un elemento valioso [&#8230;]<\/p>\n<p>August 31, 2013<\/p>\n<\/div>\n\n\t\t\t  <div \n\t\t\t  \tclass = \"fb-comments\" \n\t\t\t  \tdata-href = \"http:\/\/www.eloriente.net\/home\/2013\/09\/10\/en-construccion-indicadores-para-un-juicio-justo-lagunas\/\"\n\t\t\t  \tdata-numposts = \"10\"\n\t\t\t\tdata-colorscheme = \"dark\"\n\t\t\t\tdata-order-by = \"social\"\n\t\t\t\tdata-mobile=true>\n\t\t\t  <\/div>\n\t\t  <style>\n\t\t\t.fb_iframe_widget_fluid_desktop iframe {\n\t\t\t    width: 100% !important;\n\t\t\t}\n\t\t  <\/style>\n\t\t  ","protected":false},"excerpt":{"rendered":"<p>eloriente.net\/Tribunal Superior de Justicia de Oaxaca 10 de septiembre de 2013 En la firma del Acuerdo Estatal \u201cPor una Vida Libre de Violencia contralas Mujeres, Ni\u00f1as y Adolescentes\u201d, el titular del Poder Judicial se\u00f1al\u00f3 que hay que cambiar\u00a0inercias que obstaculizan el acceso y ejercicio de las garant\u00edas individuales de este sector. Luego de reconocer que [&hellip;]<\/p>\n","protected":false},"author":1,"featured_media":16349,"comment_status":"open","ping_status":"open","sticky":false,"template":"","format":"standard","meta":{"_jetpack_memberships_contains_paid_content":false,"footnotes":""},"categories":[22,32,13],"tags":[],"class_list":["post-16348","post","type-post","status-publish","format-standard","has-post-thumbnail","hentry","category-derechos-humanos","category-entradas","category-especiales"],"jetpack_featured_media_url":"http:\/\/www.eloriente.net\/home\/wp-content\/uploads\/2013\/09\/Firma-convenio-mujeres-TSJEO.jpg","jetpack_sharing_enabled":true,"_links":{"self":[{"href":"http:\/\/www.eloriente.net\/home\/wp-json\/wp\/v2\/posts\/16348"}],"collection":[{"href":"http:\/\/www.eloriente.net\/home\/wp-json\/wp\/v2\/posts"}],"about":[{"href":"http:\/\/www.eloriente.net\/home\/wp-json\/wp\/v2\/types\/post"}],"author":[{"embeddable":true,"href":"http:\/\/www.eloriente.net\/home\/wp-json\/wp\/v2\/users\/1"}],"replies":[{"embeddable":true,"href":"http:\/\/www.eloriente.net\/home\/wp-json\/wp\/v2\/comments?post=16348"}],"version-history":[{"count":3,"href":"http:\/\/www.eloriente.net\/home\/wp-json\/wp\/v2\/posts\/16348\/revisions"}],"predecessor-version":[{"id":16352,"href":"http:\/\/www.eloriente.net\/home\/wp-json\/wp\/v2\/posts\/16348\/revisions\/16352"}],"wp:featuredmedia":[{"embeddable":true,"href":"http:\/\/www.eloriente.net\/home\/wp-json\/wp\/v2\/media\/16349"}],"wp:attachment":[{"href":"http:\/\/www.eloriente.net\/home\/wp-json\/wp\/v2\/media?parent=16348"}],"wp:term":[{"taxonomy":"category","embeddable":true,"href":"http:\/\/www.eloriente.net\/home\/wp-json\/wp\/v2\/categories?post=16348"},{"taxonomy":"post_tag","embeddable":true,"href":"http:\/\/www.eloriente.net\/home\/wp-json\/wp\/v2\/tags?post=16348"}],"curies":[{"name":"wp","href":"https:\/\/api.w.org\/{rel}","templated":true}]}}