{"id":16358,"date":"2013-09-11T06:45:43","date_gmt":"2013-09-11T12:45:43","guid":{"rendered":"http:\/\/www.eloriente.net\/home\/?p=16358"},"modified":"2013-09-11T06:45:44","modified_gmt":"2013-09-11T12:45:44","slug":"everardo-hugo-hernandez-diputado-local-es-ejecutado-en-oaxaca","status":"publish","type":"post","link":"http:\/\/www.eloriente.net\/home\/2013\/09\/11\/everardo-hugo-hernandez-diputado-local-es-ejecutado-en-oaxaca\/","title":{"rendered":"Everardo Hugo Hern\u00e1ndez, diputado local, es ejecutado en Oaxaca"},"content":{"rendered":"<p>eloriente.net<\/p>\n<p>11 de septiembre de 2013<\/p>\n<p>eloriente.net (Oaxaca, Oax. a 11 de septiembre de 2013).- Everardo Hugo Hern\u00e1ndez Guzm\u00e1n, diputado local por la LXI Legislatura, fue abatido anoche en Xoxocotl\u00e1n de dos disparos, mientras cenaba en una taquer\u00eda de la localidad.<\/p>\n<p>El fallecido representante de mayor\u00eda relativa por el Distrito XII de Putla Villa de Guerrero y adem\u00e1s Presidente Municipal Electo por San Andr\u00e9s Cabecera Nueva, de acuerdo a datos preliminares, terminaba se hacer su pedido cuando de un taxi descendieron uno o dos hombres (las versiones var\u00edan) que identificaron por su nombre al diputado e inmediatamente dispararon.<\/p>\n<p>Los sujetos habr\u00edan huido en el taxi en que llegaron, mientras se solicit\u00f3 el auxilio respectivo.<\/p>\n<p>El diputado fue trasladado al Hospital \u00abDoctor Aurelio Valdivieso\u00bb donde finalmente falleci\u00f3.<\/p>\n<p>La Procuradur\u00eda General de Justicia del Estado inici\u00f3 las indagatorias respectivas, en las inmediaciones de la taquer\u00eda \u00abDon Mario\u00bb, lugar del atentado, ubicada en la Calle Juan de la Barrera en dicho Municipio.<\/p>\n<p>El fallecido diputado <a href=\"http:\/\/www.congresooaxaca.gob.mx\/lxi\/diputados\/d_d12.html\" target=\"_blank\">naci\u00f3 el 1 de abril de 1960<\/a>, fue Presidente Municipal para el periodo 1996-1998 de Putla Villa de Guerrero por el Partido de la Revoluci\u00f3n Democr\u00e1tica; catedr\u00e1tico normalista, actualmente en la Escuela Normal Superior de Oaxaca y, en la d\u00e9cada de los ochenta, profesor de educaci\u00f3n primaria.<\/p>\n<p>Licenciado en historia y candidato a maestro en educaci\u00f3n, integraba las comisiones de Educaci\u00f3n P\u00fablica, Desarrollo Social, Pesca y Administraci\u00f3n P\u00fablica en la LXI Legislatura Local.<\/p>\n<p><a href=\"http:\/\/www.eloriente.net\/home\/wp-content\/uploads\/2013\/09\/Diputado-Everardo-Hugo-Hern\u00e1ndez-@Congreso61.jpg\"><img loading=\"lazy\" decoding=\"async\" class=\"alignnone size-full wp-image-16360\" title=\"SONY DSC\" src=\"http:\/\/www.eloriente.net\/home\/wp-content\/uploads\/2013\/09\/Diputado-Everardo-Hugo-Hern\u00e1ndez-@Congreso61.jpg\" alt=\"\" width=\"170\" height=\"256\" \/><\/a><\/p>\n<p>Foto: Congreso de Oaxaca<\/p>\n<p>&nbsp;<\/p>\n\n\t\t\t  <div \n\t\t\t  \tclass = \"fb-comments\" \n\t\t\t  \tdata-href = \"http:\/\/www.eloriente.net\/home\/2013\/09\/11\/everardo-hugo-hernandez-diputado-local-es-ejecutado-en-oaxaca\/\"\n\t\t\t  \tdata-numposts = \"10\"\n\t\t\t\tdata-colorscheme = \"dark\"\n\t\t\t\tdata-order-by = \"social\"\n\t\t\t\tdata-mobile=true>\n\t\t\t  <\/div>\n\t\t  <style>\n\t\t\t.fb_iframe_widget_fluid_desktop iframe {\n\t\t\t    width: 100% !important;\n\t\t\t}\n\t\t  <\/style>\n\t\t  ","protected":false},"excerpt":{"rendered":"<p>eloriente.net 11 de septiembre de 2013 eloriente.net (Oaxaca, Oax. a 11 de septiembre de 2013).- Everardo Hugo Hern\u00e1ndez Guzm\u00e1n, diputado local por la LXI Legislatura, fue abatido anoche en Xoxocotl\u00e1n de dos disparos, mientras cenaba en una taquer\u00eda de la localidad. El fallecido representante de mayor\u00eda relativa por el Distrito XII de Putla Villa de [&hellip;]<\/p>\n","protected":false},"author":1,"featured_media":16359,"comment_status":"open","ping_status":"open","sticky":false,"template":"","format":"standard","meta":{"_jetpack_memberships_contains_paid_content":false,"footnotes":""},"categories":[32,63,10,23,21,31],"tags":[],"class_list":["post-16358","post","type-post","status-publish","format-standard","has-post-thumbnail","hentry","category-entradas","category-estados","category-lo-mas-reciente","category-municipios","category-politica-y-gobierno","category-principal"],"jetpack_featured_media_url":"http:\/\/www.eloriente.net\/home\/wp-content\/uploads\/2013\/09\/Pleno-congresooaxaca.gob_.mx_.jpg","jetpack_sharing_enabled":true,"_links":{"self":[{"href":"http:\/\/www.eloriente.net\/home\/wp-json\/wp\/v2\/posts\/16358"}],"collection":[{"href":"http:\/\/www.eloriente.net\/home\/wp-json\/wp\/v2\/posts"}],"about":[{"href":"http:\/\/www.eloriente.net\/home\/wp-json\/wp\/v2\/types\/post"}],"author":[{"embeddable":true,"href":"http:\/\/www.eloriente.net\/home\/wp-json\/wp\/v2\/users\/1"}],"replies":[{"embeddable":true,"href":"http:\/\/www.eloriente.net\/home\/wp-json\/wp\/v2\/comments?post=16358"}],"version-history":[{"count":1,"href":"http:\/\/www.eloriente.net\/home\/wp-json\/wp\/v2\/posts\/16358\/revisions"}],"predecessor-version":[{"id":16361,"href":"http:\/\/www.eloriente.net\/home\/wp-json\/wp\/v2\/posts\/16358\/revisions\/16361"}],"wp:featuredmedia":[{"embeddable":true,"href":"http:\/\/www.eloriente.net\/home\/wp-json\/wp\/v2\/media\/16359"}],"wp:attachment":[{"href":"http:\/\/www.eloriente.net\/home\/wp-json\/wp\/v2\/media?parent=16358"}],"wp:term":[{"taxonomy":"category","embeddable":true,"href":"http:\/\/www.eloriente.net\/home\/wp-json\/wp\/v2\/categories?post=16358"},{"taxonomy":"post_tag","embeddable":true,"href":"http:\/\/www.eloriente.net\/home\/wp-json\/wp\/v2\/tags?post=16358"}],"curies":[{"name":"wp","href":"https:\/\/api.w.org\/{rel}","templated":true}]}}