{"id":16362,"date":"2013-09-11T12:05:19","date_gmt":"2013-09-11T18:05:19","guid":{"rendered":"http:\/\/www.eloriente.net\/home\/?p=16362"},"modified":"2013-09-11T12:46:43","modified_gmt":"2013-09-11T18:46:43","slug":"12sep13-1900-conferencia-el-espacio-publico-en-la-construccion-del-bien-comun","status":"publish","type":"post","link":"http:\/\/www.eloriente.net\/home\/2013\/09\/11\/12sep13-1900-conferencia-el-espacio-publico-en-la-construccion-del-bien-comun\/","title":{"rendered":"12\/Sep\/13 19:00 Conferencia El Espacio P\u00fablico en la construcci\u00f3n del Bien Com\u00fan"},"content":{"rendered":"<p>todooaxacaradio.com\/Fundaci\u00f3n Harp Hel\u00fa<\/p>\n<p>11 de septiembre de 2013<\/p>\n<p><span style=\"font-family: verdana,sans-serif;\">La Fundaci\u00f3n Alfredo Harp Hel\u00fa Oaxaca (FAHHO), A.C., a trav\u00e9s de la Casa de la Ciudad, invita a la conferencia \u201cEl papel del espacio p\u00fablico en la construcci\u00f3n del bien com\u00fan\u201d<em>\u00a0<\/em>impartida por la doctora Ana Paula Ballina, en el marco del Tercer Seminario de Urbanismo\u00a0<em>Aprendiendo a observar el espacio p\u00fablico<strong><\/strong><\/em> que comienza este mes.<\/span><\/p>\n<p>Durante la conferencia, la doctora Ballina hablar\u00e1 sobre la relevancia que los espacios p\u00fablicos \u00a0poseen en las zonas urbanas, ya que se presentan como \u00e1mbitos propicios para la construcci\u00f3n del bien com\u00fan; son lugares de\u00a0 encuentro, de\u00a0 identificaci\u00f3n y pertenencia a diversas escalas: calle, barrio, regi\u00f3n y ciudad. A trav\u00e9s del tiempo, de sus historias, usos y h\u00e1bitos sociales, el espacio p\u00fablico genera sentimientos y significados\u00a0indispensables en el reconocimiento subjetivo que el hombre realiza de su entorno f\u00edsico, pero el espacio colectivo es tambi\u00e9n un veh\u00edculo de objetivaci\u00f3n social de dichos significados, es decir, un referente que nos permite pertenecer colectivamente a algo m\u00e1s all\u00e1 de nuestra propia subjetividad.<\/p>\n<p><span style=\"font-family: verdana,sans-serif;\"><br \/>\nLa\u00a0\u00a0 necesidad\u00a0\u00a0 de\u00a0\u00a0 completar\u00a0\u00a0 estos\u00a0 procesos\u00a0 se\u00a0 hace\u00a0 evidente\u00a0 en\u00a0 sociedades\u00a0 que\u00a0 no encuentran los lugares propicios para construir elementos de identificaci\u00f3n colectiva. Por ello no podemos concebir los espacios p\u00fablicos como escenarios est\u00e1ticos o inertes, son elementos din\u00e1micos, vivos y con un potencial indispensable en los procesos colectivos de apropiaci\u00f3n\u00a0 espacial\u00a0 e\u00a0 identidad\u00a0 social\u00a0 urbana, procesos necesarios para la construcci\u00f3n del bien com\u00fan.<\/span><\/p>\n<p>Ana Paula Ballina estudi\u00f3 la licenciatura en Arquitectura y Urbanismo en la Universidad Iberoamericana. Cuenta con una Maestr\u00eda en Restauraci\u00f3n Arquitect\u00f3nica y Arqueol\u00f3gica por la Escuela Nacional de Conservaci\u00f3n, Restauraci\u00f3n y Museograf\u00eda \u201cManuel del Castillo Negrete\u201d, una Maestr\u00eda en Arquitectura por la Universidad Aut\u00f3noma de Yucat\u00e1n y un Doctorado en Arquitectura por la Universidad Aut\u00f3noma de Colima. En su vida profesional se ha desempe\u00f1ado como docente a nivel licenciatura y maestr\u00eda, as\u00ed como investigadora, Directora de la Oficina de Gesti\u00f3n de Proyectos de Restauraci\u00f3n del Patronato del Centro Hist\u00f3rico de M\u00e9rida, entre otros. Actualmente trabaja en el \u00e1rea de Proyectos de Casa de la Ciudad.<\/p>\n<p>Cu\u00e1ndo:<strong><\/strong>Jueves 12 de septiembre<br \/>\nD\u00f3nde:Casa de la Ciudad \u00a0(Porfirio D\u00edaz 115\u00a0esq. Morelos,\u00a0Centro Hist\u00f3rico, Oaxaca)<br \/>\nHora: 7:00 pm<br \/>\nEntrada libre.<\/p>\n<p><em>Fuente:<\/em>\u00a0Casa de la Ciudad<\/p>\n<p><a href=\"http:\/\/www.eloriente.net\/home\/wp-content\/uploads\/2013\/09\/Cartel-Seminario-urbano-Septiembre-web.jpg\"><img loading=\"lazy\" decoding=\"async\" class=\"alignnone size-medium wp-image-16363\" title=\"Cartel Seminario urbano Septiembre\" src=\"http:\/\/www.eloriente.net\/home\/wp-content\/uploads\/2013\/09\/Cartel-Seminario-urbano-Septiembre-web-209x300.jpg\" alt=\"\" width=\"209\" height=\"300\" srcset=\"http:\/\/www.eloriente.net\/home\/wp-content\/uploads\/2013\/09\/Cartel-Seminario-urbano-Septiembre-web-209x300.jpg 209w, http:\/\/www.eloriente.net\/home\/wp-content\/uploads\/2013\/09\/Cartel-Seminario-urbano-Septiembre-web-713x1024.jpg 713w, http:\/\/www.eloriente.net\/home\/wp-content\/uploads\/2013\/09\/Cartel-Seminario-urbano-Septiembre-web.jpg 967w\" sizes=\"(max-width: 209px) 100vw, 209px\" \/><\/a><\/p>\n\n\t\t\t  <div \n\t\t\t  \tclass = \"fb-comments\" \n\t\t\t  \tdata-href = \"http:\/\/www.eloriente.net\/home\/2013\/09\/11\/12sep13-1900-conferencia-el-espacio-publico-en-la-construccion-del-bien-comun\/\"\n\t\t\t  \tdata-numposts = \"10\"\n\t\t\t\tdata-colorscheme = \"dark\"\n\t\t\t\tdata-order-by = \"social\"\n\t\t\t\tdata-mobile=true>\n\t\t\t  <\/div>\n\t\t  <style>\n\t\t\t.fb_iframe_widget_fluid_desktop iframe {\n\t\t\t    width: 100% !important;\n\t\t\t}\n\t\t  <\/style>\n\t\t  ","protected":false},"excerpt":{"rendered":"<p>todooaxacaradio.com\/Fundaci\u00f3n Harp Hel\u00fa 11 de septiembre de 2013 La Fundaci\u00f3n Alfredo Harp Hel\u00fa Oaxaca (FAHHO), A.C., a trav\u00e9s de la Casa de la Ciudad, invita a la conferencia \u201cEl papel del espacio p\u00fablico en la construcci\u00f3n del bien com\u00fan\u201d\u00a0impartida por la doctora Ana Paula Ballina, en el marco del Tercer Seminario de Urbanismo\u00a0Aprendiendo a observar [&hellip;]<\/p>\n","protected":false},"author":1,"featured_media":16363,"comment_status":"open","ping_status":"open","sticky":false,"template":"","format":"standard","meta":{"_jetpack_memberships_contains_paid_content":false,"footnotes":""},"categories":[8,29,18,32,10],"tags":[],"class_list":["post-16362","post","type-post","status-publish","format-standard","has-post-thumbnail","hentry","category-agenda","category-capital","category-educacion-y-cultura","category-entradas","category-lo-mas-reciente"],"jetpack_featured_media_url":"http:\/\/www.eloriente.net\/home\/wp-content\/uploads\/2013\/09\/Cartel-Seminario-urbano-Septiembre-web.jpg","jetpack_sharing_enabled":true,"_links":{"self":[{"href":"http:\/\/www.eloriente.net\/home\/wp-json\/wp\/v2\/posts\/16362"}],"collection":[{"href":"http:\/\/www.eloriente.net\/home\/wp-json\/wp\/v2\/posts"}],"about":[{"href":"http:\/\/www.eloriente.net\/home\/wp-json\/wp\/v2\/types\/post"}],"author":[{"embeddable":true,"href":"http:\/\/www.eloriente.net\/home\/wp-json\/wp\/v2\/users\/1"}],"replies":[{"embeddable":true,"href":"http:\/\/www.eloriente.net\/home\/wp-json\/wp\/v2\/comments?post=16362"}],"version-history":[{"count":4,"href":"http:\/\/www.eloriente.net\/home\/wp-json\/wp\/v2\/posts\/16362\/revisions"}],"predecessor-version":[{"id":16365,"href":"http:\/\/www.eloriente.net\/home\/wp-json\/wp\/v2\/posts\/16362\/revisions\/16365"}],"wp:featuredmedia":[{"embeddable":true,"href":"http:\/\/www.eloriente.net\/home\/wp-json\/wp\/v2\/media\/16363"}],"wp:attachment":[{"href":"http:\/\/www.eloriente.net\/home\/wp-json\/wp\/v2\/media?parent=16362"}],"wp:term":[{"taxonomy":"category","embeddable":true,"href":"http:\/\/www.eloriente.net\/home\/wp-json\/wp\/v2\/categories?post=16362"},{"taxonomy":"post_tag","embeddable":true,"href":"http:\/\/www.eloriente.net\/home\/wp-json\/wp\/v2\/tags?post=16362"}],"curies":[{"name":"wp","href":"https:\/\/api.w.org\/{rel}","templated":true}]}}