{"id":16376,"date":"2013-09-12T10:03:17","date_gmt":"2013-09-12T16:03:17","guid":{"rendered":"http:\/\/www.eloriente.net\/home\/?p=16376"},"modified":"2013-09-12T10:03:17","modified_gmt":"2013-09-12T16:03:17","slug":"acuerdo-por-una-vida-libre-de-violencia-contra-las-mujeres-en-oaxaca","status":"publish","type":"post","link":"http:\/\/www.eloriente.net\/home\/2013\/09\/12\/acuerdo-por-una-vida-libre-de-violencia-contra-las-mujeres-en-oaxaca\/","title":{"rendered":"Acuerdo por una Vida Libre de Violencia contra las Mujeres en Oaxaca"},"content":{"rendered":"<p>eloriente.net<\/p>\n<p>12 de septiembre de 2013<\/p>\n<p style=\"text-align: right\">Por: Alejandra Silva Soriano<\/p>\n<p>Este martes pasado, con la participaci\u00f3n de los tres poderes del estado de Oaxaca, organizaciones de la sociedad civil, el sector empresarial, medios de comunicaci\u00f3n y partidos pol\u00edticos, el gobernador Gabino Cu\u00e9 Monteagudo \u00a0firm\u00f3 el \u00a0Acuerdo Estatal por una Vida Libre de Violencia contra las Mujeres, Ni\u00f1as y Adolescentes, con el objetivo de revertir la ola de violencia de g\u00e9nero que se ha desatado en nuestro estado.<\/p>\n<p>Este acuerdo es un instrumento que COMPROMETE la voluntad, pero sobre todo LA ACCI\u00d3N de los tres poderes del estado de Oaxaca a implementar acciones de prevenci\u00f3n, atenci\u00f3n, sanci\u00f3n, y erradicaci\u00f3n de la violencia de g\u00e9nero en todos sus \u00e1mbitos. Sin duda alguna, esto representa un paso importante para disminuir los \u00edndices de violencia de g\u00e9nero en el estado, colocado desafortunadamente dentro de los diez estados con m\u00e1s violencia en contra de las mujeres.<\/p>\n<p>Sin embargo, existe algo doblemente preocupante: Las mujeres y las ni\u00f1as con discapacidad viven situaciones dif\u00edciles no solamente por su discapacidad, sino por ser mujeres, lo que provoca que est\u00e9n m\u00e1s expuestas a la violencia por motivos de g\u00e9nero, abusos sexuales,\u00a0 abandono,\u00a0 malos tratos y explotaci\u00f3n.<\/p>\n<p>Celebro y aplaudo que se est\u00e9n tomando medidas respecto de la violencia hacia las mujeres, pero tambi\u00e9n hago un llamado a las instituciones, de todas las esferas, p\u00fablicas y privadas, para que volteen sus ojos hacia las mujeres con discapacidad, las cuales se enfrentan a dificultades mucho m\u00e1s graves en todos los \u00e1mbitos: el acceso a los servicios de salud, educaci\u00f3n, formaci\u00f3n profesional, empleo\u00a0 y una vivienda adecuada.<\/p>\n<p>Es de suma importancia que en el dise\u00f1o de programas y pol\u00edticas p\u00fablicas se reconozca que las mujeres y las ni\u00f1as con discapacidad suelen estar expuestas a un riesgo mayor, dentro y fuera del hogar, y como consecuencia la imperiosa necesidad de tomar acciones al respecto.<\/p>\n<p>Que pasen unas bonitas fiestas patrias, Dios nos bendiga mucho. Nos leemos el otro jueves.<\/p>\n\n\t\t\t  <div \n\t\t\t  \tclass = \"fb-comments\" \n\t\t\t  \tdata-href = \"http:\/\/www.eloriente.net\/home\/2013\/09\/12\/acuerdo-por-una-vida-libre-de-violencia-contra-las-mujeres-en-oaxaca\/\"\n\t\t\t  \tdata-numposts = \"10\"\n\t\t\t\tdata-colorscheme = \"dark\"\n\t\t\t\tdata-order-by = \"social\"\n\t\t\t\tdata-mobile=true>\n\t\t\t  <\/div>\n\t\t  <style>\n\t\t\t.fb_iframe_widget_fluid_desktop iframe {\n\t\t\t    width: 100% !important;\n\t\t\t}\n\t\t  <\/style>\n\t\t  ","protected":false},"excerpt":{"rendered":"<p>eloriente.net 12 de septiembre de 2013 Por: Alejandra Silva Soriano Este martes pasado, con la participaci\u00f3n de los tres poderes del estado de Oaxaca, organizaciones de la sociedad civil, el sector empresarial, medios de comunicaci\u00f3n y partidos pol\u00edticos, el gobernador Gabino Cu\u00e9 Monteagudo \u00a0firm\u00f3 el \u00a0Acuerdo Estatal por una Vida Libre de Violencia contra las [&hellip;]<\/p>\n","protected":false},"author":20,"featured_media":0,"comment_status":"open","ping_status":"open","sticky":false,"template":"","format":"standard","meta":{"_jetpack_memberships_contains_paid_content":false,"footnotes":""},"categories":[72,11,32,10],"tags":[],"class_list":["post-16376","post","type-post","status-publish","format-standard","hentry","category-alejandra-silva-soriano","category-colaboradores","category-entradas","category-lo-mas-reciente"],"jetpack_featured_media_url":"","jetpack_sharing_enabled":true,"_links":{"self":[{"href":"http:\/\/www.eloriente.net\/home\/wp-json\/wp\/v2\/posts\/16376"}],"collection":[{"href":"http:\/\/www.eloriente.net\/home\/wp-json\/wp\/v2\/posts"}],"about":[{"href":"http:\/\/www.eloriente.net\/home\/wp-json\/wp\/v2\/types\/post"}],"author":[{"embeddable":true,"href":"http:\/\/www.eloriente.net\/home\/wp-json\/wp\/v2\/users\/20"}],"replies":[{"embeddable":true,"href":"http:\/\/www.eloriente.net\/home\/wp-json\/wp\/v2\/comments?post=16376"}],"version-history":[{"count":1,"href":"http:\/\/www.eloriente.net\/home\/wp-json\/wp\/v2\/posts\/16376\/revisions"}],"predecessor-version":[{"id":16377,"href":"http:\/\/www.eloriente.net\/home\/wp-json\/wp\/v2\/posts\/16376\/revisions\/16377"}],"wp:attachment":[{"href":"http:\/\/www.eloriente.net\/home\/wp-json\/wp\/v2\/media?parent=16376"}],"wp:term":[{"taxonomy":"category","embeddable":true,"href":"http:\/\/www.eloriente.net\/home\/wp-json\/wp\/v2\/categories?post=16376"},{"taxonomy":"post_tag","embeddable":true,"href":"http:\/\/www.eloriente.net\/home\/wp-json\/wp\/v2\/tags?post=16376"}],"curies":[{"name":"wp","href":"https:\/\/api.w.org\/{rel}","templated":true}]}}