{"id":16379,"date":"2013-09-12T11:00:33","date_gmt":"2013-09-12T17:00:33","guid":{"rendered":"http:\/\/www.eloriente.net\/home\/?p=16379"},"modified":"2013-09-12T11:00:33","modified_gmt":"2013-09-12T17:00:33","slug":"oaxaca-sera-sede-del-concurso-nacional-de-textiles-2013-abren-inscripciones","status":"publish","type":"post","link":"http:\/\/www.eloriente.net\/home\/2013\/09\/12\/oaxaca-sera-sede-del-concurso-nacional-de-textiles-2013-abren-inscripciones\/","title":{"rendered":"Oaxaca ser\u00e1 sede del Concurso Nacional de Textiles 2013; abren inscripciones"},"content":{"rendered":"<p>eloriente.net \/ <a href=\"http:\/\/www.fonart.gob.mx\" target=\"_blank\">FONART<\/a><\/p>\n<p>12 de septiembre de 2013<\/p>\n<p align=\"justify\">Huipiles, blusas, posahuancos, morrales, sarapes, jorongos, guayaberas, manteles y rebozos, son algunas de las expresiones que elaboran con mucho empe\u00f1o y dedicaci\u00f3n, las manos artesanas de M\u00e9xico. Por tal motivo y como muestra del reconocimiento a esta actividad ancestral, se dieron a conocer las bases para dar inicio al PRIMER CONCURSO NACIONAL DE TEXTILES 2013.<\/p>\n<p align=\"justify\">El Fondo Nacional para el Fomento de las Artesan\u00edas en colaboraci\u00f3n con el Instituto Oaxaque\u00f1o de las Artesan\u00edas, convocan a todos los artesanos del pa\u00eds productores de art\u00edculos textiles con t\u00e9cnicas y materiales tradicionales de su regi\u00f3n, a la primera edici\u00f3n de este certamen.<\/p>\n<p align=\"justify\">El Licenciado V\u00edctor Garc\u00eda de Ochoa director de operaci\u00f3n de FONART, fue el encargado de dar a conocer la convocatoria en representaci\u00f3n de la Maestra en A.P. Liliana Romero Medina directora general del Fondo Nacional para el Fomento de las Artesan\u00edas, quien subray\u00f3, que la sede para este concurso ser\u00e1 el estado de Oaxaca, ya que cuenta con una tradici\u00f3n importante en la producci\u00f3n de textiles de diversas t\u00e9cnicas, desde el hilado de algod\u00f3n y la lana hasta el tejido de huipiles, posahuancos entre otros objetos, que forman parte de la indumentaria tradicional de las diversas regiones de este estado.<\/p>\n<p align=\"justify\">El total de premios, subray\u00f3, suman $596,000.00 pesos de los cuales $386,000.00 son aportados por el Fondo Nacional para las Artesan\u00edas y $210,000.00 por el Instituto Oaxaque\u00f1o de las Artesan\u00edas, con estas aportaciones se beneficiar\u00e1n a 47 artesanos que resulten ganadores en las seis categor\u00edas de participaci\u00f3n: Textiles de algod\u00f3n (Huipiles, quechqu\u00e9mitl, cotones, blusas, vestidos y camisas; enredos, posahuancos y fajas; manteler\u00eda, blancos, bolsas, morrales y carpetas). Textiles de Lana (Huipiles y quechqu\u00e9mitl; enredos, posahuancos y fajas; sarapes, gabanes, jorongos, chuc, rebozos, cobijas y tapetes). Textiles de Tela Industrial (blusas, huipiles y ternos; rebozos, y quechqu\u00e9mitl; camisas, cotones y guayaberas; manteler\u00eda, blancos, delantales, bolsas, morrales, carpetas y fajas). Rebozos (Incluye rebozos tejidos en telar de cintura o pedales con seda, artisela, algod\u00f3n o la combinaci\u00f3n de estos, blancos). Trajes tradicionales. Nuevos dise\u00f1os.<\/p>\n<p align=\"justify\">Se otorgar\u00e1n premios al primero, segundo y tercer lugar de cada modalidad; adem\u00e1s se entregar\u00e1n dos premios especiales, cinco menciones honor\u00edficas y un Galard\u00f3n Nacional.<\/p>\n<p align=\"justify\">La inscripci\u00f3n de las piezas se llevar\u00e1 a cabo del martes 17 de septiembre al viernes 25 de octubre de 2013 en la Ciudad de Oaxaca; del lunes 7 al viernes 18 de octubre de 2013 en la Ciudad de M\u00e9xico y del martes 17 de septiembre al viernes 18 de octubre de 2013 en los centros de registro de los dem\u00e1s Estados de la Rep\u00fablica Mexicana.<\/p>\n<p align=\"justify\">La Ceremonia de Premiaci\u00f3n se realizar\u00e1 el 22 de noviembre de 2013.<br \/>\nPor \u00faltimo, se montar\u00e1 una exposici\u00f3n-venta, con las piezas participantes en el certamen, del viernes 22 de noviembre de 2013 al viernes 14 de febrero de 2014.<\/p>\n<p align=\"justify\"><a href=\"http:\/\/www.eloriente.net\/home\/wp-content\/uploads\/2013\/09\/Atribucio\u0301n-Algunos-derechos-reservados-por-eduardo.robles-Textiles-Teotitla\u0301n.jpg\"><img loading=\"lazy\" decoding=\"async\" class=\"alignnone size-medium wp-image-16380\" title=\"Atribucio\u0301n Algunos derechos reservados por eduardo.robles Textiles Teotitla\u0301n\" src=\"http:\/\/www.eloriente.net\/home\/wp-content\/uploads\/2013\/09\/Atribucio\u0301n-Algunos-derechos-reservados-por-eduardo.robles-Textiles-Teotitla\u0301n-300x199.jpg\" alt=\"\" width=\"300\" height=\"199\" srcset=\"http:\/\/www.eloriente.net\/home\/wp-content\/uploads\/2013\/09\/Atribucio\u0301n-Algunos-derechos-reservados-por-eduardo.robles-Textiles-Teotitla\u0301n-300x199.jpg 300w, http:\/\/www.eloriente.net\/home\/wp-content\/uploads\/2013\/09\/Atribucio\u0301n-Algunos-derechos-reservados-por-eduardo.robles-Textiles-Teotitla\u0301n.jpg 1024w\" sizes=\"(max-width: 300px) 100vw, 300px\" \/><\/a><\/p>\n<p align=\"justify\">Foto:<\/p>\n<dl id=\"yui_3_7_3_3_1379005014330_355\">\n<dd id=\"yui_3_7_3_3_1379005014330_356\"><a href=\"http:\/\/creativecommons.org\/licenses\/by\/2.0\/\"><img decoding=\"async\" title=\"Atribuci\u00f3n\" src=\"http:\/\/l.yimg.com\/g\/images\/cc_icon_attribution_small.gif\" alt=\"Atribuci\u00f3n\" border=\"0\" \/><\/a> <a title=\"Attribution License\" href=\"http:\/\/creativecommons.org\/licenses\/by\/2.0\/\">Algunos derechos reservados<\/a> por <a id=\"yui_3_7_3_3_1379005014330_359\" href=\"http:\/\/www.flickr.com\/photos\/eduardorobles\/\">eduardo.robles<\/a><\/dd>\n<\/dl>\n\n\t\t\t  <div \n\t\t\t  \tclass = \"fb-comments\" \n\t\t\t  \tdata-href = \"http:\/\/www.eloriente.net\/home\/2013\/09\/12\/oaxaca-sera-sede-del-concurso-nacional-de-textiles-2013-abren-inscripciones\/\"\n\t\t\t  \tdata-numposts = \"10\"\n\t\t\t\tdata-colorscheme = \"dark\"\n\t\t\t\tdata-order-by = \"social\"\n\t\t\t\tdata-mobile=true>\n\t\t\t  <\/div>\n\t\t  <style>\n\t\t\t.fb_iframe_widget_fluid_desktop iframe {\n\t\t\t    width: 100% !important;\n\t\t\t}\n\t\t  <\/style>\n\t\t  ","protected":false},"excerpt":{"rendered":"<p>eloriente.net \/ FONART 12 de septiembre de 2013 Huipiles, blusas, posahuancos, morrales, sarapes, jorongos, guayaberas, manteles y rebozos, son algunas de las expresiones que elaboran con mucho empe\u00f1o y dedicaci\u00f3n, las manos artesanas de M\u00e9xico. Por tal motivo y como muestra del reconocimiento a esta actividad ancestral, se dieron a conocer las bases para dar [&hellip;]<\/p>\n","protected":false},"author":1,"featured_media":16380,"comment_status":"open","ping_status":"open","sticky":false,"template":"","format":"standard","meta":{"_jetpack_memberships_contains_paid_content":false,"footnotes":""},"categories":[26,18,32,10,31],"tags":[],"class_list":["post-16379","post","type-post","status-publish","format-standard","has-post-thumbnail","hentry","category-convocatorias","category-educacion-y-cultura","category-entradas","category-lo-mas-reciente","category-principal"],"jetpack_featured_media_url":"http:\/\/www.eloriente.net\/home\/wp-content\/uploads\/2013\/09\/Atribucio\u0301n-Algunos-derechos-reservados-por-eduardo.robles-Textiles-Teotitla\u0301n.jpg","jetpack_sharing_enabled":true,"_links":{"self":[{"href":"http:\/\/www.eloriente.net\/home\/wp-json\/wp\/v2\/posts\/16379"}],"collection":[{"href":"http:\/\/www.eloriente.net\/home\/wp-json\/wp\/v2\/posts"}],"about":[{"href":"http:\/\/www.eloriente.net\/home\/wp-json\/wp\/v2\/types\/post"}],"author":[{"embeddable":true,"href":"http:\/\/www.eloriente.net\/home\/wp-json\/wp\/v2\/users\/1"}],"replies":[{"embeddable":true,"href":"http:\/\/www.eloriente.net\/home\/wp-json\/wp\/v2\/comments?post=16379"}],"version-history":[{"count":2,"href":"http:\/\/www.eloriente.net\/home\/wp-json\/wp\/v2\/posts\/16379\/revisions"}],"predecessor-version":[{"id":16382,"href":"http:\/\/www.eloriente.net\/home\/wp-json\/wp\/v2\/posts\/16379\/revisions\/16382"}],"wp:featuredmedia":[{"embeddable":true,"href":"http:\/\/www.eloriente.net\/home\/wp-json\/wp\/v2\/media\/16380"}],"wp:attachment":[{"href":"http:\/\/www.eloriente.net\/home\/wp-json\/wp\/v2\/media?parent=16379"}],"wp:term":[{"taxonomy":"category","embeddable":true,"href":"http:\/\/www.eloriente.net\/home\/wp-json\/wp\/v2\/categories?post=16379"},{"taxonomy":"post_tag","embeddable":true,"href":"http:\/\/www.eloriente.net\/home\/wp-json\/wp\/v2\/tags?post=16379"}],"curies":[{"name":"wp","href":"https:\/\/api.w.org\/{rel}","templated":true}]}}