{"id":16394,"date":"2013-09-12T12:38:15","date_gmt":"2013-09-12T18:38:15","guid":{"rendered":"http:\/\/www.eloriente.net\/home\/?p=16394"},"modified":"2013-09-12T12:50:17","modified_gmt":"2013-09-12T18:50:17","slug":"escucha-a-jose-montes-amanda-castellanos-y-vladimir-garcia-en-todo-oaxaca-radio-de-10sep13","status":"publish","type":"post","link":"http:\/\/www.eloriente.net\/home\/2013\/09\/12\/escucha-a-jose-montes-amanda-castellanos-y-vladimir-garcia-en-todo-oaxaca-radio-de-10sep13\/","title":{"rendered":"Escucha a Jos\u00e9 Montes, Amanda Castellanos y Vladimir Garc\u00eda en Todo Oaxaca Radio de 10\/Sep\/13"},"content":{"rendered":"<p>todooaxacaradio.com<\/p>\n<p>11 de septiembre de 2013<\/p>\n<p>Como cada martes, a las 17:00, Todo Oaxaca Radio se transmiti\u00f3 completamente en vivo desde la Ciudad de Oaxaca de Ju\u00e1rez, a trav\u00e9s de las frecuencias abiertas 570AM y 94.9FM, y para todo el mundo a trav\u00e9s de www.todooaxacaradio.com.<\/p>\n<p>El programa es conducido por Rub\u00e9n Vasconcelos Beltr\u00e1n, Cronista de la Ciudad de Oaxaca, as\u00ed como por Guadalupe Zarza Brise\u00f1o, reconocida empresaria y representante de la sociedad civil.<\/p>\n<p><strong>Nuestros temas e invitados del 10 de septiembre de 2013<\/strong><\/p>\n<p><a href=\"http:\/\/www.todooaxacaradio.com\/wp-content\/uploads\/2013\/09\/Vladimir-Garci\u0301a-1080.jpg\"><img loading=\"lazy\" decoding=\"async\" class=\"aligncenter size-medium wp-image-13996\" title=\"Vladimir Garci\u0301a 1080\" src=\"http:\/\/www.todooaxacaradio.com\/wp-content\/uploads\/2013\/09\/Vladimir-Garci\u0301a-1080-300x200.jpg\" alt=\"\" width=\"300\" height=\"200\" \/><\/a><\/p>\n<p><strong>En primera instancia<\/strong>, presentamos a <strong>Vladimir Garc\u00eda Castillo<\/strong>, coordinador de Incuba Alcano, un centro para la pre incubaci\u00f3n, incubaci\u00f3n y post-incubaci\u00f3n de proyectos amigables con el medio ambiente, como los dedicados a la producci\u00f3n de alimentos sanos.<\/p>\n<p>Creado en base a un modelo del Instituto Polit\u00e9cnico Nacional, cuenta con una granja ecol\u00f3gica hidrop\u00f3nica, para capturar agua pluvial. Oaxaca es el segundo estado en implementar esta tecnolog\u00eda.<\/p>\n<p>La conversaci\u00f3n fue muy variada, incluyendo otros proyectos que se est\u00e1n implementando en la Ciudad de Oaxaca, para aprovechar el agua de lluvia y mejorar el medio ambiente. Para dar un dato, Garc\u00eda coment\u00f3 que Oaxaca importa m\u00e1s de 150,000 toneladas de ma\u00edz, por lo cual debemos revisar el modo en que producimos nuestros alimentos, como las t\u00e9cnicas que su proyecto est\u00e1 desarrollando.<\/p>\n<p>La granja se encuentra en Trinidad de Viguera.<\/p>\n<p>Como siempre, para m\u00e1s detalles, s\u00f3lo debes escuchar la entrevista completa, dando Play en el reproductor que est\u00e1 en la parte inferior de esta p\u00e1gina.<\/p>\n<p><strong>Minuto 22:40<\/strong><\/p>\n<p>Amanda Eugenia Castellanos Ch\u00e1zari, Regidora de Cultura del Municipio de Oaxaca de Ju\u00e1rez nos visit\u00f3 tambi\u00e9n en la cabina para comentarnos sobre un programa que se est\u00e1 implementando con motivo del mes patrio.<\/p>\n<p><a href=\"http:\/\/www.todooaxacaradio.com\/wp-content\/uploads\/2013\/09\/Amanda-Castellanos-Cha\u0301zari-1080.jpg\"><img loading=\"lazy\" decoding=\"async\" class=\"aligncenter size-medium wp-image-13997\" title=\"Amanda Castellanos Cha\u0301zari 1080\" src=\"http:\/\/www.todooaxacaradio.com\/wp-content\/uploads\/2013\/09\/Amanda-Castellanos-Cha\u0301zari-1080-300x200.jpg\" alt=\"\" width=\"300\" height=\"200\" \/><\/a><\/p>\n<p>Se trata de \u00abConoce la Historia a trav\u00e9s de los Museos\u00bb, con el objeto de que personas de todas las edades conozcan los museos de Oaxaca y se atrevan a visitarlos sin miedos ni complejos.<\/p>\n<p>Al respecto, Guadalupe Zarza coment\u00f3 que es muy necesario que los visitantes tambi\u00e9n tenga gu\u00edas y orientaci\u00f3n para entender mejor las obras y exposiciones que se presentan en los centros culturales.<\/p>\n<p>La regidora explic\u00f3 que precisamente este uno de los fines que se persiguen con el programa, pues los ciudadanos tenemos, al conocer mejor los espacios art\u00edsticos, mayor oportunidad para proponer mejoras en la gesti\u00f3n de los mismos.<\/p>\n<p>Dijo que estas actividades incluyen poes\u00eda, actividades de promoci\u00f3n y participaci\u00f3n literaria, la escenificaci\u00f3n de personajes de la historia de M\u00e9xico, entre muchas otras.<\/p>\n<p>La programaci\u00f3n completa en la voz de Amanda Castellanos en el audio del programa.<\/p>\n<p><strong>Minuto 44:30<\/strong><\/p>\n<p><a href=\"http:\/\/www.todooaxacaradio.com\/wp-content\/uploads\/2013\/09\/Jose\u0301-Montes-Nicola\u0301s-1080.jpg\"><img loading=\"lazy\" decoding=\"async\" class=\"aligncenter size-medium wp-image-13998\" title=\"Jose\u0301 Montes Nicola\u0301s 1080\" src=\"http:\/\/www.todooaxacaradio.com\/wp-content\/uploads\/2013\/09\/Jose\u0301-Montes-Nicola\u0301s-1080-300x270.jpg\" alt=\"\" width=\"300\" height=\"270\" \/><\/a><\/p>\n<p>Al aire, nada m\u00e1s ni nada menos, que el artista oaxaque\u00f1o radicado en Barcelona, Espa\u00f1a, Jos\u00e9 Montes Nicol\u00e1s, que a partir de este 13 de septiembre expondr\u00e1 en la Casa de la Cultura Oaxaque\u00f1aprograa sus obras reunidas en \u00abPolvo eres..\u00bb.<\/p>\n<p>16 pinturas y 4 esculturas ser\u00e1n expuestas en Gonz\u00e1lez Ortega 403.<\/p>\n<p>Todos los detalles en nuestro audio en vivo.<br \/>\n<iframe loading=\"lazy\" src=\"http:\/\/www.ivoox.com\/player_ek_2350325_1.html\" frameborder=\"0\" scrolling=\"no\" width=\"238\" height=\"48\"><\/iframe><\/p>\n\n\t\t\t  <div \n\t\t\t  \tclass = \"fb-comments\" \n\t\t\t  \tdata-href = \"http:\/\/www.eloriente.net\/home\/2013\/09\/12\/escucha-a-jose-montes-amanda-castellanos-y-vladimir-garcia-en-todo-oaxaca-radio-de-10sep13\/\"\n\t\t\t  \tdata-numposts = \"10\"\n\t\t\t\tdata-colorscheme = \"dark\"\n\t\t\t\tdata-order-by = \"social\"\n\t\t\t\tdata-mobile=true>\n\t\t\t  <\/div>\n\t\t  <style>\n\t\t\t.fb_iframe_widget_fluid_desktop iframe {\n\t\t\t    width: 100% !important;\n\t\t\t}\n\t\t  <\/style>\n\t\t  ","protected":false},"excerpt":{"rendered":"<p>todooaxacaradio.com 11 de septiembre de 2013 Como cada martes, a las 17:00, Todo Oaxaca Radio se transmiti\u00f3 completamente en vivo desde la Ciudad de Oaxaca de Ju\u00e1rez, a trav\u00e9s de las frecuencias abiertas 570AM y 94.9FM, y para todo el mundo a trav\u00e9s de www.todooaxacaradio.com. El programa es conducido por Rub\u00e9n Vasconcelos Beltr\u00e1n, Cronista de [&hellip;]<\/p>\n","protected":false},"author":1,"featured_media":16398,"comment_status":"open","ping_status":"open","sticky":false,"template":"","format":"standard","meta":{"_jetpack_memberships_contains_paid_content":false,"footnotes":""},"categories":[49,32,12],"tags":[],"class_list":["post-16394","post","type-post","status-publish","format-standard","has-post-thumbnail","hentry","category-destacadas","category-entradas","category-todo-oaxaca-radio"],"jetpack_featured_media_url":"http:\/\/www.eloriente.net\/home\/wp-content\/uploads\/2013\/09\/Jose\u0301-Montes-Nicola\u0301s-1080.jpg","jetpack_sharing_enabled":true,"_links":{"self":[{"href":"http:\/\/www.eloriente.net\/home\/wp-json\/wp\/v2\/posts\/16394"}],"collection":[{"href":"http:\/\/www.eloriente.net\/home\/wp-json\/wp\/v2\/posts"}],"about":[{"href":"http:\/\/www.eloriente.net\/home\/wp-json\/wp\/v2\/types\/post"}],"author":[{"embeddable":true,"href":"http:\/\/www.eloriente.net\/home\/wp-json\/wp\/v2\/users\/1"}],"replies":[{"embeddable":true,"href":"http:\/\/www.eloriente.net\/home\/wp-json\/wp\/v2\/comments?post=16394"}],"version-history":[{"count":4,"href":"http:\/\/www.eloriente.net\/home\/wp-json\/wp\/v2\/posts\/16394\/revisions"}],"predecessor-version":[{"id":16399,"href":"http:\/\/www.eloriente.net\/home\/wp-json\/wp\/v2\/posts\/16394\/revisions\/16399"}],"wp:featuredmedia":[{"embeddable":true,"href":"http:\/\/www.eloriente.net\/home\/wp-json\/wp\/v2\/media\/16398"}],"wp:attachment":[{"href":"http:\/\/www.eloriente.net\/home\/wp-json\/wp\/v2\/media?parent=16394"}],"wp:term":[{"taxonomy":"category","embeddable":true,"href":"http:\/\/www.eloriente.net\/home\/wp-json\/wp\/v2\/categories?post=16394"},{"taxonomy":"post_tag","embeddable":true,"href":"http:\/\/www.eloriente.net\/home\/wp-json\/wp\/v2\/tags?post=16394"}],"curies":[{"name":"wp","href":"https:\/\/api.w.org\/{rel}","templated":true}]}}