{"id":16408,"date":"2013-09-13T06:58:20","date_gmt":"2013-09-13T12:58:20","guid":{"rendered":"http:\/\/www.eloriente.net\/home\/?p=16408"},"modified":"2013-09-13T07:55:09","modified_gmt":"2013-09-13T13:55:09","slug":"se-intensifica-formacion-en-juicios-orales-en-oaxaca","status":"publish","type":"post","link":"http:\/\/www.eloriente.net\/home\/2013\/09\/13\/se-intensifica-formacion-en-juicios-orales-en-oaxaca\/","title":{"rendered":"Se intensifica formaci\u00f3n en &#8216;Juicios Orales&#8217; en Oaxaca"},"content":{"rendered":"<p>eloriente.net\/<a href=\"http:\/\/www.tribunaloax.gob.mx\/\" target=\"_blank\">TSJEO<\/a><\/p>\n<p>13 de septiembre de 2013<\/p>\n<p>El titular del \u00d3rgano Implementador del Sistema Acusatorio Adversarial en la entidad (OISA), maestro Jahaziel Reyes Loaeza, inform\u00f3 que se ha emprendido un permanente programa de capacitaci\u00f3n dirigido a los defensores p\u00fablicos con la finalidad de que desempe\u00f1en de manera eficiente su labor a favor de las personas que representan.<\/p>\n<p>A partir de la Reforma Constitucional que establece el nuevo modelo penal para dar certeza jur\u00eddica a las garant\u00edas individuales de los sujetos que intervienen, prevaleciendo la presunci\u00f3n de inocencia y la tramitaci\u00f3n de un debido proceso penal, es necesario que los defensores p\u00fablicos se encuentren bien preparados y a la altura de la normatividad, indic\u00f3.<\/p>\n<p>Apunt\u00f3 que en las \u00faltimas semanas se impartieron cursos avanzados de litigaci\u00f3n a profesionales del derecho de las regiones de la Mixteca, Istmo, Costa\u00a0\u00a0y Valles Centrales ya que el nuevo esquema penal implementa modificaciones radicales en las pr\u00e1cticas de los defensores p\u00fablicos.<\/p>\n<p>Asimismo explic\u00f3 que como parte de estas acciones, el pasado 15 de julio dio comienzo el Curso Inicial para Defensores P\u00fablicos que operar\u00e1n el nuevo Sistema de Justicia en Oaxaca el cual concluir\u00e1 en diciembre de este a\u00f1o y se desarrolla de lunes a viernes de 14:00 a 20:00 horas en las instalaciones de la Procuradur\u00eda para la Defensa del Ind\u00edgena (PRODI), en Ciudad Judicial.<\/p>\n<p>Por otra parte, del 1 al 26 de julio se desarroll\u00f3 en \u00a0Huajuapan de Le\u00f3n, el curso avanzado de litigaci\u00f3n para defensores p\u00fablicos del Sistema Acusatorio en la regi\u00f3n de la Mixteca y del 5 al 30 de agosto la misma capacitaci\u00f3n tuvo lugar en Santo Domingo Tehuantepec y en Puerto Escondido.<\/p>\n<p>El maestro Reyes Loaeza, apunt\u00f3 que el Sistema Acusatorio Adversarial, conocido como juicios orales, implica una adaptaci\u00f3n a la cultura jur\u00eddica y de los comportamientos de los actores involucrados, en especial de jueces, abogados, fiscales y auxiliares de la administraci\u00f3n de justicia, de ah\u00ed la importancia promover la constante capacitaci\u00f3n.<\/p>\n<p>Agreg\u00f3 que con este nuevo esquema\u00a0el defensor p\u00fablico interviene activamente desde la etapa de investigaci\u00f3n por lo que es necesario que cuenten con conocimientos actualizados en la materia, pues estos cambios del sistema penal exigen abogados con mejor preparaci\u00f3n y profesionalizaci\u00f3n sobre todo en la rama de los derechos humanos para lograr una defensa jur\u00eddica eficaz.<\/p>\n<p>Cabe se\u00f1alar que\u00a0 finales de este mes el Sistema Acusatorio Adversarial entrar\u00e1 en vigor en la Cuenca del Papaloapan y para el pr\u00f3ximo a\u00f1o en los Valles Centrales.\u00a0En la entidad, el titular del Poder Judicial, magistrado Alfredo Lagunas Rivera es quien preside el Consejo de Coordinaci\u00f3n para la implementaci\u00f3n del nuevo esquema de justicia.<\/p>\n<p><a href=\"http:\/\/www.eloriente.net\/home\/wp-content\/uploads\/2013\/09\/Balanza-Algunos-derechos-reservados-por-El-Bibliomata.jpg\"><img loading=\"lazy\" decoding=\"async\" class=\"alignnone size-medium wp-image-16409\" title=\"Balanza  Algunos derechos reservados por El Bibliomata\" src=\"http:\/\/www.eloriente.net\/home\/wp-content\/uploads\/2013\/09\/Balanza-Algunos-derechos-reservados-por-El-Bibliomata-300x178.jpg\" alt=\"\" width=\"300\" height=\"178\" srcset=\"http:\/\/www.eloriente.net\/home\/wp-content\/uploads\/2013\/09\/Balanza-Algunos-derechos-reservados-por-El-Bibliomata-300x178.jpg 300w, http:\/\/www.eloriente.net\/home\/wp-content\/uploads\/2013\/09\/Balanza-Algunos-derechos-reservados-por-El-Bibliomata-1024x610.jpg 1024w, http:\/\/www.eloriente.net\/home\/wp-content\/uploads\/2013\/09\/Balanza-Algunos-derechos-reservados-por-El-Bibliomata.jpg 1123w\" sizes=\"(max-width: 300px) 100vw, 300px\" \/><\/a><\/p>\n<p>Foto:\u00a0\u00a0<a title=\"Attribution License\" href=\"http:\/\/creativecommons.org\/licenses\/by\/2.0\/\">Algunos derechos reservados<\/a>\u00a0por\u00a0<a href=\"http:\/\/www.flickr.com\/photos\/fdctsevilla\/\">El Bibliomata<\/a><\/p>\n<p><strong>Otras entradas:<\/strong><\/p>\n<p><a title=\"Permalink to Eligen a nueva Juez de Primera Instancia en Oaxaca\" href=\"http:\/\/www.eloriente.net\/home\/2013\/09\/12\/eligen-a-nueva-juez-de-primera-instancia-en-oaxaca\/\" rel=\"bookmark\">Eligen a nueva Juez de Primera Instancia en Oaxaca<\/a><\/p>\n<p><a href=\"http:\/\/www.eloriente.net\/home\/2013\/09\/12\/eligen-a-nueva-juez-de-primera-instancia-en-oaxaca\/\" rel=\"bookmark\"><img decoding=\"async\" title=\"Eligen a nueva Juez de Primera Instancia en Oaxaca\" src=\"http:\/\/www.eloriente.net\/home\/wp-content\/themes\/city-desk\/timthumb.php?src=http%3A%2F%2Fwww.eloriente.net%2Fhome%2Fwp-content%2Fuploads%2F2013%2F09%2FSesio%CC%81n-Pleno-Consejo-Judicatura-01.jpg&amp;q=90&amp;w=160&amp;h=106&amp;zc=1\" alt=\"Eligen a nueva Juez de Primera Instancia en Oaxaca\" \/><\/a><\/p>\n<p>eloriente.net \/ TSJEO 12 de septiembre de 2013 El pleno del Consejo de la Judicatura que preside el magistrado Alfredo Lagunas Rivera, eligi\u00f3 a la abogada para ocupar el cargo de Juez de Primera Instancia en el TCA La abogada Liliana Noyola Canseco fue elegida como nueva Juez de Primera Instancia del Tribunal de lo [&#8230;]<\/p>\n<p>September 12, 2013<a title=\"Comment on Eligen a nueva Juez de Primera Instancia en Oaxaca\" href=\"http:\/\/www.eloriente.net\/home\/2013\/09\/12\/eligen-a-nueva-juez-de-primera-instancia-en-oaxaca\/#respond\">No Comment<\/a><a title=\"Permalink to Eligen a nueva Juez de Primera Instancia en Oaxaca\" href=\"http:\/\/www.eloriente.net\/home\/2013\/09\/12\/eligen-a-nueva-juez-de-primera-instancia-en-oaxaca\/\" rel=\"bookmark\">Read More<\/a><a title=\"Edit Post\" href=\"http:\/\/www.eloriente.net\/home\/wp-admin\/post.php?post=16383&amp;action=edit\">#<\/a><\/p>\n<div id=\"post-16358\">\n<p><a title=\"Permalink to Everardo Hugo Hern\u00e1ndez, diputado local, es ejecutado en Oaxaca\" href=\"http:\/\/www.eloriente.net\/home\/2013\/09\/11\/everardo-hugo-hernandez-diputado-local-es-ejecutado-en-oaxaca\/\" rel=\"bookmark\">Everardo Hugo Hern\u00e1ndez, diputado local, es ejecutado en Oaxaca<\/a><\/p>\n<p><a href=\"http:\/\/www.eloriente.net\/home\/2013\/09\/11\/everardo-hugo-hernandez-diputado-local-es-ejecutado-en-oaxaca\/\" rel=\"bookmark\"><img decoding=\"async\" title=\"Everardo Hugo Hern\u00e1ndez, diputado local, es ejecutado en Oaxaca\" src=\"http:\/\/www.eloriente.net\/home\/wp-content\/themes\/city-desk\/timthumb.php?src=http%3A%2F%2Fwww.eloriente.net%2Fhome%2Fwp-content%2Fuploads%2F2013%2F09%2FPleno-congresooaxaca.gob_.mx_.jpg&amp;q=90&amp;w=160&amp;h=106&amp;zc=1\" alt=\"Everardo Hugo Hern\u00e1ndez, diputado local, es ejecutado en Oaxaca\" \/><\/a>eloriente.net 11 de septiembre de 2013 eloriente.net (Oaxaca, Oax. a 11 de septiembre de 2013).- Everardo Hugo Hern\u00e1ndez Guzm\u00e1n, diputado local por la LXI Legislatura, fue abatido anoche en Xoxocotl\u00e1n de dos disparos, mientras cenaba en una taquer\u00eda de la localidad. El fallecido representante de mayor\u00eda relativa por el Distrito XII de Putla Villa de [&#8230;]<\/p>\n<p>September 11, 2013<a title=\"Comment on Everardo Hugo Hern\u00e1ndez, diputado local, es ejecutado en Oaxaca\" href=\"http:\/\/www.eloriente.net\/home\/2013\/09\/11\/everardo-hugo-hernandez-diputado-local-es-ejecutado-en-oaxaca\/#respond\">No Comment<\/a><a title=\"Permalink to Everardo Hugo Hern\u00e1ndez, diputado local, es ejecutado en Oaxaca\" href=\"http:\/\/www.eloriente.net\/home\/2013\/09\/11\/everardo-hugo-hernandez-diputado-local-es-ejecutado-en-oaxaca\/\" rel=\"bookmark\">Read More<\/a><a title=\"Edit Post\" href=\"http:\/\/www.eloriente.net\/home\/wp-admin\/post.php?post=16358&amp;action=edit\">#<\/a><\/p>\n<\/div>\n<div id=\"post-16348\">\n<p><a title=\"Permalink to En construcci\u00f3n, indicadores para un juicio justo: Lagunas\" href=\"http:\/\/www.eloriente.net\/home\/2013\/09\/10\/en-construccion-indicadores-para-un-juicio-justo-lagunas\/\" rel=\"bookmark\">En construcci\u00f3n, indicadores para un juicio justo: Lagunas<\/a><\/p>\n<p><a href=\"http:\/\/www.eloriente.net\/home\/2013\/09\/10\/en-construccion-indicadores-para-un-juicio-justo-lagunas\/\" rel=\"bookmark\"><img decoding=\"async\" title=\"En construcci\u00f3n, indicadores para un juicio justo: Lagunas\" src=\"http:\/\/www.eloriente.net\/home\/wp-content\/themes\/city-desk\/timthumb.php?src=http%3A%2F%2Fwww.eloriente.net%2Fhome%2Fwp-content%2Fuploads%2F2013%2F09%2FFirma-convenio-mujeres-TSJEO.jpg&amp;q=90&amp;w=160&amp;h=106&amp;zc=1\" alt=\"En construcci\u00f3n, indicadores para un juicio justo: Lagunas\" \/><\/a>eloriente.net\/Tribunal Superior de Justicia de Oaxaca 10 de septiembre de 2013 En la firma del Acuerdo Estatal \u201cPor una Vida Libre de Violencia contralas Mujeres, Ni\u00f1as y Adolescentes\u201d, el titular del Poder Judicial se\u00f1al\u00f3 que hay que cambiar\u00a0inercias que obstaculizan el acceso y ejercicio de las garant\u00edas individuales de este sector. Luego de reconocer que [&#8230;]<\/p>\n<p>September 10, 2013<\/p>\n<\/div>\n\n\t\t\t  <div \n\t\t\t  \tclass = \"fb-comments\" \n\t\t\t  \tdata-href = \"http:\/\/www.eloriente.net\/home\/2013\/09\/13\/se-intensifica-formacion-en-juicios-orales-en-oaxaca\/\"\n\t\t\t  \tdata-numposts = \"10\"\n\t\t\t\tdata-colorscheme = \"dark\"\n\t\t\t\tdata-order-by = \"social\"\n\t\t\t\tdata-mobile=true>\n\t\t\t  <\/div>\n\t\t  <style>\n\t\t\t.fb_iframe_widget_fluid_desktop iframe {\n\t\t\t    width: 100% !important;\n\t\t\t}\n\t\t  <\/style>\n\t\t  ","protected":false},"excerpt":{"rendered":"<p>eloriente.net\/TSJEO 13 de septiembre de 2013 El titular del \u00d3rgano Implementador del Sistema Acusatorio Adversarial en la entidad (OISA), maestro Jahaziel Reyes Loaeza, inform\u00f3 que se ha emprendido un permanente programa de capacitaci\u00f3n dirigido a los defensores p\u00fablicos con la finalidad de que desempe\u00f1en de manera eficiente su labor a favor de las personas que [&hellip;]<\/p>\n","protected":false},"author":1,"featured_media":16409,"comment_status":"open","ping_status":"open","sticky":false,"template":"","format":"standard","meta":{"_jetpack_memberships_contains_paid_content":false,"footnotes":""},"categories":[22,32,10,31],"tags":[],"class_list":["post-16408","post","type-post","status-publish","format-standard","has-post-thumbnail","hentry","category-derechos-humanos","category-entradas","category-lo-mas-reciente","category-principal"],"jetpack_featured_media_url":"http:\/\/www.eloriente.net\/home\/wp-content\/uploads\/2013\/09\/Balanza-Algunos-derechos-reservados-por-El-Bibliomata.jpg","jetpack_sharing_enabled":true,"_links":{"self":[{"href":"http:\/\/www.eloriente.net\/home\/wp-json\/wp\/v2\/posts\/16408"}],"collection":[{"href":"http:\/\/www.eloriente.net\/home\/wp-json\/wp\/v2\/posts"}],"about":[{"href":"http:\/\/www.eloriente.net\/home\/wp-json\/wp\/v2\/types\/post"}],"author":[{"embeddable":true,"href":"http:\/\/www.eloriente.net\/home\/wp-json\/wp\/v2\/users\/1"}],"replies":[{"embeddable":true,"href":"http:\/\/www.eloriente.net\/home\/wp-json\/wp\/v2\/comments?post=16408"}],"version-history":[{"count":3,"href":"http:\/\/www.eloriente.net\/home\/wp-json\/wp\/v2\/posts\/16408\/revisions"}],"predecessor-version":[{"id":16411,"href":"http:\/\/www.eloriente.net\/home\/wp-json\/wp\/v2\/posts\/16408\/revisions\/16411"}],"wp:featuredmedia":[{"embeddable":true,"href":"http:\/\/www.eloriente.net\/home\/wp-json\/wp\/v2\/media\/16409"}],"wp:attachment":[{"href":"http:\/\/www.eloriente.net\/home\/wp-json\/wp\/v2\/media?parent=16408"}],"wp:term":[{"taxonomy":"category","embeddable":true,"href":"http:\/\/www.eloriente.net\/home\/wp-json\/wp\/v2\/categories?post=16408"},{"taxonomy":"post_tag","embeddable":true,"href":"http:\/\/www.eloriente.net\/home\/wp-json\/wp\/v2\/tags?post=16408"}],"curies":[{"name":"wp","href":"https:\/\/api.w.org\/{rel}","templated":true}]}}