{"id":16422,"date":"2013-09-13T10:34:10","date_gmt":"2013-09-13T16:34:10","guid":{"rendered":"http:\/\/www.eloriente.net\/home\/?p=16422"},"modified":"2013-09-13T10:34:10","modified_gmt":"2013-09-13T16:34:10","slug":"nuevas-formas-de-atender-a-discapacitados-en-museos","status":"publish","type":"post","link":"http:\/\/www.eloriente.net\/home\/2013\/09\/13\/nuevas-formas-de-atender-a-discapacitados-en-museos\/","title":{"rendered":"Nuevas formas de atender a discapacitados en museos"},"content":{"rendered":"<p><a href=\"http:\/\/agencian22.blogspot.mx\" target=\"_blank\">eloriente.net\/Agencia de Noticias de Canal 22 N22<\/a><\/p>\n<p>13 de septiembre de 2013<\/p>\n<p style=\"text-align: right;\"><strong>Por Perla Vel\u00e1zquez<\/strong><\/p>\n<div><strong>CIUDAD DE M\u00c9XICO, M\u00e9xico, (N22).- <\/strong>La atenci\u00f3n a personas con discapacidades requiere de un trato especial, as\u00ed como de personal preparado para conocer tanto las limitaciones, potencialidades y caracter\u00edsticas de los visitantes. Por ello, el Museo del Templo Mayor y el Museo de Arte Popular (MAP) organizaron un curso para capacitar a sus trabajadores.<\/div>\n<div><\/div>\n<div>\u00abTiene el objetivo de que todos los que trabajamos en museos: \u00e1rea de seguridad, difusi\u00f3n y servicios educativos tengamos toda esta informaci\u00f3n importante sobre las diferentes capacidades a las que se enfrenta el hombre y c\u00f3mo poder incluir y generar programas en los museos\u00bb, coment\u00f3 para <strong>Noticias 22\u00a0<\/strong>Mar\u00eda de los \u00c1ngeles L\u00f3pez, del\u00a0MAP.<\/div>\n<div><\/div>\n<div>El curso inici\u00f3 con el concepto de discapacidad y su tipolog\u00eda, continuar\u00e1n con datos estad\u00edsticos, para dar paso a la explicaci\u00f3n del s\u00edndrome de down, el autismo y los trastornos psiqui\u00e1tricos.<\/div>\n<div><\/div>\n<div>La\u00a0responsable del \u00e1rea de servicios educativos del recinto explic\u00f3 que seguramente todos los museos y particularmente el MAP tiene una afluencia muy poca, de dos o tres grupos al mes; es decir, para esto precisamente es el curso para generar mayor n\u00famero de grupos y de personas que podamos atender en estos recintos.<\/div>\n<div><\/div>\n<div>Entre los ponentes se encuentran la Comunidad Down, la Cl\u00ednica Mexicana de Autismo y Casa Azul, quienes capacitar\u00e1n a m\u00e1s de 100 trabajadores de alrededor de 35 recintos del Centro Hist\u00f3rico.<\/div>\n<div><\/div>\n<div>\u00abEste curso pretende tener un efecto multiplicador, es decir, que las personas que asisten lo promuevan o capaciten al personal del museo: seguridad, todo el personal de custodia, personas que difunden los programas, pero sobre todo a las personas que est\u00e1n atendiendo en servicios educativos\u00bb, finaliz\u00f3 Mar\u00eda de los \u00c1ngeles L\u00f3pez.<\/div>\n<div><\/div>\n<div><em>Criterios para la atenci\u00f3n de personas con discapacidad en museos y espacios culturales <\/em>se llevar\u00e1 a cabo exclusivamente para trabajadores de recintos culturales en el Museo del Templo Mayor hasta el 13 de septiembre.<\/div>\n<div><\/div>\n<div><a href=\"http:\/\/www.eloriente.net\/home\/wp-content\/uploads\/2013\/09\/Map-n22-discapcitados-en-museos.jpg\"><img loading=\"lazy\" decoding=\"async\" class=\"alignnone size-full wp-image-16423\" title=\"Map n22 discapcitados en museos\" src=\"http:\/\/www.eloriente.net\/home\/wp-content\/uploads\/2013\/09\/Map-n22-discapcitados-en-museos.jpg\" alt=\"\" width=\"320\" height=\"181\" srcset=\"http:\/\/www.eloriente.net\/home\/wp-content\/uploads\/2013\/09\/Map-n22-discapcitados-en-museos.jpg 320w, http:\/\/www.eloriente.net\/home\/wp-content\/uploads\/2013\/09\/Map-n22-discapcitados-en-museos-300x169.jpg 300w\" sizes=\"(max-width: 320px) 100vw, 320px\" \/><\/a><\/div>\n<div><\/div>\n<div>Imagen:\u00a0http:\/\/bit.ly\/15SAO4S<\/div>\n\n\t\t\t  <div \n\t\t\t  \tclass = \"fb-comments\" \n\t\t\t  \tdata-href = \"http:\/\/www.eloriente.net\/home\/2013\/09\/13\/nuevas-formas-de-atender-a-discapacitados-en-museos\/\"\n\t\t\t  \tdata-numposts = \"10\"\n\t\t\t\tdata-colorscheme = \"dark\"\n\t\t\t\tdata-order-by = \"social\"\n\t\t\t\tdata-mobile=true>\n\t\t\t  <\/div>\n\t\t  <style>\n\t\t\t.fb_iframe_widget_fluid_desktop iframe {\n\t\t\t    width: 100% !important;\n\t\t\t}\n\t\t  <\/style>\n\t\t  ","protected":false},"excerpt":{"rendered":"<p>eloriente.net\/Agencia de Noticias de Canal 22 N22 13 de septiembre de 2013 Por Perla Vel\u00e1zquez CIUDAD DE M\u00c9XICO, M\u00e9xico, (N22).- La atenci\u00f3n a personas con discapacidades requiere de un trato especial, as\u00ed como de personal preparado para conocer tanto las limitaciones, potencialidades y caracter\u00edsticas de los visitantes. Por ello, el Museo del Templo Mayor y [&hellip;]<\/p>\n","protected":false},"author":1,"featured_media":16423,"comment_status":"open","ping_status":"open","sticky":false,"template":"","format":"standard","meta":{"_jetpack_memberships_contains_paid_content":false,"footnotes":""},"categories":[49,18,32,10],"tags":[],"class_list":["post-16422","post","type-post","status-publish","format-standard","has-post-thumbnail","hentry","category-destacadas","category-educacion-y-cultura","category-entradas","category-lo-mas-reciente"],"jetpack_featured_media_url":"http:\/\/www.eloriente.net\/home\/wp-content\/uploads\/2013\/09\/Map-n22-discapcitados-en-museos.jpg","jetpack_sharing_enabled":true,"_links":{"self":[{"href":"http:\/\/www.eloriente.net\/home\/wp-json\/wp\/v2\/posts\/16422"}],"collection":[{"href":"http:\/\/www.eloriente.net\/home\/wp-json\/wp\/v2\/posts"}],"about":[{"href":"http:\/\/www.eloriente.net\/home\/wp-json\/wp\/v2\/types\/post"}],"author":[{"embeddable":true,"href":"http:\/\/www.eloriente.net\/home\/wp-json\/wp\/v2\/users\/1"}],"replies":[{"embeddable":true,"href":"http:\/\/www.eloriente.net\/home\/wp-json\/wp\/v2\/comments?post=16422"}],"version-history":[{"count":1,"href":"http:\/\/www.eloriente.net\/home\/wp-json\/wp\/v2\/posts\/16422\/revisions"}],"predecessor-version":[{"id":16424,"href":"http:\/\/www.eloriente.net\/home\/wp-json\/wp\/v2\/posts\/16422\/revisions\/16424"}],"wp:featuredmedia":[{"embeddable":true,"href":"http:\/\/www.eloriente.net\/home\/wp-json\/wp\/v2\/media\/16423"}],"wp:attachment":[{"href":"http:\/\/www.eloriente.net\/home\/wp-json\/wp\/v2\/media?parent=16422"}],"wp:term":[{"taxonomy":"category","embeddable":true,"href":"http:\/\/www.eloriente.net\/home\/wp-json\/wp\/v2\/categories?post=16422"},{"taxonomy":"post_tag","embeddable":true,"href":"http:\/\/www.eloriente.net\/home\/wp-json\/wp\/v2\/tags?post=16422"}],"curies":[{"name":"wp","href":"https:\/\/api.w.org\/{rel}","templated":true}]}}