{"id":16467,"date":"2013-09-17T11:06:45","date_gmt":"2013-09-17T17:06:45","guid":{"rendered":"http:\/\/www.eloriente.net\/home\/?p=16467"},"modified":"2013-09-18T10:11:30","modified_gmt":"2013-09-18T16:11:30","slug":"solidaridad-en-centros-de-acopio-de-viveres-en-oaxaca","status":"publish","type":"post","link":"http:\/\/www.eloriente.net\/home\/2013\/09\/17\/solidaridad-en-centros-de-acopio-de-viveres-en-oaxaca\/","title":{"rendered":"Solidaridad en Centros de Acopio de v\u00edveres en Oaxaca"},"content":{"rendered":"<p><strong>eloriente.net<\/strong><\/p>\n<p><strong>18 de septiembre de 2013<\/strong><\/p>\n<p>Adicionalmente a los Centros de Acopio que abajo se mencionan, el DIF estatal tambi\u00e9n est\u00e1 recibiendo v\u00edveres:<\/p>\n<p>&nbsp;<\/p>\n<blockquote class=\"twitter-tweet\"><p>CENTROS DE ACOPIO: Gral. Vicente Guerrero 114 Col. Miguel Alem\u00e1n y Ju\u00e1rez 914 Col. Centro ( a un costado gasolinera DIF) 8:00 am a 5:00 pm.<\/p>\n<p>\u2014 DIF Oaxaca (@DIF_Oaxaca) <a href=\"https:\/\/twitter.com\/DIF_Oaxaca\/statuses\/380014179505041408\">September 17, 2013<\/a><\/p><\/blockquote>\n<p>&nbsp;<\/p>\n<p><strong>eloriente.net<\/strong><\/p>\n<p><strong>17 de septiembre de 2013<\/strong><\/p>\n<p>En la ciudad de M\u00e9xico, la representaci\u00f3n de Oaxaca en esa ciudad, est\u00e1 recibiendo v\u00edveres para damnificados en Oaxaca:<\/p>\n<blockquote class=\"twitter-tweet\"><p>Recibimos tu ayuda en v\u00edveres para los damnificados en la <a href=\"https:\/\/twitter.com\/search?q=%23Costa&amp;src=hash\">#Costa<\/a> <a href=\"https:\/\/twitter.com\/search?q=%23Oaxaca&amp;src=hash\">#Oaxaca<\/a> en Shakespeare 68 Col, Nueva Anzures, Tels: 55.31.40.41 55.45.73.62<\/p>\n<p>\u2014 Hugo Felix Climaco (@HugoT_Felix) <a href=\"https:\/\/twitter.com\/HugoT_Felix\/statuses\/380002574272716801\">September 17, 2013<\/a><\/p><\/blockquote>\n<p>&nbsp;<\/p>\n<p><strong>eloriente.net<\/strong><\/p>\n<p><strong>17 de septiembre de 2013<\/strong><\/p>\n<p><strong>16:08<\/strong><\/p>\n<p>La Secretaria de Salud federal, Mercedes Juan, enviada del Presidente Pe\u00f1a afirma:<\/p>\n<blockquote class=\"twitter-tweet\"><p>En Oaxaca las principales afectaciones se localizan en la costa y valles centrales, fundamentalmente en infraestructura y comunicaci\u00f3n<\/p>\n<p>\u2014 Mercedes Juan (@_MJuan_) <a href=\"https:\/\/twitter.com\/_MJuan_\/statuses\/380033650839937025\">September 17, 2013<\/a><\/p><\/blockquote>\n<p>&nbsp;<\/p>\n<p><strong>eloriente.net<\/strong><\/p>\n<p><strong>17 de septiembre de 2013<\/strong><\/p>\n<p>11:06<\/p>\n<p>Esta ma\u00f1ana la Coordinaci\u00f3n Nacional de Protecci\u00f3n Civil de la Secretar\u00eda de Gobernaci\u00f3n efectu\u00f3 la <a href=\"http:\/\/www.oaxaca.gob.mx\/?p=40092\" target=\"_blank\">Declaratoria de Emergencia<\/a> para 49 municipios de Oaxaca, en 4 regiones severamente afectadas por las lluvias de los \u00faltimos d\u00edas. Se trata de los siguientes:<\/p>\n<p>M\u00e1rtires de Tacubaya, Putla de Villa Guerrero, San Juan Cacahuatepec, Santiago Ixtayutla, San Juan Bautista Lo de Soto, San Sebasti\u00e1n Ixcapa, San Antonio Tepetlapa.<\/p>\n<p>San Juan Colorado, Santiago Llano Grande, San Pedro Atoyac, San Agust\u00edn Chayuco, San Pedro Jicay\u00e1n, San Miguel Tlacamama, Santa Mar\u00eda Cortijo, Santiago Pinotepa Nacional, Santiago Tetepec, San Lorenzo, Pinotepa de Don Luis, San Juan Quiahije, Santiago Jamiltepec, Santo Domingo Armenta, San Jos\u00e9 Estancia Grande, Santa Catarina Juquila, Tataltepec de Vald\u00e9s, San Andr\u00e9s Huaxpaltepec.<\/p>\n<p>Santa Catarina Mechoac\u00e1n, Santiago Tapextla, Santa Mar\u00eda Huazolotitl\u00e1n, San Miguel Panixtlahuaca, San Juan Lachao, Villa de Tututepec de Melchor Ocampo, Santiago Yaitepec, Santos Reyes Nopala, San Gabriel Mixtepec, San Miguel del Puerto, Pluma Hidalgo, Santa Mar\u00eda Huatulco, Santa Mar\u00eda Tonameca, Santo Domingo de Morelos, Santiago Juxtlahuaca, San Jer\u00f3nimo Coatl\u00e1n y \u00a0Santiago Astata,<\/p>\n<p>San Dionisio del Mar, San Francisco del Mar, San Francisco Ixhuat\u00e1n, San Pedro Tapanatepec, Santo Domingo Zanatepec y Santiago Niltepec.<\/p>\n<p>Este listado de municipios necesitan la ayuda solidaria de la gente de Oaxaca y del pa\u00eds en su conjunto, por ello en ELORIENTE.NET te invitamos a colaborar en los centros de acopio de v\u00edveres instalados para estos efectos en la entidad.<\/p>\n<p>Para ello, la Secretar\u00eda General de Gobierno (SEGEGO) instal\u00f3 dichos centros de acopio en la Ciudad de Oaxaca en:<\/p>\n<p><strong>TEATRO \u00c1LVARO CARRILLO (Calzada Madero esquina Avenida Tecnol\u00f3gico S\/N)<\/strong><\/p>\n<p><strong>GIMNASIO RICARDO FLORES MAG\u00d3N (Privada Derechos Humanos S\/N Colonia Am\u00e9rica)<\/strong><\/p>\n<p>Los v\u00edveres que se solicitan son:<\/p>\n<p>*Agua embotellada<\/p>\n<p>*Leche en polvo<\/p>\n<p>*Productos enlatados<\/p>\n<p>*Alimentos no perecederos<\/p>\n<p>*Gel Antibacterial<\/p>\n<p>*Jabones<\/p>\n<p>*Pasta de dientes<\/p>\n<p>*Ropa en buen estado<\/p>\n<p>*Productos de limpieza como cloro, desinfectantes y detergentes l\u00edquidos<\/p>\n<p>*Toallas sanitarias<\/p>\n<p>*Pa\u00f1ales<\/p>\n<p>*Cobijas<\/p>\n<p>*Sueros<\/p>\n<p>*Rastrillos<\/p>\n<p>*Jergas<\/p>\n<p>Cualquier comentario, solicitud o llamado de emergencia, puedes escribirla abajo, en el espacio para comentarios.<\/p>\n<p>Ahora mismo, la prioridad es ayudar y solidarizarse con las personas y municipios en apuros.<\/p>\n<p><a href=\"http:\/\/www.eloriente.net\/home\/wp-content\/uploads\/2013\/09\/170913-smn.png\"><img loading=\"lazy\" decoding=\"async\" class=\"alignnone size-medium wp-image-16468\" title=\"170913 smn\" src=\"http:\/\/www.eloriente.net\/home\/wp-content\/uploads\/2013\/09\/170913-smn-300x211.png\" alt=\"\" width=\"300\" height=\"211\" srcset=\"http:\/\/www.eloriente.net\/home\/wp-content\/uploads\/2013\/09\/170913-smn-300x211.png 300w, http:\/\/www.eloriente.net\/home\/wp-content\/uploads\/2013\/09\/170913-smn.png 587w\" sizes=\"(max-width: 300px) 100vw, 300px\" \/><\/a><\/p>\n<p><a href=\"http:\/\/smn.cna.gob.mx\/index.php?option=com_content&amp;view=article&amp;id=56&amp;Itemid=59\" target=\"_blank\">Imagen: SMN 170913<\/a><\/p>\n<p>&nbsp;<\/p>\n\n\t\t\t  <div \n\t\t\t  \tclass = \"fb-comments\" \n\t\t\t  \tdata-href = \"http:\/\/www.eloriente.net\/home\/2013\/09\/17\/solidaridad-en-centros-de-acopio-de-viveres-en-oaxaca\/\"\n\t\t\t  \tdata-numposts = \"10\"\n\t\t\t\tdata-colorscheme = \"dark\"\n\t\t\t\tdata-order-by = \"social\"\n\t\t\t\tdata-mobile=true>\n\t\t\t  <\/div>\n\t\t  <style>\n\t\t\t.fb_iframe_widget_fluid_desktop iframe {\n\t\t\t    width: 100% !important;\n\t\t\t}\n\t\t  <\/style>\n\t\t  ","protected":false},"excerpt":{"rendered":"<p>eloriente.net 18 de septiembre de 2013 Adicionalmente a los Centros de Acopio que abajo se mencionan, el DIF estatal tambi\u00e9n est\u00e1 recibiendo v\u00edveres: &nbsp; CENTROS DE ACOPIO: Gral. Vicente Guerrero 114 Col. Miguel Alem\u00e1n y Ju\u00e1rez 914 Col. Centro ( a un costado gasolinera DIF) 8:00 am a 5:00 pm. \u2014 DIF Oaxaca (@DIF_Oaxaca) September [&hellip;]<\/p>\n","protected":false},"author":1,"featured_media":16468,"comment_status":"open","ping_status":"open","sticky":false,"template":"","format":"standard","meta":{"_jetpack_memberships_contains_paid_content":false,"footnotes":""},"categories":[29,9,32,10],"tags":[],"class_list":["post-16467","post","type-post","status-publish","format-standard","has-post-thumbnail","hentry","category-capital","category-editorial","category-entradas","category-lo-mas-reciente"],"jetpack_featured_media_url":"http:\/\/www.eloriente.net\/home\/wp-content\/uploads\/2013\/09\/170913-smn.png","jetpack_sharing_enabled":true,"_links":{"self":[{"href":"http:\/\/www.eloriente.net\/home\/wp-json\/wp\/v2\/posts\/16467"}],"collection":[{"href":"http:\/\/www.eloriente.net\/home\/wp-json\/wp\/v2\/posts"}],"about":[{"href":"http:\/\/www.eloriente.net\/home\/wp-json\/wp\/v2\/types\/post"}],"author":[{"embeddable":true,"href":"http:\/\/www.eloriente.net\/home\/wp-json\/wp\/v2\/users\/1"}],"replies":[{"embeddable":true,"href":"http:\/\/www.eloriente.net\/home\/wp-json\/wp\/v2\/comments?post=16467"}],"version-history":[{"count":5,"href":"http:\/\/www.eloriente.net\/home\/wp-json\/wp\/v2\/posts\/16467\/revisions"}],"predecessor-version":[{"id":16470,"href":"http:\/\/www.eloriente.net\/home\/wp-json\/wp\/v2\/posts\/16467\/revisions\/16470"}],"wp:featuredmedia":[{"embeddable":true,"href":"http:\/\/www.eloriente.net\/home\/wp-json\/wp\/v2\/media\/16468"}],"wp:attachment":[{"href":"http:\/\/www.eloriente.net\/home\/wp-json\/wp\/v2\/media?parent=16467"}],"wp:term":[{"taxonomy":"category","embeddable":true,"href":"http:\/\/www.eloriente.net\/home\/wp-json\/wp\/v2\/categories?post=16467"},{"taxonomy":"post_tag","embeddable":true,"href":"http:\/\/www.eloriente.net\/home\/wp-json\/wp\/v2\/tags?post=16467"}],"curies":[{"name":"wp","href":"https:\/\/api.w.org\/{rel}","templated":true}]}}