{"id":16471,"date":"2013-09-17T15:01:43","date_gmt":"2013-09-17T21:01:43","guid":{"rendered":"http:\/\/www.eloriente.net\/home\/?p=16471"},"modified":"2013-09-17T15:01:43","modified_gmt":"2013-09-17T21:01:43","slug":"egresan-alumnos-de-contaduria-uabjo-reciben-reconocimiento","status":"publish","type":"post","link":"http:\/\/www.eloriente.net\/home\/2013\/09\/17\/egresan-alumnos-de-contaduria-uabjo-reciben-reconocimiento\/","title":{"rendered":"Egresan alumnos de Contadur\u00eda-UABJO; reciben reconocimiento"},"content":{"rendered":"<p>eloriente.net\/<a href=\"http:\/\/www.uabjo.mx\/\" target=\"_blank\">UABJO<\/a><\/p>\n<p>17 de septiembre de 2013<\/p>\n<p>El rector de la Universidad Aut\u00f3noma \u201cBenito Ju\u00e1rez\u201d de Oaxaca (UABJO), Eduardo Mart\u00ednez Helmes en compa\u00f1\u00eda del titular de la Facultad de Contadur\u00eda y Administraci\u00f3n (FCA), Abel Antonio Morales Santiago, encabezaron la ceremonia de entrega de reconocimientos a los alumnos hoy egresados de la Licenciatura en Contadur\u00eda P\u00fablica, de avanzada.<\/p>\n<p>En esta ocasi\u00f3n, los estudiantes egresados \u00a0que recibieron su documentaci\u00f3n correspondiente fueron Gerardo L\u00f3pez, Sarahi Noriega, Tania Hern\u00e1ndez, Jorge Gandarillas, Irvin Le\u00f3n, Esa\u00fa S\u00e1nchez y Elina\u00a0 Boh\u00f3rquez.<\/p>\n<p>Al respecto, el rector de la UABJO felicit\u00f3 a los egresados al tiempo que indicaba que ser universitario implica un compromiso de por vida, mismo que deber\u00e1n demostrar retribuyendo con su trabajo al desarrollo de la sociedad.<\/p>\n<p>Por su parte, el director de la FCA se dijo orgulloso de los estudiantes y manifest\u00f3 su benepl\u00e1cito por la responsabilidad que manifestaron en su formaci\u00f3n, preocup\u00e1ndose siempre por tener excelencia en sus materias.<\/p>\n<p>Acompa\u00f1aron a los funcionarios y estudiantes en este evento, Farid Acevedo L\u00f3pez de la Secretaria T\u00e9cnica y los coordinadores de la Facultad de Contadur\u00eda y Administraci\u00f3n.<\/p>\n<p><a href=\"http:\/\/www.eloriente.net\/home\/wp-content\/uploads\/2013\/09\/UABJO-reconocimientos-contaduri\u0301a-pu\u0301blica-eloriente.net_.jpg\"><img loading=\"lazy\" decoding=\"async\" class=\"alignnone size-medium wp-image-16472\" title=\"UABJO reconocimientos contaduri\u0301a pu\u0301blica eloriente.net\" src=\"http:\/\/www.eloriente.net\/home\/wp-content\/uploads\/2013\/09\/UABJO-reconocimientos-contaduri\u0301a-pu\u0301blica-eloriente.net_-300x200.jpg\" alt=\"\" width=\"300\" height=\"200\" srcset=\"http:\/\/www.eloriente.net\/home\/wp-content\/uploads\/2013\/09\/UABJO-reconocimientos-contaduri\u0301a-pu\u0301blica-eloriente.net_-300x200.jpg 300w, http:\/\/www.eloriente.net\/home\/wp-content\/uploads\/2013\/09\/UABJO-reconocimientos-contaduri\u0301a-pu\u0301blica-eloriente.net_-1024x682.jpg 1024w, http:\/\/www.eloriente.net\/home\/wp-content\/uploads\/2013\/09\/UABJO-reconocimientos-contaduri\u0301a-pu\u0301blica-eloriente.net_.jpg 1728w\" sizes=\"(max-width: 300px) 100vw, 300px\" \/><\/a><\/p>\n<p>Foto: UABJO<\/p>\n<p>Notas relacionadas:<\/p>\n<div id=\"post-16428\">\n<p><a title=\"Permalink to Arquitecto Francisco Serrano dict\u00f3 conferencia en Arquitectura \u201c5 de mayo\u201d\" href=\"http:\/\/www.eloriente.net\/home\/2013\/09\/15\/arquitecto-francisco-serrano-dicto-conferencia-en-arquitectura-5-de-mayo\/\" rel=\"bookmark\">Arquitecto Francisco Serrano dict\u00f3 conferencia en Arquitectura \u201c5 de mayo\u201d<\/a><\/p>\n<p><a href=\"http:\/\/www.eloriente.net\/home\/2013\/09\/15\/arquitecto-francisco-serrano-dicto-conferencia-en-arquitectura-5-de-mayo\/\" rel=\"bookmark\"><img decoding=\"async\" title=\"Arquitecto Francisco Serrano dict\u00f3 conferencia en Arquitectura \u201c5 de mayo\u201d\" src=\"http:\/\/www.eloriente.net\/home\/wp-content\/themes\/city-desk\/timthumb.php?src=http%3A%2F%2Fwww.eloriente.net%2Fhome%2Fwp-content%2Fuploads%2F2013%2F09%2FFrancisco-Serrano-Arquitectura-UABJO.jpg&amp;q=90&amp;w=160&amp;h=106&amp;zc=1\" alt=\"Arquitecto Francisco Serrano dict\u00f3 conferencia en Arquitectura \u201c5 de mayo\u201d\" \/><\/a>eloriente.net \/ UABJO 15 de septiembre de 2013 En d\u00edas pasados la Facultad de Arquitectura \u201c5 de Mayo\u201d de la Universidad Aut\u00f3noma \u201cBenito Ju\u00e1rez\u201d de Oaxaca (UABJO), present\u00f3 la conferencia magistral del reconocido arquitecto Francisco Serrano Cacho, ello en el marco de la nueva administraci\u00f3n encabezada por el M. Arq. Jes\u00fas Pablo Hern\u00e1ndez. El destacado [&#8230;]<\/p>\n<p>September 15, 2013<\/p>\n<\/div>\n<div id=\"post-16330\">\n<p><a title=\"Permalink to 18 de octubre, Pablo Milan\u00e9s ofrece concierto en Oaxaca\" href=\"http:\/\/www.eloriente.net\/home\/2013\/09\/10\/18-de-octubre-pablo-milanes-ofrece-concierto-en-oaxaca\/\" rel=\"bookmark\">18 de octubre, Pablo Milan\u00e9s ofrece concierto en Oaxaca<\/a><\/p>\n<p><a href=\"http:\/\/www.eloriente.net\/home\/2013\/09\/10\/18-de-octubre-pablo-milanes-ofrece-concierto-en-oaxaca\/\" rel=\"bookmark\"><img decoding=\"async\" title=\"18 de octubre, Pablo Milan\u00e9s ofrece concierto en Oaxaca\" src=\"http:\/\/www.eloriente.net\/home\/wp-content\/themes\/city-desk\/timthumb.php?src=http%3A%2F%2Fwww.eloriente.net%2Fhome%2Fwp-content%2Fuploads%2F2013%2F09%2FFundacion-UABJO-Pablo-Milan%C3%A9s.jpg&amp;q=90&amp;w=160&amp;h=106&amp;zc=1\" alt=\"18 de octubre, Pablo Milan\u00e9s ofrece concierto en Oaxaca\" \/><\/a>eloriente.net\/UABJO 10 de septiembre de 2013 Anuncia la Fundaci\u00f3n Universitaria concierto del artista cubano el pr\u00f3ximo 18 de octubre en la explanada de la rector\u00eda Con el prop\u00f3sito de incrementar el programa de becas estudiantiles, la Fundaci\u00f3n UABJO A.C, a trav\u00e9s de su Consejo Consultivo, realiz\u00f3 una conferencia de prensa para anunciar el Concierto del [&#8230;]<\/p>\n<p>September 10, 2013<\/p>\n<\/div>\n<p><a title=\"Permalink to Estudiantes de Pachuca, Puebla y Veracruz se reunieron en Arquitectura\" href=\"http:\/\/www.eloriente.net\/home\/2013\/09\/08\/estudiantes-de-pachuca-puebla-y-veracruz-se-reunieron-en-arquitectura\/\" rel=\"bookmark\">Estudiantes de Pachuca, Puebla y Veracruz se reunieron en Arquitectura<\/a><\/p>\n<p><a href=\"http:\/\/www.eloriente.net\/home\/2013\/09\/08\/estudiantes-de-pachuca-puebla-y-veracruz-se-reunieron-en-arquitectura\/\" rel=\"bookmark\"><img decoding=\"async\" title=\"Estudiantes de Pachuca, Puebla y Veracruz se reunieron en Arquitectura\" src=\"http:\/\/www.eloriente.net\/home\/wp-content\/themes\/city-desk\/timthumb.php?src=http%3A%2F%2Fwww.eloriente.net%2Fhome%2Fwp-content%2Fuploads%2F2013%2F09%2FArquitectura-UABJO.jpg&amp;q=90&amp;w=160&amp;h=106&amp;zc=1\" alt=\"Estudiantes de Pachuca, Puebla y Veracruz se reunieron en Arquitectura\" \/><\/a><\/p>\n<p>eloriente.net\/UABJO 8 de septiembre de 2013 La Facultad de Arquitectura 5 de Mayo de la Universidad Aut\u00f3noma \u201cBenito Ju\u00e1rez\u201d de Oaxaca (UABJO), fue sede del Congreso Nacional de Dise\u00f1o Arquitectura e Interiores Punto Cero \u201cEpicentro 2013\u201d organizado por el Grupo Estudiantil de Arquitectura (GEA). El director de la Facultad, Jes\u00fas Pablo Hern\u00e1ndez dijo que este [&#8230;]<\/p>\n<p>September 8, 2013<\/p>\n\n\t\t\t  <div \n\t\t\t  \tclass = \"fb-comments\" \n\t\t\t  \tdata-href = \"http:\/\/www.eloriente.net\/home\/2013\/09\/17\/egresan-alumnos-de-contaduria-uabjo-reciben-reconocimiento\/\"\n\t\t\t  \tdata-numposts = \"10\"\n\t\t\t\tdata-colorscheme = \"dark\"\n\t\t\t\tdata-order-by = \"social\"\n\t\t\t\tdata-mobile=true>\n\t\t\t  <\/div>\n\t\t  <style>\n\t\t\t.fb_iframe_widget_fluid_desktop iframe {\n\t\t\t    width: 100% !important;\n\t\t\t}\n\t\t  <\/style>\n\t\t  ","protected":false},"excerpt":{"rendered":"<p>eloriente.net\/UABJO 17 de septiembre de 2013 El rector de la Universidad Aut\u00f3noma \u201cBenito Ju\u00e1rez\u201d de Oaxaca (UABJO), Eduardo Mart\u00ednez Helmes en compa\u00f1\u00eda del titular de la Facultad de Contadur\u00eda y Administraci\u00f3n (FCA), Abel Antonio Morales Santiago, encabezaron la ceremonia de entrega de reconocimientos a los alumnos hoy egresados de la Licenciatura en Contadur\u00eda P\u00fablica, de [&hellip;]<\/p>\n","protected":false},"author":1,"featured_media":16472,"comment_status":"open","ping_status":"open","sticky":false,"template":"","format":"standard","meta":{"_jetpack_memberships_contains_paid_content":false,"footnotes":""},"categories":[18,32,10,84],"tags":[],"class_list":["post-16471","post","type-post","status-publish","format-standard","has-post-thumbnail","hentry","category-educacion-y-cultura","category-entradas","category-lo-mas-reciente","category-universidades"],"jetpack_featured_media_url":"http:\/\/www.eloriente.net\/home\/wp-content\/uploads\/2013\/09\/UABJO-reconocimientos-contaduri\u0301a-pu\u0301blica-eloriente.net_.jpg","jetpack_sharing_enabled":true,"_links":{"self":[{"href":"http:\/\/www.eloriente.net\/home\/wp-json\/wp\/v2\/posts\/16471"}],"collection":[{"href":"http:\/\/www.eloriente.net\/home\/wp-json\/wp\/v2\/posts"}],"about":[{"href":"http:\/\/www.eloriente.net\/home\/wp-json\/wp\/v2\/types\/post"}],"author":[{"embeddable":true,"href":"http:\/\/www.eloriente.net\/home\/wp-json\/wp\/v2\/users\/1"}],"replies":[{"embeddable":true,"href":"http:\/\/www.eloriente.net\/home\/wp-json\/wp\/v2\/comments?post=16471"}],"version-history":[{"count":1,"href":"http:\/\/www.eloriente.net\/home\/wp-json\/wp\/v2\/posts\/16471\/revisions"}],"predecessor-version":[{"id":16473,"href":"http:\/\/www.eloriente.net\/home\/wp-json\/wp\/v2\/posts\/16471\/revisions\/16473"}],"wp:featuredmedia":[{"embeddable":true,"href":"http:\/\/www.eloriente.net\/home\/wp-json\/wp\/v2\/media\/16472"}],"wp:attachment":[{"href":"http:\/\/www.eloriente.net\/home\/wp-json\/wp\/v2\/media?parent=16471"}],"wp:term":[{"taxonomy":"category","embeddable":true,"href":"http:\/\/www.eloriente.net\/home\/wp-json\/wp\/v2\/categories?post=16471"},{"taxonomy":"post_tag","embeddable":true,"href":"http:\/\/www.eloriente.net\/home\/wp-json\/wp\/v2\/tags?post=16471"}],"curies":[{"name":"wp","href":"https:\/\/api.w.org\/{rel}","templated":true}]}}