{"id":16492,"date":"2013-09-18T09:52:47","date_gmt":"2013-09-18T15:52:47","guid":{"rendered":"http:\/\/www.eloriente.net\/home\/?p=16492"},"modified":"2013-09-18T09:52:47","modified_gmt":"2013-09-18T15:52:47","slug":"historia-el-mayor-motivo-para-sentir-orgullo-mexicano-la-pobreza-es-el-contraste","status":"publish","type":"post","link":"http:\/\/www.eloriente.net\/home\/2013\/09\/18\/historia-el-mayor-motivo-para-sentir-orgullo-mexicano-la-pobreza-es-el-contraste\/","title":{"rendered":"&#8216;Historia&#8217; el mayor motivo para sentir \u00aborgullo mexicano\u00bb; la pobreza es el contraste"},"content":{"rendered":"<p>eloriente.net\/<a href=\"http:\/\/t.co\/PuBtBbkv6d\" target=\"_blank\">Conceptos Marketing<\/a><\/p>\n<p>18 de septiembre de 2013<\/p>\n<p>eloriente.net (Oaxaca, Oax. a 18 de septiembre de 2013).- La empresa de consultor\u00eda Conceptos Marketing dio a conocer su estudio m\u00e1s reciente sobre Sentimiento Mexicano un momento muy oportuno, pues a\u00fan atravesamos el Mes Patrio, el periodo de mayor furor nacional del a\u00f1o.<\/p>\n<p>En este sentido, Conceptos revela que 8 de cada 10 mexicanos se siente Muy Orgulloso de ser mexicano; lo cual sumado con el 7.7.% que se considera Algo Orgulloso, suma un abrumador 89%, es decir, 9 de cada 10 asumen esta condici\u00f3n nacional con un sentimiento positivo.<\/p>\n<p>Los hombres por un m\u00ednimo porcentaje de diferencia, sumaron m\u00e1s preferencia que las mujeres en este rubro.<\/p>\n<p>Para Oaxaca, los encuestados que manifestaron orgullo por su pa\u00eds, dijeron que la raz\u00f3n para sentirlo es su historia y cultura en un abrumador 81.4%, los paisajes y recursos naturales el 14.6% y el modo de ser de la gente en un lejano 4%.<\/p>\n<p>En contraste, la desigualdad y la pobreza, la corrupci\u00f3n y el gobierno, fueron en valores muy similares las razones que identificaron para \u00abno\u00bb sentir ese mismo orgullo.<\/p>\n<p>Da click sobre la siguiente infograf\u00eda para tener una visi\u00f3n m\u00e1s completa sobre el tema:<\/p>\n<p><a href=\"http:\/\/www.eloriente.net\/home\/wp-content\/uploads\/2013\/09\/Sentimiento-Mexicano-sep-2013-.png\"><img loading=\"lazy\" decoding=\"async\" class=\"size-medium wp-image-16494 aligncenter\" src=\"http:\/\/www.eloriente.net\/home\/wp-content\/uploads\/2013\/09\/Sentimiento-Mexicano-sep-2013--300x194.png\" alt=\"\" width=\"300\" height=\"194\" srcset=\"http:\/\/www.eloriente.net\/home\/wp-content\/uploads\/2013\/09\/Sentimiento-Mexicano-sep-2013--300x194.png 300w, http:\/\/www.eloriente.net\/home\/wp-content\/uploads\/2013\/09\/Sentimiento-Mexicano-sep-2013--1024x663.png 1024w, http:\/\/www.eloriente.net\/home\/wp-content\/uploads\/2013\/09\/Sentimiento-Mexicano-sep-2013-.png 1342w\" sizes=\"(max-width: 300px) 100vw, 300px\" \/><\/a><\/p>\n<p>Revisa el estudio del a\u00f1o 2012:<\/p>\n<h2><a title=\"Permalink to 7 de cada 10 est\u00e1n orgullosos de ser mexicanos; el resto no\" href=\"http:\/\/www.eloriente.net\/home\/2012\/09\/28\/3-de-cada-10-no-estan-orgullosos-de-ser-mexicanos\/\" rel=\"bookmark\">7 de cada 10 est\u00e1n orgullosos de ser mexicanos; el resto no<\/a><\/h2>\n<p><a href=\"http:\/\/www.eloriente.net\/home\/2012\/09\/28\/3-de-cada-10-no-estan-orgullosos-de-ser-mexicanos\/\" rel=\"bookmark\"><img decoding=\"async\" src=\"http:\/\/www.eloriente.net\/home\/wp-content\/themes\/city-desk\/timthumb.php?src=http%3A%2F%2Fwww.eloriente.net%2Fhome%2Fwp-content%2Fuploads%2F2012%2F09%2Fm%C3%A9xico.jpg&amp;q=90&amp;w=160&amp;h=106&amp;zc=1\" alt=\"7 de cada 10 est\u00e1n orgullosos de ser mexicanos; el resto no\" \/><\/a><\/p>\n<p>Por: Conceptos Marketing Los d\u00edas 15 y 16 de septiembre de 2012, Conceptos Marketing realiz\u00f3 un sondeo de opini\u00f3n p\u00fablica que se presenta en exclusiva para El Oriente con 250 entrevistas a ciudadanos oaxaque\u00f1os, bajo una muestra aleatoria con probabilidad proporcional a su tama\u00f1o (PPT), con un intervalo de confianza de 95 por ciento en [&#8230;]<\/p>\n<p>September 28, 2012<\/p>\n<p>Y este otro del CIDE sobre el tema:<\/p>\n<h2><a title=\"Permalink to 85% de mexicanos est\u00e1n orgullosos de su nacionalidad: CIDE\" href=\"http:\/\/www.eloriente.net\/home\/2013\/06\/29\/85-mexicanos-estan-orgullosos-de-su-nacionalidad-cide\/\" rel=\"bookmark\">85% de mexicanos est\u00e1n orgullosos de su nacionalidad: CIDE<\/a><\/h2>\n<p><a href=\"http:\/\/www.eloriente.net\/home\/2013\/06\/29\/85-mexicanos-estan-orgullosos-de-su-nacionalidad-cide\/\" rel=\"bookmark\"><img decoding=\"async\" src=\"http:\/\/www.eloriente.net\/home\/wp-content\/themes\/city-desk\/timthumb.php?src=http%3A%2F%2Fwww.eloriente.net%2Fhome%2Fwp-content%2Fuploads%2F2013%2F06%2FAlgunos-derechos-reservados-sergejf-angel-de-la-independencia.jpg&amp;q=90&amp;w=160&amp;h=106&amp;zc=1\" alt=\"85% de mexicanos est\u00e1n orgullosos de su nacionalidad: CIDE\" \/><\/a><\/p>\n<p>eloriente.net 29 de junio de 2013 eloriente.net (Oaxaca, Oax.) 29 de junio de 2013.- El 85% de los mexicanos aseguran estar muy orgullosos de su nacionalidad, seg\u00fan el estudio \u201cM\u00e9xico, las\u00a0 Am\u00e9ricas y el mundo. Pol\u00edtica exterior 2012-2013\u2033, un proyecto de investigaci\u00f3n de la Divisi\u00f3n de Estudios Internacionales del Centro de Investigaci\u00f3n y Docencia Econ\u00f3micas [&#8230;]<\/p>\n<p>June 29, 2013<\/p>\n\n\t\t\t  <div \n\t\t\t  \tclass = \"fb-comments\" \n\t\t\t  \tdata-href = \"http:\/\/www.eloriente.net\/home\/2013\/09\/18\/historia-el-mayor-motivo-para-sentir-orgullo-mexicano-la-pobreza-es-el-contraste\/\"\n\t\t\t  \tdata-numposts = \"10\"\n\t\t\t\tdata-colorscheme = \"dark\"\n\t\t\t\tdata-order-by = \"social\"\n\t\t\t\tdata-mobile=true>\n\t\t\t  <\/div>\n\t\t  <style>\n\t\t\t.fb_iframe_widget_fluid_desktop iframe {\n\t\t\t    width: 100% !important;\n\t\t\t}\n\t\t  <\/style>\n\t\t  ","protected":false},"excerpt":{"rendered":"<p>eloriente.net\/Conceptos Marketing 18 de septiembre de 2013 eloriente.net (Oaxaca, Oax. a 18 de septiembre de 2013).- La empresa de consultor\u00eda Conceptos Marketing dio a conocer su estudio m\u00e1s reciente sobre Sentimiento Mexicano un momento muy oportuno, pues a\u00fan atravesamos el Mes Patrio, el periodo de mayor furor nacional del a\u00f1o. En este sentido, Conceptos revela [&hellip;]<\/p>\n","protected":false},"author":9,"featured_media":16494,"comment_status":"open","ping_status":"open","sticky":false,"template":"","format":"standard","meta":{"_jetpack_memberships_contains_paid_content":false,"footnotes":""},"categories":[41,11,32,13,31],"tags":[],"class_list":["post-16492","post","type-post","status-publish","format-standard","has-post-thumbnail","hentry","category-angeles-morales","category-colaboradores","category-entradas","category-especiales","category-principal"],"jetpack_featured_media_url":"http:\/\/www.eloriente.net\/home\/wp-content\/uploads\/2013\/09\/Sentimiento-Mexicano-sep-2013-.png","jetpack_sharing_enabled":true,"_links":{"self":[{"href":"http:\/\/www.eloriente.net\/home\/wp-json\/wp\/v2\/posts\/16492"}],"collection":[{"href":"http:\/\/www.eloriente.net\/home\/wp-json\/wp\/v2\/posts"}],"about":[{"href":"http:\/\/www.eloriente.net\/home\/wp-json\/wp\/v2\/types\/post"}],"author":[{"embeddable":true,"href":"http:\/\/www.eloriente.net\/home\/wp-json\/wp\/v2\/users\/9"}],"replies":[{"embeddable":true,"href":"http:\/\/www.eloriente.net\/home\/wp-json\/wp\/v2\/comments?post=16492"}],"version-history":[{"count":2,"href":"http:\/\/www.eloriente.net\/home\/wp-json\/wp\/v2\/posts\/16492\/revisions"}],"predecessor-version":[{"id":16496,"href":"http:\/\/www.eloriente.net\/home\/wp-json\/wp\/v2\/posts\/16492\/revisions\/16496"}],"wp:featuredmedia":[{"embeddable":true,"href":"http:\/\/www.eloriente.net\/home\/wp-json\/wp\/v2\/media\/16494"}],"wp:attachment":[{"href":"http:\/\/www.eloriente.net\/home\/wp-json\/wp\/v2\/media?parent=16492"}],"wp:term":[{"taxonomy":"category","embeddable":true,"href":"http:\/\/www.eloriente.net\/home\/wp-json\/wp\/v2\/categories?post=16492"},{"taxonomy":"post_tag","embeddable":true,"href":"http:\/\/www.eloriente.net\/home\/wp-json\/wp\/v2\/tags?post=16492"}],"curies":[{"name":"wp","href":"https:\/\/api.w.org\/{rel}","templated":true}]}}