{"id":16528,"date":"2013-09-20T15:36:14","date_gmt":"2013-09-20T21:36:14","guid":{"rendered":"http:\/\/www.eloriente.net\/home\/?p=16528"},"modified":"2013-09-20T15:36:14","modified_gmt":"2013-09-20T21:36:14","slug":"observatorio-ciudadano-publica-reporte-sobre-trabajo-infantil","status":"publish","type":"post","link":"http:\/\/www.eloriente.net\/home\/2013\/09\/20\/observatorio-ciudadano-publica-reporte-sobre-trabajo-infantil\/","title":{"rendered":"Observatorio Ciudadano publica reporte sobre Trabajo Infantil"},"content":{"rendered":"<p>eloriente.net<\/p>\n<p>20 de septiembre de 2013<\/p>\n<p>eloriente.net (Oaxaca, Oax.) 20 de septiembre de 2013.- Como ha venido realizando desde hace m\u00e1s de un a\u00f1o, el Observatorio Ciudadano para la Evaluaci\u00f3n de Pol\u00edticas de Prevenci\u00f3n contra la Violencia y la Delincuencia del estado de Oaxaca, puso a disposici\u00f3n de la ciudadan\u00eda un nuevo n\u00famero de su reporte mensual en el cual se aborda el tema del Trabajo Infantil.<\/p>\n<p>Cabe recordar que a finales del mes de agosto el Observatorio instal\u00f3 una mesa de vinculaci\u00f3n sobre Trabajo Infantil en Oaxaca, al lado de la Organizaci\u00f3n Internacional del Trabajo (OIT), la Universidad Tecnol\u00f3gica de los Valles Centrales (UTVCO), la asociaci\u00f3n civil Es Ahora Oaxaca, la p\u00e1gina de internet ElOriente.net, entre otras instancias participantes.\u00a0El objetivo de dicha mesa fue compartir experiencias, informaci\u00f3n y emprender acciones conjuntas para colaborar en la erradicaci\u00f3n del Trabajo Infantil en Oaxaca, M\u00e9xico y el mundo.<\/p>\n<p>A ra\u00edz de este trabajo conjunto, el Observatorio decidi\u00f3 profundizar en el tema en este nuevo material, en el cual se comparten datos sobre el Trabajo Infantil en el Mundo, el Trabajo Infantil Ind\u00edgena, los resultados del Informe \u201cPercepciones sociales sobre el Trabajo Infantil. Encuesta Nacional de M\u00e9xico 2011\u201d del Programa Internacional para la Erradicaci\u00f3n del Trabajo Infantil (IPEC), los resultados en Oaxaca del M\u00f3dulo de Trabajo Infantil 2011, entre otros temas.<\/p>\n<p>En la secci\u00f3n de Documentaci\u00f3n sobre seguridad P\u00fablica este organismo difunde algunos puntos sobre de \u00a0la \u00abHoja de ruta para lograr la eliminaci\u00f3n de las peores\u00a0formas de trabajo infantil para 2016\u00bb, documento que result\u00f3 de la\u00a0Conferencia mundial sobre trabajo infantil\u2013organizada por el Ministerio de Asuntos Sociales y del Empleo de los Pa\u00edses Bajos, en estrecha colaboraci\u00f3n con la Organizaci\u00f3n Internacional del Trabajo (OIT), UNICEF y el Banco Mundial\u2013que se llev\u00f3 a cabo en mayo de 2010 en La Haya (Pa\u00edses Bajos).<\/p>\n<p>Como en todos los boletines tambi\u00e9n se publican actividades recientes de diversos Observatorios del pa\u00eds as\u00ed como la Incidencia Delictiva del Fuero Com\u00fan en el estado.<\/p>\n<p><iframe loading=\"lazy\" src=\"\/\/e.issuu.com\/embed.html#5816161\/4890586\" frameborder=\"0\" width=\"400\" height=\"300\"><\/iframe><\/p>\n<div><\/div>\n<div><\/div>\n\n\t\t\t  <div \n\t\t\t  \tclass = \"fb-comments\" \n\t\t\t  \tdata-href = \"http:\/\/www.eloriente.net\/home\/2013\/09\/20\/observatorio-ciudadano-publica-reporte-sobre-trabajo-infantil\/\"\n\t\t\t  \tdata-numposts = \"10\"\n\t\t\t\tdata-colorscheme = \"dark\"\n\t\t\t\tdata-order-by = \"social\"\n\t\t\t\tdata-mobile=true>\n\t\t\t  <\/div>\n\t\t  <style>\n\t\t\t.fb_iframe_widget_fluid_desktop iframe {\n\t\t\t    width: 100% !important;\n\t\t\t}\n\t\t  <\/style>\n\t\t  ","protected":false},"excerpt":{"rendered":"<p>eloriente.net 20 de septiembre de 2013 eloriente.net (Oaxaca, Oax.) 20 de septiembre de 2013.- Como ha venido realizando desde hace m\u00e1s de un a\u00f1o, el Observatorio Ciudadano para la Evaluaci\u00f3n de Pol\u00edticas de Prevenci\u00f3n contra la Violencia y la Delincuencia del estado de Oaxaca, puso a disposici\u00f3n de la ciudadan\u00eda un nuevo n\u00famero de su [&hellip;]<\/p>\n","protected":false},"author":1,"featured_media":16529,"comment_status":"open","ping_status":"open","sticky":false,"template":"","format":"standard","meta":{"_jetpack_memberships_contains_paid_content":false,"footnotes":""},"categories":[29,32,35,10],"tags":[],"class_list":["post-16528","post","type-post","status-publish","format-standard","has-post-thumbnail","hentry","category-capital","category-entradas","category-secciones-oriente","category-lo-mas-reciente"],"jetpack_featured_media_url":"http:\/\/www.eloriente.net\/home\/wp-content\/uploads\/2013\/09\/PUBLICACI\u00d3N-OBSERVATORIOseptiembre.jpg","jetpack_sharing_enabled":true,"_links":{"self":[{"href":"http:\/\/www.eloriente.net\/home\/wp-json\/wp\/v2\/posts\/16528"}],"collection":[{"href":"http:\/\/www.eloriente.net\/home\/wp-json\/wp\/v2\/posts"}],"about":[{"href":"http:\/\/www.eloriente.net\/home\/wp-json\/wp\/v2\/types\/post"}],"author":[{"embeddable":true,"href":"http:\/\/www.eloriente.net\/home\/wp-json\/wp\/v2\/users\/1"}],"replies":[{"embeddable":true,"href":"http:\/\/www.eloriente.net\/home\/wp-json\/wp\/v2\/comments?post=16528"}],"version-history":[{"count":3,"href":"http:\/\/www.eloriente.net\/home\/wp-json\/wp\/v2\/posts\/16528\/revisions"}],"predecessor-version":[{"id":16553,"href":"http:\/\/www.eloriente.net\/home\/wp-json\/wp\/v2\/posts\/16528\/revisions\/16553"}],"wp:featuredmedia":[{"embeddable":true,"href":"http:\/\/www.eloriente.net\/home\/wp-json\/wp\/v2\/media\/16529"}],"wp:attachment":[{"href":"http:\/\/www.eloriente.net\/home\/wp-json\/wp\/v2\/media?parent=16528"}],"wp:term":[{"taxonomy":"category","embeddable":true,"href":"http:\/\/www.eloriente.net\/home\/wp-json\/wp\/v2\/categories?post=16528"},{"taxonomy":"post_tag","embeddable":true,"href":"http:\/\/www.eloriente.net\/home\/wp-json\/wp\/v2\/tags?post=16528"}],"curies":[{"name":"wp","href":"https:\/\/api.w.org\/{rel}","templated":true}]}}