{"id":16550,"date":"2013-09-20T08:44:15","date_gmt":"2013-09-20T14:44:15","guid":{"rendered":"http:\/\/www.eloriente.net\/home\/?p=16550"},"modified":"2013-09-20T08:44:15","modified_gmt":"2013-09-20T14:44:15","slug":"llamado-de-cardenas-amlo-y-otros-para-defender-el-petroleo-integro","status":"publish","type":"post","link":"http:\/\/www.eloriente.net\/home\/2013\/09\/20\/llamado-de-cardenas-amlo-y-otros-para-defender-el-petroleo-integro\/","title":{"rendered":"Llamado de C\u00e1rdenas, AMLO y otros para \u00abdefender el petr\u00f3leo\u00bb (\u00cdntegro)"},"content":{"rendered":"<p>eloriente.net<\/p>\n<p>20 de septiembre de 2013<\/p>\n<p style=\"text-align: right;\">M\u00e9xico, Distrito Federal, 19 de septiembre de 2013<\/p>\n<p>Ante la grave emergencia del pa\u00eds y la amenaza de continuar la entrega de nuestros recursos, territorios y riquezas con la reforma energ\u00e9tica que promueve el gobierno, los suscritos llamamos a todas las mexicanas y mexicanos, sin distinci\u00f3n de creencias, ideolog\u00edas o posiciones pol\u00edticas y sociales, a unirnos para evitar el despojo de la naci\u00f3n y de nuestro pueblo que promueven el gobierno y las corporaciones petroleras trasnacionales.<\/p>\n<p>A partir del respeto a nuestras diferencias llamamos a organizar la resistencia civil y pac\u00edfica, reconociendo la autonom\u00eda y la\u00a0 independencia de las organizaciones y de los individuos, en torno a los siguientes ejes:<\/p>\n<ol start=\"1\">\n<li>Oponerse abiertamente a las reformas de los art\u00edculos 27 y 28 de la Constituci\u00f3n de la Rep\u00fablica que propone el gobierno y defender nuestra soberan\u00eda, as\u00ed como los recursos energ\u00e9ticos que son propiedad de la naci\u00f3n tras incontables luchas hist\u00f3ricas, y base de nuestro desarrollo integral y sustentable.<\/li>\n<li>Oponerse a la iniciativa de reforma hacendaria, que distribuye la carga fiscal de una manera particularmente inequitativa y recesiva, profundizando la crisis al afectar a las peque\u00f1as y medianas empresas, a las clases medias, y sobre todo a los trabajadores y a los m\u00e1s pobres de M\u00e9xico.<\/li>\n<li>Rechazar la campa\u00f1a medi\u00e1tica de linchamiento contra las justas luchas de los maestros ante una reforma que los priva de sus derechos laborales y que no es educativa.<\/li>\n<li>Denunciar\u00a0 la creciente violencia, represi\u00f3n y violaci\u00f3n a los Derechos Humanos civiles y sociales que sufren los movimientos sociales, los pueblos y las comunidades, sus v\u00edctimas, dirigentes y defensores.<\/li>\n<\/ol>\n<p>Llamamos a todas las organizaciones sociales, pol\u00edticas y culturales, a los movimientos, pueblos y comunidades ind\u00edgenas y no ind\u00edgenas, a los ciudadanos y ciudadanas a participar activa y pac\u00edficamente, sin caer en provocaciones, desde todas las trincheras a las que cada quien tenga acceso, en las luchas por alcanzar estos objetivos de soberan\u00eda, libertad y justicia.<\/p>\n<p><strong>\u00a1Viva M\u00e9xico!<\/strong><\/p>\n<p>Cuauht\u00e9moc C\u00e1rdenas Sol\u00f3rzano, Andr\u00e9s Manuel L\u00f3pez Obrador, Fr. Ra\u00fal Vera L\u00f3pez O.P., Pablo Gonz\u00e1lez Casanova, Miguel Concha Malo, Miguel \u00c1lvarez G\u00e1ndara y Mario Saucedo P\u00e9rez.<\/p>\n<p>M\u00e9xico, D.F., a 19 de septiembre de 2013<\/p>\n<p><a href=\"http:\/\/www.eloriente.net\/home\/wp-content\/uploads\/2013\/09\/AMLO-Defensa-petr\u00f3leo-Algunos-derechos-reservados-por-Eneas.jpg\"><img loading=\"lazy\" decoding=\"async\" class=\"alignnone size-medium wp-image-16551\" title=\"AMLO Defensa petr\u00f3leo Algunos derechos reservados por Eneas\" src=\"http:\/\/www.eloriente.net\/home\/wp-content\/uploads\/2013\/09\/AMLO-Defensa-petr\u00f3leo-Algunos-derechos-reservados-por-Eneas-300x199.jpg\" alt=\"\" width=\"300\" height=\"199\" srcset=\"http:\/\/www.eloriente.net\/home\/wp-content\/uploads\/2013\/09\/AMLO-Defensa-petr\u00f3leo-Algunos-derechos-reservados-por-Eneas-300x199.jpg 300w, http:\/\/www.eloriente.net\/home\/wp-content\/uploads\/2013\/09\/AMLO-Defensa-petr\u00f3leo-Algunos-derechos-reservados-por-Eneas.jpg 1024w\" sizes=\"(max-width: 300px) 100vw, 300px\" \/><\/a><\/p>\n<p>Foto:\u00a0<a title=\"Attribution License\" href=\"http:\/\/creativecommons.org\/licenses\/by\/2.0\/\">Algunos derechos reservados<\/a>\u00a0por\u00a0<a href=\"http:\/\/www.flickr.com\/photos\/eneas\/\">Eneas<\/a><\/p>\n<p>Fuente: <a href=\"http:\/\/www.amlo.org.mx\/\" target=\"_blank\">Regeneraci\u00f3n<\/a><\/p>\n\n\t\t\t  <div \n\t\t\t  \tclass = \"fb-comments\" \n\t\t\t  \tdata-href = \"http:\/\/www.eloriente.net\/home\/2013\/09\/20\/llamado-de-cardenas-amlo-y-otros-para-defender-el-petroleo-integro\/\"\n\t\t\t  \tdata-numposts = \"10\"\n\t\t\t\tdata-colorscheme = \"dark\"\n\t\t\t\tdata-order-by = \"social\"\n\t\t\t\tdata-mobile=true>\n\t\t\t  <\/div>\n\t\t  <style>\n\t\t\t.fb_iframe_widget_fluid_desktop iframe {\n\t\t\t    width: 100% !important;\n\t\t\t}\n\t\t  <\/style>\n\t\t  ","protected":false},"excerpt":{"rendered":"<p>eloriente.net 20 de septiembre de 2013 M\u00e9xico, Distrito Federal, 19 de septiembre de 2013 Ante la grave emergencia del pa\u00eds y la amenaza de continuar la entrega de nuestros recursos, territorios y riquezas con la reforma energ\u00e9tica que promueve el gobierno, los suscritos llamamos a todas las mexicanas y mexicanos, sin distinci\u00f3n de creencias, ideolog\u00edas [&hellip;]<\/p>\n","protected":false},"author":1,"featured_media":16551,"comment_status":"open","ping_status":"open","sticky":false,"template":"","format":"standard","meta":{"_jetpack_memberships_contains_paid_content":false,"footnotes":""},"categories":[49,32,10,24,21,31],"tags":[],"class_list":["post-16550","post","type-post","status-publish","format-standard","has-post-thumbnail","hentry","category-destacadas","category-entradas","category-lo-mas-reciente","category-mexico-y-el-mundo","category-politica-y-gobierno","category-principal"],"jetpack_featured_media_url":"http:\/\/www.eloriente.net\/home\/wp-content\/uploads\/2013\/09\/AMLO-Defensa-petr\u00f3leo-Algunos-derechos-reservados-por-Eneas.jpg","jetpack_sharing_enabled":true,"_links":{"self":[{"href":"http:\/\/www.eloriente.net\/home\/wp-json\/wp\/v2\/posts\/16550"}],"collection":[{"href":"http:\/\/www.eloriente.net\/home\/wp-json\/wp\/v2\/posts"}],"about":[{"href":"http:\/\/www.eloriente.net\/home\/wp-json\/wp\/v2\/types\/post"}],"author":[{"embeddable":true,"href":"http:\/\/www.eloriente.net\/home\/wp-json\/wp\/v2\/users\/1"}],"replies":[{"embeddable":true,"href":"http:\/\/www.eloriente.net\/home\/wp-json\/wp\/v2\/comments?post=16550"}],"version-history":[{"count":1,"href":"http:\/\/www.eloriente.net\/home\/wp-json\/wp\/v2\/posts\/16550\/revisions"}],"predecessor-version":[{"id":16552,"href":"http:\/\/www.eloriente.net\/home\/wp-json\/wp\/v2\/posts\/16550\/revisions\/16552"}],"wp:featuredmedia":[{"embeddable":true,"href":"http:\/\/www.eloriente.net\/home\/wp-json\/wp\/v2\/media\/16551"}],"wp:attachment":[{"href":"http:\/\/www.eloriente.net\/home\/wp-json\/wp\/v2\/media?parent=16550"}],"wp:term":[{"taxonomy":"category","embeddable":true,"href":"http:\/\/www.eloriente.net\/home\/wp-json\/wp\/v2\/categories?post=16550"},{"taxonomy":"post_tag","embeddable":true,"href":"http:\/\/www.eloriente.net\/home\/wp-json\/wp\/v2\/tags?post=16550"}],"curies":[{"name":"wp","href":"https:\/\/api.w.org\/{rel}","templated":true}]}}