{"id":16561,"date":"2013-09-21T07:15:57","date_gmt":"2013-09-21T13:15:57","guid":{"rendered":"http:\/\/www.eloriente.net\/home\/?p=16561"},"modified":"2013-09-20T17:22:52","modified_gmt":"2013-09-20T23:22:52","slug":"firman-26-ministros-declaracion-de-panama-para-prevenir-muerte-materna-e-infantil","status":"publish","type":"post","link":"http:\/\/www.eloriente.net\/home\/2013\/09\/21\/firman-26-ministros-declaracion-de-panama-para-prevenir-muerte-materna-e-infantil\/","title":{"rendered":"Firman 26 ministros \u00abDeclaraci\u00f3n de Panam\u00e1\u00bb para prevenir muerte materna e infantil"},"content":{"rendered":"<p>eloriente.net\/<a href=\"http:\/\/www.unicef.org\" target=\"_blank\">UNICEF<\/a><\/p>\n<p>21 de septiembre de 2013<\/p>\n<p>El 10 de septiembre pasado, en la conferencia <a href=\"http:\/\/www.apromiserenewedamericas.org\/apr\/?lang=es\">Una Promesa Renovada para las Am\u00e9ricas<\/a>, 26 ministros de Salud de Am\u00e9rica Latina y el Caribe y siete asociados internacionales firmaron el compromiso llamado \u2018Declaraci\u00f3n de Panam\u00e1\u2019 para prevenir y dar fin a todas las muertes maternas e infantiles prevenibles antes del a\u00f1o 2035. La \u2018Declaraci\u00f3n de Panam\u00e1\u2019 es un llamado a la acci\u00f3n para la regi\u00f3n ya que la salud de las madres y ni\u00f1os no deber\u00eda ser determinada por su grupo \u00e9tnico o status econ\u00f3mico, y hace parte del compromiso global para la supervivencia infantil Una Promesa Renovada.<\/p>\n<p>Este es uno de los acuerdos m\u00e1s importantes entre gobiernos de las Am\u00e9ricas y agencias internacionales en cuanto a la lucha para dar fin a las muertes maternas e infantiles prevenibles en la regi\u00f3n, que est\u00e1 directamente alineado con los Objetivos de Desarrollo del Milenio en esta materia.<\/p>\n<p><em>\u00abAhora es fundamental galvanizar los esfuerzos y movilizar los recursos de la Regi\u00f3n para acelerar el logro de los Objetivos de Desarrollo del Milenio (ODM) y la Agenda para el desarrollo despu\u00e9s de 2015\u00bb &#8211; La Declaraci\u00f3n de Panam\u00e1<br \/>\n<\/em><br \/>\nAm\u00e9rica Latina y el Caribe han progresado de manera significativa en la reducci\u00f3n de la mortalidad materno-infantil, m\u00e1s que otras regiones en desarrollo del mundo. Sin embargo, a\u00fan prevalecen grandes desigualdades en salud materno-infantil para grupos en situaci\u00f3n de pobreza, ind\u00edgenas, rurales, y otros en desventaja. En esta regi\u00f3n, un 48% de las muertes en menores de 5 a\u00f1os son neonatales, 31% se deben a infecciones, y un 29% obedecen a asfixia del parto \u2014 y casi todas son prevenibles. En promedio, m\u00e1s del 95% de los ni\u00f1os ind\u00edgenas est\u00e1n desnutridos; el retraso en el crecimiento prevalece en un 20% de los casos; y su expectativa de vida es de entre 7 y 13 a\u00f1os menos que el promedio nacional.<\/p>\n<p>Con este compromiso, cada pa\u00eds y asociado internacional acuerda trabajar en pro de la finalizaci\u00f3n de las desigualdades socio-econ\u00f3micas y \u00e9tnicas en resultados de salud, con las siguientes acciones:<\/p>\n<p>1.\u00a0Establecer planes y estrategias nacionales usando investigaciones de salud basadas en la evidencia<br \/>\n2.\u00a0Promover la cobertura universal en materia de salud<br \/>\n3.\u00a0Expandir la cooperaci\u00f3n regional y aumentar las alianzas estrat\u00e9gicas<br \/>\n4.\u00a0Movilizar el liderazgo pol\u00edtico<br \/>\n5.\u00a0Desarrollar una Hoja de Ruta para marcar y reportar progreso<\/p>\n<p>La reuni\u00f3n est\u00e1 organizada por el Gobierno de Panam\u00e1. Los socios patrocinadores son: el Banco Interamericano de Desarrollo (BID), la Organizaci\u00f3n Panamericana de la Salud \/ Organizaci\u00f3n Mundial de la Salud (OPS\/OMS), la Iniciativa de Salud Mesoam\u00e9rica 2015 (SM2015), el Programa Conjunto de las Naciones Unidas sobre el VIH\/SIDA (ONUSIDA), el Fondo de Poblaci\u00f3n de Naciones Unidas (UNFPA), el Fondo de las Naciones Unidas para la Infancia (UNICEF), la Agencia de Estados Unidos para el Desarrollo Internacional (USAID) y el Banco Mundial.<\/p>\n<p><a href=\"http:\/\/www.eloriente.net\/home\/wp-content\/uploads\/2013\/09\/Declaracio\u0301n-de-Panama\u0301-unicef-participantes_mesa_APR_ibc_1.jpg\"><img loading=\"lazy\" decoding=\"async\" class=\"alignnone size-medium wp-image-16562\" title=\"Declaracio\u0301n de Panama\u0301 unicef participantes_mesa_APR_ibc_1\" src=\"http:\/\/www.eloriente.net\/home\/wp-content\/uploads\/2013\/09\/Declaracio\u0301n-de-Panama\u0301-unicef-participantes_mesa_APR_ibc_1-300x209.jpg\" alt=\"\" width=\"300\" height=\"209\" srcset=\"http:\/\/www.eloriente.net\/home\/wp-content\/uploads\/2013\/09\/Declaracio\u0301n-de-Panama\u0301-unicef-participantes_mesa_APR_ibc_1-300x209.jpg 300w, http:\/\/www.eloriente.net\/home\/wp-content\/uploads\/2013\/09\/Declaracio\u0301n-de-Panama\u0301-unicef-participantes_mesa_APR_ibc_1.jpg 375w\" sizes=\"(max-width: 300px) 100vw, 300px\" \/><\/a><\/p>\n<p>Foto: UNICEF<\/p>\n\n\t\t\t  <div \n\t\t\t  \tclass = \"fb-comments\" \n\t\t\t  \tdata-href = \"http:\/\/www.eloriente.net\/home\/2013\/09\/21\/firman-26-ministros-declaracion-de-panama-para-prevenir-muerte-materna-e-infantil\/\"\n\t\t\t  \tdata-numposts = \"10\"\n\t\t\t\tdata-colorscheme = \"dark\"\n\t\t\t\tdata-order-by = \"social\"\n\t\t\t\tdata-mobile=true>\n\t\t\t  <\/div>\n\t\t  <style>\n\t\t\t.fb_iframe_widget_fluid_desktop iframe {\n\t\t\t    width: 100% !important;\n\t\t\t}\n\t\t  <\/style>\n\t\t  ","protected":false},"excerpt":{"rendered":"<p>eloriente.net\/UNICEF 21 de septiembre de 2013 El 10 de septiembre pasado, en la conferencia Una Promesa Renovada para las Am\u00e9ricas, 26 ministros de Salud de Am\u00e9rica Latina y el Caribe y siete asociados internacionales firmaron el compromiso llamado \u2018Declaraci\u00f3n de Panam\u00e1\u2019 para prevenir y dar fin a todas las muertes maternas e infantiles prevenibles antes [&hellip;]<\/p>\n","protected":false},"author":1,"featured_media":16562,"comment_status":"open","ping_status":"open","sticky":false,"template":"","format":"standard","meta":{"_jetpack_memberships_contains_paid_content":false,"footnotes":""},"categories":[32,13,24,21],"tags":[],"class_list":["post-16561","post","type-post","status-publish","format-standard","has-post-thumbnail","hentry","category-entradas","category-especiales","category-mexico-y-el-mundo","category-politica-y-gobierno"],"jetpack_featured_media_url":"http:\/\/www.eloriente.net\/home\/wp-content\/uploads\/2013\/09\/Declaracio\u0301n-de-Panama\u0301-unicef-participantes_mesa_APR_ibc_1.jpg","jetpack_sharing_enabled":true,"_links":{"self":[{"href":"http:\/\/www.eloriente.net\/home\/wp-json\/wp\/v2\/posts\/16561"}],"collection":[{"href":"http:\/\/www.eloriente.net\/home\/wp-json\/wp\/v2\/posts"}],"about":[{"href":"http:\/\/www.eloriente.net\/home\/wp-json\/wp\/v2\/types\/post"}],"author":[{"embeddable":true,"href":"http:\/\/www.eloriente.net\/home\/wp-json\/wp\/v2\/users\/1"}],"replies":[{"embeddable":true,"href":"http:\/\/www.eloriente.net\/home\/wp-json\/wp\/v2\/comments?post=16561"}],"version-history":[{"count":2,"href":"http:\/\/www.eloriente.net\/home\/wp-json\/wp\/v2\/posts\/16561\/revisions"}],"predecessor-version":[{"id":16564,"href":"http:\/\/www.eloriente.net\/home\/wp-json\/wp\/v2\/posts\/16561\/revisions\/16564"}],"wp:featuredmedia":[{"embeddable":true,"href":"http:\/\/www.eloriente.net\/home\/wp-json\/wp\/v2\/media\/16562"}],"wp:attachment":[{"href":"http:\/\/www.eloriente.net\/home\/wp-json\/wp\/v2\/media?parent=16561"}],"wp:term":[{"taxonomy":"category","embeddable":true,"href":"http:\/\/www.eloriente.net\/home\/wp-json\/wp\/v2\/categories?post=16561"},{"taxonomy":"post_tag","embeddable":true,"href":"http:\/\/www.eloriente.net\/home\/wp-json\/wp\/v2\/tags?post=16561"}],"curies":[{"name":"wp","href":"https:\/\/api.w.org\/{rel}","templated":true}]}}