{"id":16587,"date":"2013-09-23T10:32:33","date_gmt":"2013-09-23T16:32:33","guid":{"rendered":"http:\/\/www.eloriente.net\/home\/?p=16587"},"modified":"2013-09-23T10:50:50","modified_gmt":"2013-09-23T16:50:50","slug":"en-vivo-foro-sobre-reforma-energetica-en-el-senado-de-mexico","status":"publish","type":"post","link":"http:\/\/www.eloriente.net\/home\/2013\/09\/23\/en-vivo-foro-sobre-reforma-energetica-en-el-senado-de-mexico\/","title":{"rendered":"En Vivo Foro sobre Reforma Energ\u00e9tica en el Senado de M\u00e9xico"},"content":{"rendered":"<p>eloriente.net<\/p>\n<p>23 de septiembre de 2013<\/p>\n<p>Un debate fundamental en la vida de M\u00e9xico es el relativo a la Reforma Energ\u00e9tica, la defensa del patrimonio de la naci\u00f3n y la administraci\u00f3n de los recursos nacionales.<\/p>\n<p>Por ello, ELORIENTE.NET enlaza la se\u00f1al del Canal del Congreso para que nuestros lectores puedan seguir en vivo estos foros, a la hora en que los mismos se est\u00e1n efectuando.<br \/>\n<iframe loading=\"lazy\" style=\"border: 0; outline: 0;\" src=\"http:\/\/cdn.livestream.com\/embed\/comunicacionsocial?layout=4&amp;height=340&amp;width=560&amp;autoplay=false\" frameborder=\"0\" scrolling=\"no\" width=\"560\" height=\"340\"><\/iframe><\/p>\n<div style=\"font-size: 11px; padding-top: 10px; text-align: center; width: 560px;\">Watch <a title=\"live streaming video\" href=\"http:\/\/www.livestream.com\/?utm_source=lsplayer&amp;utm_medium=embed&amp;utm_campaign=footerlinks\">live streaming video<\/a> from <a title=\"Watch comunicacionsocial at livestream.com\" href=\"http:\/\/www.livestream.com\/comunicacionsocial?utm_source=lsplayer&amp;utm_medium=embed&amp;utm_campaign=footerlinks\">comunicacionsocial<\/a> at livestream.com<\/div>\n<p><iframe loading=\"lazy\" src=\"\/\/www.youtube.com\/embed\/GSeZyOHxbc4\" frameborder=\"0\" width=\"640\" height=\"360\"><\/iframe><\/p>\n<p><a href=\"http:\/\/www.eloriente.net\/home\/wp-content\/uploads\/2013\/09\/Captura-de-pantalla-2013-09-23-a-las-11.29.11.png\"><img loading=\"lazy\" decoding=\"async\" class=\"alignnone size-medium wp-image-16588\" title=\"Captura de pantalla 2013-09-23 a la(s) 11.29.11\" src=\"http:\/\/www.eloriente.net\/home\/wp-content\/uploads\/2013\/09\/Captura-de-pantalla-2013-09-23-a-las-11.29.11-300x169.png\" alt=\"\" width=\"300\" height=\"169\" srcset=\"http:\/\/www.eloriente.net\/home\/wp-content\/uploads\/2013\/09\/Captura-de-pantalla-2013-09-23-a-las-11.29.11-300x169.png 300w, http:\/\/www.eloriente.net\/home\/wp-content\/uploads\/2013\/09\/Captura-de-pantalla-2013-09-23-a-las-11.29.11.png 623w\" sizes=\"(max-width: 300px) 100vw, 300px\" \/><\/a><\/p>\n\n\t\t\t  <div \n\t\t\t  \tclass = \"fb-comments\" \n\t\t\t  \tdata-href = \"http:\/\/www.eloriente.net\/home\/2013\/09\/23\/en-vivo-foro-sobre-reforma-energetica-en-el-senado-de-mexico\/\"\n\t\t\t  \tdata-numposts = \"10\"\n\t\t\t\tdata-colorscheme = \"dark\"\n\t\t\t\tdata-order-by = \"social\"\n\t\t\t\tdata-mobile=true>\n\t\t\t  <\/div>\n\t\t  <style>\n\t\t\t.fb_iframe_widget_fluid_desktop iframe {\n\t\t\t    width: 100% !important;\n\t\t\t}\n\t\t  <\/style>\n\t\t  ","protected":false},"excerpt":{"rendered":"<p>eloriente.net 23 de septiembre de 2013 Un debate fundamental en la vida de M\u00e9xico es el relativo a la Reforma Energ\u00e9tica, la defensa del patrimonio de la naci\u00f3n y la administraci\u00f3n de los recursos nacionales. Por ello, ELORIENTE.NET enlaza la se\u00f1al del Canal del Congreso para que nuestros lectores puedan seguir en vivo estos foros, [&hellip;]<\/p>\n","protected":false},"author":1,"featured_media":16588,"comment_status":"open","ping_status":"open","sticky":false,"template":"","format":"standard","meta":{"_jetpack_memberships_contains_paid_content":false,"footnotes":""},"categories":[4,32,10,21],"tags":[],"class_list":["post-16587","post","type-post","status-publish","format-standard","has-post-thumbnail","hentry","category-canal-2-en-vivo","category-entradas","category-lo-mas-reciente","category-politica-y-gobierno"],"jetpack_featured_media_url":"http:\/\/www.eloriente.net\/home\/wp-content\/uploads\/2013\/09\/Captura-de-pantalla-2013-09-23-a-las-11.29.11.png","jetpack_sharing_enabled":true,"_links":{"self":[{"href":"http:\/\/www.eloriente.net\/home\/wp-json\/wp\/v2\/posts\/16587"}],"collection":[{"href":"http:\/\/www.eloriente.net\/home\/wp-json\/wp\/v2\/posts"}],"about":[{"href":"http:\/\/www.eloriente.net\/home\/wp-json\/wp\/v2\/types\/post"}],"author":[{"embeddable":true,"href":"http:\/\/www.eloriente.net\/home\/wp-json\/wp\/v2\/users\/1"}],"replies":[{"embeddable":true,"href":"http:\/\/www.eloriente.net\/home\/wp-json\/wp\/v2\/comments?post=16587"}],"version-history":[{"count":5,"href":"http:\/\/www.eloriente.net\/home\/wp-json\/wp\/v2\/posts\/16587\/revisions"}],"predecessor-version":[{"id":16590,"href":"http:\/\/www.eloriente.net\/home\/wp-json\/wp\/v2\/posts\/16587\/revisions\/16590"}],"wp:featuredmedia":[{"embeddable":true,"href":"http:\/\/www.eloriente.net\/home\/wp-json\/wp\/v2\/media\/16588"}],"wp:attachment":[{"href":"http:\/\/www.eloriente.net\/home\/wp-json\/wp\/v2\/media?parent=16587"}],"wp:term":[{"taxonomy":"category","embeddable":true,"href":"http:\/\/www.eloriente.net\/home\/wp-json\/wp\/v2\/categories?post=16587"},{"taxonomy":"post_tag","embeddable":true,"href":"http:\/\/www.eloriente.net\/home\/wp-json\/wp\/v2\/tags?post=16587"}],"curies":[{"name":"wp","href":"https:\/\/api.w.org\/{rel}","templated":true}]}}