{"id":16604,"date":"2013-09-23T17:59:04","date_gmt":"2013-09-23T23:59:04","guid":{"rendered":"http:\/\/www.eloriente.net\/home\/?p=16604"},"modified":"2013-09-23T17:59:04","modified_gmt":"2013-09-23T23:59:04","slug":"credenciales-de-elector-09-y-12-perderan-vigencia-el-1-de-enero-de-2014-ife","status":"publish","type":"post","link":"http:\/\/www.eloriente.net\/home\/2013\/09\/23\/credenciales-de-elector-09-y-12-perderan-vigencia-el-1-de-enero-de-2014-ife\/","title":{"rendered":"Credenciales de Elector 09 y 12 perder\u00e1n vigencia el 1 de enero de 2014: IFE"},"content":{"rendered":"<p>eloriente.net\/Instituto Federal Electoral<\/p>\n<p>23 de septiembre de 2013<\/p>\n<ul>\n<li><strong><em>IFE Oaxaca inicia Jornada Nacional de Renovaci\u00f3n de estas micas con una distribuci\u00f3n desde el centro de la ciudad capitalina hasta cubrir todo el estado.<\/em><\/strong><\/li>\n<\/ul>\n<p>Roberto Heycher Cardiel Soto, delegado de la Junta Local del Instituto Federal Electoral (IFE) en Oaxaca, invit\u00f3 a las a los oaxaque\u00f1os a verificar el reverso de sus credenciales de elector, si en los recuadros existe los n\u00fameros 09 y 12, los inst\u00f3 a acudir a cualquier de los 31 M\u00f3dulos de Atenci\u00f3n Ciudadana del IFE en el estado para tramitar un nuevo formato, ya que a partir del 1 de enero de 2014 dichas micas perder\u00e1n vigencia y no podr\u00e1n ser usadas como identificaci\u00f3n ni para votar.<\/p>\n<p>Lo anterior, lo dio a conocer ante de medios de comunicaci\u00f3n durante el arranque de la Jornada Nacional de informaci\u00f3n a la prensa y volanteo sobre la renovaci\u00f3n de credenciales 09 y 12,\u00a0 que se llev\u00f3 a cabo en el Z\u00f3calo capitalino, en cuya actividad personal del IFE recorrer\u00e1 las calles del 23 al 27 de septiembre para entregar 20 mil 407 volantes a las y los ciudadanos, mil 701 por cada una de las 11 subdelegaciones y la delegaci\u00f3n estatal.<\/p>\n<p>En presencia del vocal Secretario y del Registro Federal de Electores de la Junta Local, Carlos Romero Rojas y Santiago Franco Cruz, respectivamente, y de los subdelegados de los distritos 08, Oaxaca de Ju\u00e1rez, Salvador Alvarado V\u00e1squez y 09, de Santa Luc\u00eda del Camino, David Fuentes Gonz\u00e1lez, Cardiel Soto indic\u00f3 que el objetivo es que todas y todos los oaxaque\u00f1os que no han renovado su credencial para votar con fotograf\u00eda desde hace 10 a\u00f1os o m\u00e1s actualicen el formato y sus datos.<\/p>\n<p>A nivel nacional dijo que existen en poder de sus titulares cerca de 8 millones 679 mil 726 micas con estos recuadros, cifra que equivale 10.62% de la Lista Nominal de Electores Nacional de las cuales en Oaxaca existen 300 mil 759, que representa el 3.47 por ciento del Listado Nominal Nacional y el 11.37 del Listado Nominal Estatal, esto de acuerdo con la Direcci\u00f3n de Estad\u00edstica, de la Direcci\u00f3n Ejecutiva del Registro Federal de Electores, con corte al 23 de agosto de 2013.<\/p>\n<p>Se\u00f1al\u00f3 que en lo que resta del a\u00f1o la meta de la delegaci\u00f3n estatal es renovar 50 mil 206 credenciales: 27 mil 387 con recuadro 09, y 22 mil 819 formatos con recuadro 12, lo que abonar\u00e1 al fortalecimiento y robustez del Padr\u00f3n y Listado Nominal que actualmente es el m\u00e1s grande de la historia electoral del pa\u00eds, pero sobre todo el m\u00e1s confiable.<\/p>\n<p>Para ello puso a disposici\u00f3n de las y los ciudadanos los 31 M\u00f3dulos de Atenci\u00f3n Ciudadana (MAC): 11 en cada cabecera distrital federal, tres fijos adicionales en Nochixtl\u00e1n, Puerto Escondido y Mat\u00edas Romero y 17 semifijos y m\u00f3viles que recorren municipios y poblaciones en toda la entidad.<\/p>\n<p>Puntualiz\u00f3 que del 1 de octubre de 2013 al 15 de enero de 2014, nueve m\u00f3dulos de MAC se reforzar\u00e1n durante la Campa\u00f1a Anual Intensa 2013-2014, brindando el servicio en doble turno, es decir, de 8:00 a 20:00 horas, estos son los ubicados en Huajuapan, Tlacolula, Tehuantepec, Juchit\u00e1n, Oaxaca de Ju\u00e1rez, Santa Luc\u00eda del Camino, Miahuatl\u00e1n y Puerto Escondido.<\/p>\n<p align=\"center\">\u00a0<strong>\u00bfC\u00d3MO SE IDENTIFICAN LAS CREDENCIALES 09 Y 12<\/strong>?<\/p>\n<p>\u00a0Estas credenciales ya no tienen espacios para marcar la participaci\u00f3n ciudadana en las jornadas electorales federales que se desarrollen, espec\u00edficamente la del 2015 y no ser\u00e1n \u00fatiles como medio de identidad a partir del primer d\u00eda del a\u00f1o entrante.<\/p>\n<p style=\"text-align: center;\">\u00a0<a href=\"http:\/\/www.eloriente.net\/home\/wp-content\/uploads\/2013\/09\/IFE-RENOVACION-CREDENCIAL.jpg\"><img loading=\"lazy\" decoding=\"async\" class=\"alignnone size-medium wp-image-16606\" title=\"IFE RENOVACION CREDENCIAL\" src=\"http:\/\/www.eloriente.net\/home\/wp-content\/uploads\/2013\/09\/IFE-RENOVACION-CREDENCIAL-200x300.jpg\" alt=\"\" width=\"200\" height=\"300\" srcset=\"http:\/\/www.eloriente.net\/home\/wp-content\/uploads\/2013\/09\/IFE-RENOVACION-CREDENCIAL-200x300.jpg 200w, http:\/\/www.eloriente.net\/home\/wp-content\/uploads\/2013\/09\/IFE-RENOVACION-CREDENCIAL.jpg 683w\" sizes=\"(max-width: 200px) 100vw, 200px\" \/><\/a><\/p>\n\n\t\t\t  <div \n\t\t\t  \tclass = \"fb-comments\" \n\t\t\t  \tdata-href = \"http:\/\/www.eloriente.net\/home\/2013\/09\/23\/credenciales-de-elector-09-y-12-perderan-vigencia-el-1-de-enero-de-2014-ife\/\"\n\t\t\t  \tdata-numposts = \"10\"\n\t\t\t\tdata-colorscheme = \"dark\"\n\t\t\t\tdata-order-by = \"social\"\n\t\t\t\tdata-mobile=true>\n\t\t\t  <\/div>\n\t\t  <style>\n\t\t\t.fb_iframe_widget_fluid_desktop iframe {\n\t\t\t    width: 100% !important;\n\t\t\t}\n\t\t  <\/style>\n\t\t  ","protected":false},"excerpt":{"rendered":"<p>eloriente.net\/Instituto Federal Electoral 23 de septiembre de 2013 IFE Oaxaca inicia Jornada Nacional de Renovaci\u00f3n de estas micas con una distribuci\u00f3n desde el centro de la ciudad capitalina hasta cubrir todo el estado. Roberto Heycher Cardiel Soto, delegado de la Junta Local del Instituto Federal Electoral (IFE) en Oaxaca, invit\u00f3 a las a los oaxaque\u00f1os [&hellip;]<\/p>\n","protected":false},"author":1,"featured_media":16605,"comment_status":"open","ping_status":"open","sticky":false,"template":"","format":"standard","meta":{"_jetpack_memberships_contains_paid_content":false,"footnotes":""},"categories":[29,71,32,10,21,31],"tags":[],"class_list":["post-16604","post","type-post","status-publish","format-standard","has-post-thumbnail","hentry","category-capital","category-elecciones","category-entradas","category-lo-mas-reciente","category-politica-y-gobierno","category-principal"],"jetpack_featured_media_url":"http:\/\/www.eloriente.net\/home\/wp-content\/uploads\/2013\/09\/FOTO-1.jpg","jetpack_sharing_enabled":true,"_links":{"self":[{"href":"http:\/\/www.eloriente.net\/home\/wp-json\/wp\/v2\/posts\/16604"}],"collection":[{"href":"http:\/\/www.eloriente.net\/home\/wp-json\/wp\/v2\/posts"}],"about":[{"href":"http:\/\/www.eloriente.net\/home\/wp-json\/wp\/v2\/types\/post"}],"author":[{"embeddable":true,"href":"http:\/\/www.eloriente.net\/home\/wp-json\/wp\/v2\/users\/1"}],"replies":[{"embeddable":true,"href":"http:\/\/www.eloriente.net\/home\/wp-json\/wp\/v2\/comments?post=16604"}],"version-history":[{"count":1,"href":"http:\/\/www.eloriente.net\/home\/wp-json\/wp\/v2\/posts\/16604\/revisions"}],"predecessor-version":[{"id":16607,"href":"http:\/\/www.eloriente.net\/home\/wp-json\/wp\/v2\/posts\/16604\/revisions\/16607"}],"wp:featuredmedia":[{"embeddable":true,"href":"http:\/\/www.eloriente.net\/home\/wp-json\/wp\/v2\/media\/16605"}],"wp:attachment":[{"href":"http:\/\/www.eloriente.net\/home\/wp-json\/wp\/v2\/media?parent=16604"}],"wp:term":[{"taxonomy":"category","embeddable":true,"href":"http:\/\/www.eloriente.net\/home\/wp-json\/wp\/v2\/categories?post=16604"},{"taxonomy":"post_tag","embeddable":true,"href":"http:\/\/www.eloriente.net\/home\/wp-json\/wp\/v2\/tags?post=16604"}],"curies":[{"name":"wp","href":"https:\/\/api.w.org\/{rel}","templated":true}]}}