{"id":16627,"date":"2013-09-25T16:02:39","date_gmt":"2013-09-25T22:02:39","guid":{"rendered":"http:\/\/www.eloriente.net\/home\/?p=16627"},"modified":"2013-09-25T16:02:39","modified_gmt":"2013-09-25T22:02:39","slug":"solicito-que-los-recursos-realmente-se-apliquen-a-reconstruccion-pena-nieto","status":"publish","type":"post","link":"http:\/\/www.eloriente.net\/home\/2013\/09\/25\/solicito-que-los-recursos-realmente-se-apliquen-a-reconstruccion-pena-nieto\/","title":{"rendered":"\u00abSolicito que los recursos realmente se apliquen a reconstrucci\u00f3n\u00bb: Pe\u00f1a Nieto"},"content":{"rendered":"<p>eloriente.net<\/p>\n<p>25 de septiembre de 2013<\/p>\n<p>eloriente.net (Oaxaca, Oax. a 25 de septiembre de 2013).- \u00abTransparencia y debido ejercicio de los recursos del FONDEM\u00bb, es la instrucci\u00f3n que ha girado esta tarde el presidente Enrique Pe\u00f1a Nieto en el marco de la Reuni\u00f3n de Evaluaci\u00f3n del gobierno en pleno sobre la emergencia por lluvias en M\u00e9xico.<\/p>\n<p>Pe\u00f1a dijo que las lluvias que se han sentido en el pa\u00eds son las m\u00e1s intensas al menos desde 1955, por lo cual, antes de cualquier tema en la reuni\u00f3n, solicit\u00f3 un minuto de silencio a los asistentes en memoria de las personas que han perdido la vida debido a la contingencia.<\/p>\n<p>Inmediatamente despu\u00e9s, instruy\u00f3 a la Secretar\u00eda de Gobernaci\u00f3n a formalizar y actualizar el Atlas Nacional de Riesgos, para tomar medidas preventivas hacia futuro, que permita mitigar da\u00f1os similares a los que ha sufrido el pa\u00eds en las \u00faltimas semanas.<\/p>\n<p>Las Secretar\u00edas de la Defensa Nacional y de la Marina, recibieron asimismo un reconocimiento del Ejecutivo, sobre todo por su apoyo en las labores de auxilio y colaboraci\u00f3n en las comunidades hacia los damnificados.<\/p>\n<p>Anunci\u00f3 que eventualmente podr\u00e1 modernizarse el Plan de auxilio que se tiene dise\u00f1ado actualmente para actuar con protocolos modernos y m\u00e1s eficaces.<\/p>\n<p>\u00abNo vamos a permitir que se lucre con los daminificados ni con la ayuda que se env\u00ede a las comunidades\u00bb, enfatiz\u00f3, al tiempo que gir\u00f3 instrucciones a diversas instancias a favor de los damnificados.<\/p>\n<p>A la Secretar\u00eda de Econom\u00eda encarg\u00f3 el fortalecimiento de un fondo para las empresas que se han visto afectadas, incluyendo peque\u00f1os negocios, para efectos de colaborar en el reinicio de sus actividades.<\/p>\n<p>Record\u00f3, en el caso de las Comunicaciones y Transportes, que comprometi\u00f3 con las comunidades (entre ellas las de Coyuca de Benitez en Guerrero y toda la costa grande de ese estado) que en no m\u00e1s de 10 d\u00edas se restablecer\u00e1 la comunicaci\u00f3n con las mismas.<\/p>\n<p>Solicit\u00f3 a la dependencia encargada del ramo que le entregue una cuantificaci\u00f3n sobre los da\u00f1os y recursos que har\u00e1n falta para restablecer las comunicaciones en el pa\u00eds a la brevedad. El mismo compromiso solicit\u00f3 a la Secretar\u00eda de Educaci\u00f3n, enfatizando en la operaci\u00f3n del programa Escuela Digna y al despacho de Salud para que se puedan poner en funcionamiento todas y cada unas de las cl\u00ednicas de M\u00e9xico.<\/p>\n<p>Pe\u00f1a Nieto finaliz\u00f3 reiterando la solicitud a los gobernadores para que los recursos del FONDEM se dediquen realmente a los trabajos de reconstrucci\u00f3n, as\u00ed como la posibilidad de \u00abactuar en un s\u00f3lo frente com\u00fan\u00bb.<\/p>\n<p>&nbsp;<\/p>\n<p><a href=\"http:\/\/www.eloriente.net\/home\/wp-content\/uploads\/2012\/09\/pe\u00f1a-nieto.jpeg\"><img loading=\"lazy\" decoding=\"async\" class=\"alignnone size-medium wp-image-3231\" title=\"pe\u00f1a nieto\" src=\"http:\/\/www.eloriente.net\/home\/wp-content\/uploads\/2012\/09\/pe\u00f1a-nieto-300x200.jpeg\" alt=\"\" width=\"300\" height=\"200\" srcset=\"http:\/\/www.eloriente.net\/home\/wp-content\/uploads\/2012\/09\/pe\u00f1a-nieto-300x200.jpeg 300w, http:\/\/www.eloriente.net\/home\/wp-content\/uploads\/2012\/09\/pe\u00f1a-nieto.jpeg 1024w\" sizes=\"(max-width: 300px) 100vw, 300px\" \/><\/a><\/p>\n<p>Foto: EPN DR. (Archivo)<\/p>\n<p>&nbsp;<\/p>\n\n\t\t\t  <div \n\t\t\t  \tclass = \"fb-comments\" \n\t\t\t  \tdata-href = \"http:\/\/www.eloriente.net\/home\/2013\/09\/25\/solicito-que-los-recursos-realmente-se-apliquen-a-reconstruccion-pena-nieto\/\"\n\t\t\t  \tdata-numposts = \"10\"\n\t\t\t\tdata-colorscheme = \"dark\"\n\t\t\t\tdata-order-by = \"social\"\n\t\t\t\tdata-mobile=true>\n\t\t\t  <\/div>\n\t\t  <style>\n\t\t\t.fb_iframe_widget_fluid_desktop iframe {\n\t\t\t    width: 100% !important;\n\t\t\t}\n\t\t  <\/style>\n\t\t  ","protected":false},"excerpt":{"rendered":"<p>eloriente.net 25 de septiembre de 2013 eloriente.net (Oaxaca, Oax. a 25 de septiembre de 2013).- \u00abTransparencia y debido ejercicio de los recursos del FONDEM\u00bb, es la instrucci\u00f3n que ha girado esta tarde el presidente Enrique Pe\u00f1a Nieto en el marco de la Reuni\u00f3n de Evaluaci\u00f3n del gobierno en pleno sobre la emergencia por lluvias en [&hellip;]<\/p>\n","protected":false},"author":1,"featured_media":3231,"comment_status":"open","ping_status":"open","sticky":false,"template":"","format":"standard","meta":{"_jetpack_memberships_contains_paid_content":false,"footnotes":""},"categories":[32,10,24,21],"tags":[],"class_list":["post-16627","post","type-post","status-publish","format-standard","has-post-thumbnail","hentry","category-entradas","category-lo-mas-reciente","category-mexico-y-el-mundo","category-politica-y-gobierno"],"jetpack_featured_media_url":"http:\/\/www.eloriente.net\/home\/wp-content\/uploads\/2012\/09\/pe\u00f1a-nieto.jpeg","jetpack_sharing_enabled":true,"_links":{"self":[{"href":"http:\/\/www.eloriente.net\/home\/wp-json\/wp\/v2\/posts\/16627"}],"collection":[{"href":"http:\/\/www.eloriente.net\/home\/wp-json\/wp\/v2\/posts"}],"about":[{"href":"http:\/\/www.eloriente.net\/home\/wp-json\/wp\/v2\/types\/post"}],"author":[{"embeddable":true,"href":"http:\/\/www.eloriente.net\/home\/wp-json\/wp\/v2\/users\/1"}],"replies":[{"embeddable":true,"href":"http:\/\/www.eloriente.net\/home\/wp-json\/wp\/v2\/comments?post=16627"}],"version-history":[{"count":2,"href":"http:\/\/www.eloriente.net\/home\/wp-json\/wp\/v2\/posts\/16627\/revisions"}],"predecessor-version":[{"id":16633,"href":"http:\/\/www.eloriente.net\/home\/wp-json\/wp\/v2\/posts\/16627\/revisions\/16633"}],"wp:featuredmedia":[{"embeddable":true,"href":"http:\/\/www.eloriente.net\/home\/wp-json\/wp\/v2\/media\/3231"}],"wp:attachment":[{"href":"http:\/\/www.eloriente.net\/home\/wp-json\/wp\/v2\/media?parent=16627"}],"wp:term":[{"taxonomy":"category","embeddable":true,"href":"http:\/\/www.eloriente.net\/home\/wp-json\/wp\/v2\/categories?post=16627"},{"taxonomy":"post_tag","embeddable":true,"href":"http:\/\/www.eloriente.net\/home\/wp-json\/wp\/v2\/tags?post=16627"}],"curies":[{"name":"wp","href":"https:\/\/api.w.org\/{rel}","templated":true}]}}