{"id":16629,"date":"2013-09-25T15:58:48","date_gmt":"2013-09-25T21:58:48","guid":{"rendered":"http:\/\/www.eloriente.net\/home\/?p=16629"},"modified":"2013-09-25T15:58:49","modified_gmt":"2013-09-25T21:58:49","slug":"26sep13-1100-en-vivo-la-politica-de-prevencion-de-la-violencia-y-la-delincuencia-desde-iij","status":"publish","type":"post","link":"http:\/\/www.eloriente.net\/home\/2013\/09\/25\/26sep13-1100-en-vivo-la-politica-de-prevencion-de-la-violencia-y-la-delincuencia-desde-iij\/","title":{"rendered":"26\/Sep\/13 11:00 En Vivo: \u00abLa pol\u00edtica de prevenci\u00f3n de la violencia y la delincuencia\u00bb, desde IIJ"},"content":{"rendered":"<p>eloriente.net<\/p>\n<p>25 de septiembre de 2013<\/p>\n<p>ELORIENTE.NET es una plataforma de comunicaci\u00f3n que tiene, como uno de sus objetivos principales, destacar el contenido y oportunidades universales para que sean aprovechadas por nuestros lectores en sus respectivos campos de actividad.<\/p>\n<p>En este caso, la comunidad jur\u00eddica puede enlazarse con el Instituto de Investigaci\u00f3n Jur\u00eddica m\u00e1s prestigiado del pa\u00eds, el de la Universidad Nacional Aut\u00f3noma de M\u00e9xico (UNAM), para seguir la se\u00f1al de Jur\u00eddicas TV en el Seminario Internacional \u00abLa Justicia Terap\u00e9utica: una alternativa de desarrollo\u00bb.<\/p>\n<p>Para el 26 de septiembre, este Seminario contar\u00e1 con participaciones de primer orden, entre las que destacamos la Conferencia \u00abLa Pol\u00edtica de Prevenci\u00f3n de la Violencia y de la Delincuencia\u00bb, en voz del encargado de la Subsecretar\u00eda de Prevenci\u00f3n y Participaci\u00f3n Ciudadana de la Secretar\u00eda de Gobernaci\u00f3n, Roberto Campa.<\/p>\n<p>Como bien sabe el lector, el tema de la prevenci\u00f3n de la violencia y la construcci\u00f3n social de la seguridad es parte de la agenda prioritaria de atenci\u00f3n en el contenido de ELORIENTE.NET.<\/p>\n<p>Abajo puedes consultar el programa completo del Seminario. Por lo pronto, da click en la siguiente imagen para enlazarte a partir de las 11 de la ma\u00f1ana a la se\u00f1al del Seminario:<\/p>\n<p style=\"text-align: center;\"><a href=\"mms:\/\/ijpc36.juridicas.unam.mx\/TVJuridicas\/\" target=\"_blank\"><img loading=\"lazy\" decoding=\"async\" class=\"alignnone  wp-image-16630\" title=\"Biblioteca Central UNAM Algunos derechos reservados por scanudas\" src=\"http:\/\/www.eloriente.net\/home\/wp-content\/uploads\/2013\/09\/Biblioteca-Central-UNAM-Algunos-derechos-reservados-por-scanudas-300x218.jpg\" alt=\"\" width=\"300\" height=\"218\" srcset=\"http:\/\/www.eloriente.net\/home\/wp-content\/uploads\/2013\/09\/Biblioteca-Central-UNAM-Algunos-derechos-reservados-por-scanudas-300x218.jpg 300w, http:\/\/www.eloriente.net\/home\/wp-content\/uploads\/2013\/09\/Biblioteca-Central-UNAM-Algunos-derechos-reservados-por-scanudas.jpg 1024w\" sizes=\"(max-width: 300px) 100vw, 300px\" \/><\/a><\/p>\n<p>&nbsp;<\/p>\n<table width=\"450\" border=\"0\" cellspacing=\"2\" cellpadding=\"2\">\n<tbody>\n<tr bgcolor=\"#dddddd\">\n<td align=\"CENTER\" valign=\"TOP\" width=\"80\">26\/sep\/2013<br \/>\n<a href=\"http:\/\/www.juridicas.unam.mx\/tvjuridicas\/?f=26\/sep\/2013&amp;dk=1#p\">11:00 hrs.<\/a><\/td>\n<td valign=\"TOP\" width=\"380\">Primer Seminario Internacional La Justicia Terap\u00e9utica: una alternativa en desarrollo<br \/>\nInauguraci\u00f3n &#8211; Conferencia La Pol\u00edtica de Prevenci\u00f3n de la Violencia y de la Delincuencia &#8211; Preguntas y respuestas &#8211; Conferencia La Justicia Alternativa en Nuevo Le\u00f3n &#8211; Preguntas y respuestas &#8211; Conferencia El Inicio de la Justicia Terap\u00e9utica en M\u00e9xico &#8211; Preguntas y respuestas<\/td>\n<\/tr>\n<tr>\n<td align=\"CENTER\" valign=\"TOP\" width=\"80\">27\/sep\/2013<br \/>\n<a href=\"http:\/\/www.juridicas.unam.mx\/tvjuridicas\/?f=27\/sep\/2013&amp;dk=2#p\">11:00 hrs.<\/a><\/td>\n<td valign=\"TOP\" width=\"380\">Primer Seminario Internacional La Justicia Terap\u00e9utica: una alternativa en desarrollo<br \/>\nConferencia Las Cortes de Drogas en los Estados Unidos de Am\u00e9rica: el inicio &#8211; Preguntas y respuestas<\/td>\n<\/tr>\n<tr bgcolor=\"#dddddd\">\n<td align=\"CENTER\" valign=\"TOP\" width=\"80\">27\/sep\/2013<br \/>\n<a href=\"http:\/\/www.juridicas.unam.mx\/tvjuridicas\/?f=27\/sep\/2013&amp;dk=3#p\">12:21 hrs.<\/a><\/td>\n<td valign=\"TOP\" width=\"380\">Primer Seminario Internacional La Justicia Terap\u00e9utica: una alternativa en desarrollo<br \/>\nConferencia Formas de Justicia Alternativa en la Reforma Penal Integral del Estado de Chihuahua &#8211; Preguntas y respuestas<\/td>\n<\/tr>\n<tr>\n<td align=\"CENTER\" valign=\"TOP\" width=\"80\">27\/sep\/2013<br \/>\n<a href=\"http:\/\/www.juridicas.unam.mx\/tvjuridicas\/?f=27\/sep\/2013&amp;dk=4#p\">13:37 hrs.<\/a><\/td>\n<td valign=\"TOP\" width=\"380\">Primer Seminario Internacional La Justicia Terap\u00e9utica: una alternativa en desarrollo<br \/>\nConferencia Retos en la Expansi\u00f3n del Modelo de Tribunales para Tratamiento de Adicciones en M\u00e9xico &#8211; Preguntas y respuestas<\/td>\n<\/tr>\n<tr bgcolor=\"#dddddd\">\n<td align=\"CENTER\" valign=\"TOP\" width=\"80\">27\/sep\/2013<br \/>\n<a href=\"http:\/\/www.juridicas.unam.mx\/tvjuridicas\/?f=27\/sep\/2013&amp;dk=5#p\">14:29 hrs.<\/a><\/td>\n<td valign=\"TOP\" width=\"380\">Primer Seminario Internacional La Justicia Terap\u00e9utica: una alternativa en desarrollo<br \/>\nConferencia El Programa Integral Contra las Adicciones de la Comisi\u00f3n Nacional Contra las Adicciones<\/td>\n<\/tr>\n<tr>\n<td align=\"CENTER\" valign=\"TOP\" width=\"80\">30\/sep\/2013<br \/>\n<a href=\"http:\/\/www.juridicas.unam.mx\/tvjuridicas\/?f=30\/sep\/2013&amp;dk=6#p\">11:00 hrs.<\/a><\/td>\n<td valign=\"TOP\" width=\"380\">Primer Seminario Internacional La Justicia Terap\u00e9utica: una alternativa en desarrollo<br \/>\nConferencia Los Juzgados para el Tratamiento Contra las Adicciones en el Estado de Nuevo Le\u00f3n<\/td>\n<\/tr>\n<tr bgcolor=\"#dddddd\">\n<td align=\"CENTER\" valign=\"TOP\" width=\"80\">30\/sep\/2013<br \/>\n<a href=\"http:\/\/www.juridicas.unam.mx\/tvjuridicas\/?f=30\/sep\/2013&amp;dk=7#p\">12:04 hrs.<\/a><\/td>\n<td valign=\"TOP\" width=\"380\">Primer Seminario Internacional La Justicia Terap\u00e9utica: una alternativa en desarrollo<br \/>\nConferencia Los Centros de Tratamiento para las Adicciones en la Procuradur\u00eda General de Justicia del Estado de Chiapas &#8211; Preguntas y respuestas<\/td>\n<\/tr>\n<tr>\n<td align=\"CENTER\" valign=\"TOP\" width=\"80\">30\/sep\/2013<br \/>\n<a href=\"http:\/\/www.juridicas.unam.mx\/tvjuridicas\/?f=30\/sep\/2013&amp;dk=8#p\">13:01 hrs.<\/a><\/td>\n<td valign=\"TOP\" width=\"380\">Primer Seminario Internacional La Justicia Terap\u00e9utica: una alternativa en desarrollo<br \/>\nConferencia Los Mecanismos Alternativos de Soluci\u00f3n de Conflictos, en el Nuevo Sistema de Justicia Penal &#8211; Preguntas y respuestas<\/td>\n<\/tr>\n<tr bgcolor=\"#dddddd\">\n<td align=\"CENTER\" valign=\"TOP\" width=\"80\">30\/sep\/2013<br \/>\n<a href=\"http:\/\/www.juridicas.unam.mx\/tvjuridicas\/?f=30\/sep\/2013&amp;dk=9#p\">14:18 hrs.<\/a><\/td>\n<td valign=\"TOP\" width=\"380\">Primer Seminario Internacional La Justicia Terap\u00e9utica: una alternativa en desarrollo<br \/>\nMesa redonda &#8211; Conclusiones y Clausura<\/td>\n<\/tr>\n<\/tbody>\n<\/table>\n\n\t\t\t  <div \n\t\t\t  \tclass = \"fb-comments\" \n\t\t\t  \tdata-href = \"http:\/\/www.eloriente.net\/home\/2013\/09\/25\/26sep13-1100-en-vivo-la-politica-de-prevencion-de-la-violencia-y-la-delincuencia-desde-iij\/\"\n\t\t\t  \tdata-numposts = \"10\"\n\t\t\t\tdata-colorscheme = \"dark\"\n\t\t\t\tdata-order-by = \"social\"\n\t\t\t\tdata-mobile=true>\n\t\t\t  <\/div>\n\t\t  <style>\n\t\t\t.fb_iframe_widget_fluid_desktop iframe {\n\t\t\t    width: 100% !important;\n\t\t\t}\n\t\t  <\/style>\n\t\t  ","protected":false},"excerpt":{"rendered":"<p>eloriente.net 25 de septiembre de 2013 ELORIENTE.NET es una plataforma de comunicaci\u00f3n que tiene, como uno de sus objetivos principales, destacar el contenido y oportunidades universales para que sean aprovechadas por nuestros lectores en sus respectivos campos de actividad. En este caso, la comunidad jur\u00eddica puede enlazarse con el Instituto de Investigaci\u00f3n Jur\u00eddica m\u00e1s prestigiado [&hellip;]<\/p>\n","protected":false},"author":1,"featured_media":16630,"comment_status":"open","ping_status":"open","sticky":false,"template":"","format":"standard","meta":{"_jetpack_memberships_contains_paid_content":false,"footnotes":""},"categories":[4,18,32,13,31,84],"tags":[],"class_list":["post-16629","post","type-post","status-publish","format-standard","has-post-thumbnail","hentry","category-canal-2-en-vivo","category-educacion-y-cultura","category-entradas","category-especiales","category-principal","category-universidades"],"jetpack_featured_media_url":"http:\/\/www.eloriente.net\/home\/wp-content\/uploads\/2013\/09\/Biblioteca-Central-UNAM-Algunos-derechos-reservados-por-scanudas.jpg","jetpack_sharing_enabled":true,"_links":{"self":[{"href":"http:\/\/www.eloriente.net\/home\/wp-json\/wp\/v2\/posts\/16629"}],"collection":[{"href":"http:\/\/www.eloriente.net\/home\/wp-json\/wp\/v2\/posts"}],"about":[{"href":"http:\/\/www.eloriente.net\/home\/wp-json\/wp\/v2\/types\/post"}],"author":[{"embeddable":true,"href":"http:\/\/www.eloriente.net\/home\/wp-json\/wp\/v2\/users\/1"}],"replies":[{"embeddable":true,"href":"http:\/\/www.eloriente.net\/home\/wp-json\/wp\/v2\/comments?post=16629"}],"version-history":[{"count":1,"href":"http:\/\/www.eloriente.net\/home\/wp-json\/wp\/v2\/posts\/16629\/revisions"}],"predecessor-version":[{"id":16631,"href":"http:\/\/www.eloriente.net\/home\/wp-json\/wp\/v2\/posts\/16629\/revisions\/16631"}],"wp:featuredmedia":[{"embeddable":true,"href":"http:\/\/www.eloriente.net\/home\/wp-json\/wp\/v2\/media\/16630"}],"wp:attachment":[{"href":"http:\/\/www.eloriente.net\/home\/wp-json\/wp\/v2\/media?parent=16629"}],"wp:term":[{"taxonomy":"category","embeddable":true,"href":"http:\/\/www.eloriente.net\/home\/wp-json\/wp\/v2\/categories?post=16629"},{"taxonomy":"post_tag","embeddable":true,"href":"http:\/\/www.eloriente.net\/home\/wp-json\/wp\/v2\/tags?post=16629"}],"curies":[{"name":"wp","href":"https:\/\/api.w.org\/{rel}","templated":true}]}}