{"id":16634,"date":"2013-09-25T17:29:28","date_gmt":"2013-09-25T23:29:28","guid":{"rendered":"http:\/\/www.eloriente.net\/home\/?p=16634"},"modified":"2013-09-25T17:29:28","modified_gmt":"2013-09-25T23:29:28","slug":"tribunal-de-oaxaca-inicia-curso-en-mediacion-conciliacion-y-arbitraje","status":"publish","type":"post","link":"http:\/\/www.eloriente.net\/home\/2013\/09\/25\/tribunal-de-oaxaca-inicia-curso-en-mediacion-conciliacion-y-arbitraje\/","title":{"rendered":"Tribunal de Oaxaca inicia curso en Mediaci\u00f3n, Conciliaci\u00f3n y Arbitraje"},"content":{"rendered":"<p>eloriente.net\/<a href=\"http:\/\/www.tribunaloax.gob.mx\/\" target=\"_blank\">Tribunal Superior de Justicia<\/a><\/p>\n<p>25 de septiembre de 2013<\/p>\n<p>Funcionarios del Poder Judicial compartir\u00e1n conocimientos sobre la Mediaci\u00f3n a estudiantes y ex alumnos de la Universidad Regional del Sureste<\/p>\n<p>Resultado del trabajo interinstitucional con el sector educativo, el Poder Judicial de Oaxaca inici\u00f3 con la Universidad Regional del Sureste (URSE), un \u201cCurso Taller Sobre Mediaci\u00f3n, Conciliaci\u00f3n y Arbitraje\u201d, dirigido a estudiantes y ex alumnos de la Facultad de Derecho y Ciencias Sociales, con la intenci\u00f3n de capacitar a los futuros abogados sobre los mecanismos alternos del nuevo sistema de justicia.<\/p>\n<p>Ante el rector de esa casa de estudios, Benjam\u00edn Alonso Smith Arango, representantes del Honorable Tribunal Superior de Justicia, del Consejo de la Judicatura y del Centro de Justicia Alternativa, adem\u00e1s de estudiantes y profesores de la licenciatura en Derecho, el magistrado presidente Alfredo Lagunas Rivera realiz\u00f3 la declaratoria inaugural.<\/p>\n<p>Dijo que el Poder Judicial del Estado de Oaxaca, se ha caracterizado a nivel nacional, por la implementaci\u00f3n de medidas alternas para beneficio de la ciudadan\u00eda, mediante las cuales sus problemas, antes de un juicio o dentro de \u00e9ste, encuentran manera r\u00e1pida y gratuita una soluci\u00f3n que provenga de la voluntad consensada de las partes, restaurando las diferencias\u00a0 y evitando la prolongaci\u00f3n de los conflictos.<\/p>\n<p>\u201cEs as\u00ed que la justicia alternativa a trav\u00e9s de la mediaci\u00f3n, es un m\u00e9todo de soluci\u00f3n pac\u00edfica de problemas de diferente \u00edndole, que conduce a los usuarios a resolver sus conflictos a trav\u00e9s del di\u00e1logo y el respeto\u201d, puntualiz\u00f3.<\/p>\n<p>Por su parte, el rector de la Universidad Regional del Sureste, Benjam\u00edn Alonso Smith Arango, agradeci\u00f3 la disposici\u00f3n de los funcionarios del Poder Judicial para compartir sus conocimientos sobre la mediaci\u00f3n, mismos que hasta la fecha no est\u00e1n contemplados en la curr\u00edcula de materias de los alumnos, pero que son fundamentales para la eficiente y eficaz funci\u00f3n de los futuros licenciados.<\/p>\n<p>Posteriormente, el magistrado integrante de la Segunda Sala Civil del Tribunal Superior de Justicia, Ricardo Javier Herrera Muzgo Rebollo, imparti\u00f3 ante los estudiantes y profesores de la Facultad, la conferencia magistral titulada \u201cLa mediaci\u00f3n como m\u00e9todo alterno de soluci\u00f3n de conflictos\u201d, donde habl\u00f3 de los alcances de este mecanismo implementado en el 2002 en la entidad.<\/p>\n<p>En el evento estuvieron presentes, adem\u00e1s, el consejero de la judicatura Jos\u00e9 Luis Reyes Hern\u00e1ndez, el encargado del Centro de Justicia Alternativa, Galileo Robles, el director de la Facultad de Derecho y Ciencias Sociales de la URSE Francisco Mart\u00ednez S\u00e1nchez y mediadores del Centro de Justicia Alternativa.<\/p>\n<p>El curso- taller ser\u00e1 impartido los d\u00edas viernes y s\u00e1bado, del 4 de octubre al 16 de noviembre de 2013 en las instalaciones de la Universidad Regional del Sureste, campus \u201cEl Rosario\u201d.<\/p>\n<p><a href=\"http:\/\/www.eloriente.net\/home\/wp-content\/uploads\/2013\/09\/Curso-Tribunal-URSE.jpg\"><img loading=\"lazy\" decoding=\"async\" class=\"alignnone size-medium wp-image-16635\" title=\"Curso Tribunal URSE\" src=\"http:\/\/www.eloriente.net\/home\/wp-content\/uploads\/2013\/09\/Curso-Tribunal-URSE-300x168.jpg\" alt=\"\" width=\"300\" height=\"168\" srcset=\"http:\/\/www.eloriente.net\/home\/wp-content\/uploads\/2013\/09\/Curso-Tribunal-URSE-300x168.jpg 300w, http:\/\/www.eloriente.net\/home\/wp-content\/uploads\/2013\/09\/Curso-Tribunal-URSE-1024x575.jpg 1024w\" sizes=\"(max-width: 300px) 100vw, 300px\" \/><\/a><\/p>\n<p>Foto: TSJEO<\/p>\n\n\t\t\t  <div \n\t\t\t  \tclass = \"fb-comments\" \n\t\t\t  \tdata-href = \"http:\/\/www.eloriente.net\/home\/2013\/09\/25\/tribunal-de-oaxaca-inicia-curso-en-mediacion-conciliacion-y-arbitraje\/\"\n\t\t\t  \tdata-numposts = \"10\"\n\t\t\t\tdata-colorscheme = \"dark\"\n\t\t\t\tdata-order-by = \"social\"\n\t\t\t\tdata-mobile=true>\n\t\t\t  <\/div>\n\t\t  <style>\n\t\t\t.fb_iframe_widget_fluid_desktop iframe {\n\t\t\t    width: 100% !important;\n\t\t\t}\n\t\t  <\/style>\n\t\t  ","protected":false},"excerpt":{"rendered":"<p>eloriente.net\/Tribunal Superior de Justicia 25 de septiembre de 2013 Funcionarios del Poder Judicial compartir\u00e1n conocimientos sobre la Mediaci\u00f3n a estudiantes y ex alumnos de la Universidad Regional del Sureste Resultado del trabajo interinstitucional con el sector educativo, el Poder Judicial de Oaxaca inici\u00f3 con la Universidad Regional del Sureste (URSE), un \u201cCurso Taller Sobre Mediaci\u00f3n, [&hellip;]<\/p>\n","protected":false},"author":1,"featured_media":16635,"comment_status":"open","ping_status":"open","sticky":false,"template":"","format":"standard","meta":{"_jetpack_memberships_contains_paid_content":false,"footnotes":""},"categories":[29,22,32,10],"tags":[],"class_list":["post-16634","post","type-post","status-publish","format-standard","has-post-thumbnail","hentry","category-capital","category-derechos-humanos","category-entradas","category-lo-mas-reciente"],"jetpack_featured_media_url":"http:\/\/www.eloriente.net\/home\/wp-content\/uploads\/2013\/09\/Curso-Tribunal-URSE.jpg","jetpack_sharing_enabled":true,"_links":{"self":[{"href":"http:\/\/www.eloriente.net\/home\/wp-json\/wp\/v2\/posts\/16634"}],"collection":[{"href":"http:\/\/www.eloriente.net\/home\/wp-json\/wp\/v2\/posts"}],"about":[{"href":"http:\/\/www.eloriente.net\/home\/wp-json\/wp\/v2\/types\/post"}],"author":[{"embeddable":true,"href":"http:\/\/www.eloriente.net\/home\/wp-json\/wp\/v2\/users\/1"}],"replies":[{"embeddable":true,"href":"http:\/\/www.eloriente.net\/home\/wp-json\/wp\/v2\/comments?post=16634"}],"version-history":[{"count":1,"href":"http:\/\/www.eloriente.net\/home\/wp-json\/wp\/v2\/posts\/16634\/revisions"}],"predecessor-version":[{"id":16636,"href":"http:\/\/www.eloriente.net\/home\/wp-json\/wp\/v2\/posts\/16634\/revisions\/16636"}],"wp:featuredmedia":[{"embeddable":true,"href":"http:\/\/www.eloriente.net\/home\/wp-json\/wp\/v2\/media\/16635"}],"wp:attachment":[{"href":"http:\/\/www.eloriente.net\/home\/wp-json\/wp\/v2\/media?parent=16634"}],"wp:term":[{"taxonomy":"category","embeddable":true,"href":"http:\/\/www.eloriente.net\/home\/wp-json\/wp\/v2\/categories?post=16634"},{"taxonomy":"post_tag","embeddable":true,"href":"http:\/\/www.eloriente.net\/home\/wp-json\/wp\/v2\/tags?post=16634"}],"curies":[{"name":"wp","href":"https:\/\/api.w.org\/{rel}","templated":true}]}}