{"id":16641,"date":"2013-09-26T08:32:57","date_gmt":"2013-09-26T14:32:57","guid":{"rendered":"http:\/\/www.eloriente.net\/home\/?p=16641"},"modified":"2013-09-26T08:32:57","modified_gmt":"2013-09-26T14:32:57","slug":"personas-con-discapacidad-en-la-reconstruccion-del-pais","status":"publish","type":"post","link":"http:\/\/www.eloriente.net\/home\/2013\/09\/26\/personas-con-discapacidad-en-la-reconstruccion-del-pais\/","title":{"rendered":"Personas con Discapacidad en la reconstrucci\u00f3n del pa\u00eds"},"content":{"rendered":"<p>eloriente.net<\/p>\n<p>26 de septiembre de 2013<\/p>\n<p style=\"text-align: right\">Por: Alejandra Silva Soriano<\/p>\n<p>En una ocasi\u00f3n vi una pel\u00edcula que me dej\u00f3 un mensaje muy bonito, dec\u00eda que las ruinas, en el sentido m\u00e1s amplio de la palabra, son un \u201cregalo\u201d, porque representan el camino a la transformaci\u00f3n y te dan la oportunidad de hacer mejor las cosas.<\/p>\n<p>Como todos sabemos, el pa\u00eds est\u00e1 atravesando por una situaci\u00f3n dif\u00edcil debido a los desastres naturales ocurridos, sin lugar a dudas todos compartimos el dolor de las familias mexicanas que perdieron su patrimonio construido con gran esfuerzo a trav\u00e9s de a\u00f1os de trabajo.<\/p>\n<p>Sin embargo y pese a todo lo malo que est\u00e1 ocurriendo, aplicando la moraleja que cont\u00e9 al inicio de este art\u00edculo, los desastres ocurridos son una oportunidad de hacer mejor las cosas en la etapa que vamos a iniciar: LA RECONSTRUCCI\u00d3N DEL PA\u00cdS.<\/p>\n<p>Quiero hacer hincapi\u00e9 en espec\u00edfico en el tema de discapacidad, y hacer una invitaci\u00f3n a las instituciones que estar\u00e1n encargadas del dise\u00f1o y ejecuci\u00f3n del plan de recuperaci\u00f3n y reconstrucci\u00f3n de los territorios afectados, que apliquen los principios de DISE\u00d1O UNIVERSAL en las construcciones que est\u00e1n por edificarse. Con \u201cdise\u00f1o universal\u201d me refiero a que todo lo que hagan: viviendas, escuelas, plazas p\u00fablicas, parques, etc., sean accesibles para todas las personas, por supuesto, incluidas las personas con discapacidad.<\/p>\n<p>Para que esto ocurra, se debe facilitar la participaci\u00f3n activa de las personas con discapacidad en el dise\u00f1o de los programas de desarrollo, tomando siempre en cuenta su opini\u00f3n e iniciativas para la elaboraci\u00f3n de pol\u00edticas en todos los niveles.<\/p>\n<p>Finalmente, es vital sensibilizar a la sociedad en general, para transformar su percepci\u00f3n de las personas con discapacidad de v\u00edctimas y cargas a personas con dignidad y valor intr\u00ednsecos y de actores pasivos a actores que estar\u00e1n trabajando activamente en la reconstrucci\u00f3n de M\u00e9xico.<\/p>\n<p>Que tengan bonito fin de mes, abr\u00edguense bien y que Dios nos bendiga mucho.<\/p>\n<div>\n<p><a title=\"Permalink to Nuevas formas de atender a discapacitados en museos\" href=\"http:\/\/www.eloriente.net\/home\/2013\/09\/13\/nuevas-formas-de-atender-a-discapacitados-en-museos\/\" rel=\"bookmark\">Nuevas formas de atender a discapacitados en museos<\/a><\/p>\n<p><a href=\"http:\/\/www.eloriente.net\/home\/2013\/09\/13\/nuevas-formas-de-atender-a-discapacitados-en-museos\/\" rel=\"bookmark\"><img decoding=\"async\" src=\"http:\/\/www.eloriente.net\/home\/wp-content\/themes\/city-desk\/timthumb.php?src=http%3A%2F%2Fwww.eloriente.net%2Fhome%2Fwp-content%2Fuploads%2F2013%2F09%2FMap-n22-discapcitados-en-museos.jpg&amp;q=90&amp;w=160&amp;h=106&amp;zc=1\" alt=\"Nuevas formas de atender a discapacitados en museos\" \/><\/a>eloriente.net\/Agencia de Noticias de Canal 22 N22 13 de septiembre de 2013 Por Perla Vel\u00e1zquez CIUDAD DE M\u00c9XICO, M\u00e9xico, (N22).- La atenci\u00f3n a personas con discapacidades requiere de un trato especial, as\u00ed como de personal preparado para conocer tanto las limitaciones, potencialidades y caracter\u00edsticas de los visitantes. Por ello, el Museo del Templo Mayor y [&#8230;]<\/p>\n<p>September 13, 2013<\/p>\n<\/div>\n<div>\n<p><a title=\"Permalink to Acuerdo por una Vida Libre de Violencia contra las Mujeres en Oaxaca\" href=\"http:\/\/www.eloriente.net\/home\/2013\/09\/12\/acuerdo-por-una-vida-libre-de-violencia-contra-las-mujeres-en-oaxaca\/\" rel=\"bookmark\">Acuerdo por una Vida Libre de Violencia contra las Mujeres en Oaxaca<\/a><\/p>\n<p>eloriente.net 12 de septiembre de 2013 Por: Alejandra Silva Soriano Este martes pasado, con la participaci\u00f3n de los tres poderes del estado de Oaxaca, organizaciones de la sociedad civil, el sector empresarial, medios de comunicaci\u00f3n y partidos pol\u00edticos, el gobernador Gabino Cu\u00e9 Monteagudo \u00a0firm\u00f3 el \u00a0Acuerdo Estatal por una Vida Libre de Violencia contra las [&#8230;]<\/p>\n<p>September 12, 2013<\/p>\n<\/div>\n\n\t\t\t  <div \n\t\t\t  \tclass = \"fb-comments\" \n\t\t\t  \tdata-href = \"http:\/\/www.eloriente.net\/home\/2013\/09\/26\/personas-con-discapacidad-en-la-reconstruccion-del-pais\/\"\n\t\t\t  \tdata-numposts = \"10\"\n\t\t\t\tdata-colorscheme = \"dark\"\n\t\t\t\tdata-order-by = \"social\"\n\t\t\t\tdata-mobile=true>\n\t\t\t  <\/div>\n\t\t  <style>\n\t\t\t.fb_iframe_widget_fluid_desktop iframe {\n\t\t\t    width: 100% !important;\n\t\t\t}\n\t\t  <\/style>\n\t\t  ","protected":false},"excerpt":{"rendered":"<p>eloriente.net 26 de septiembre de 2013 Por: Alejandra Silva Soriano En una ocasi\u00f3n vi una pel\u00edcula que me dej\u00f3 un mensaje muy bonito, dec\u00eda que las ruinas, en el sentido m\u00e1s amplio de la palabra, son un \u201cregalo\u201d, porque representan el camino a la transformaci\u00f3n y te dan la oportunidad de hacer mejor las cosas. [&hellip;]<\/p>\n","protected":false},"author":20,"featured_media":0,"comment_status":"open","ping_status":"open","sticky":false,"template":"","format":"standard","meta":{"_jetpack_memberships_contains_paid_content":false,"footnotes":""},"categories":[72,11,32,10,30],"tags":[],"class_list":["post-16641","post","type-post","status-publish","format-standard","hentry","category-alejandra-silva-soriano","category-colaboradores","category-entradas","category-lo-mas-reciente","category-salud"],"jetpack_featured_media_url":"","jetpack_sharing_enabled":true,"_links":{"self":[{"href":"http:\/\/www.eloriente.net\/home\/wp-json\/wp\/v2\/posts\/16641"}],"collection":[{"href":"http:\/\/www.eloriente.net\/home\/wp-json\/wp\/v2\/posts"}],"about":[{"href":"http:\/\/www.eloriente.net\/home\/wp-json\/wp\/v2\/types\/post"}],"author":[{"embeddable":true,"href":"http:\/\/www.eloriente.net\/home\/wp-json\/wp\/v2\/users\/20"}],"replies":[{"embeddable":true,"href":"http:\/\/www.eloriente.net\/home\/wp-json\/wp\/v2\/comments?post=16641"}],"version-history":[{"count":1,"href":"http:\/\/www.eloriente.net\/home\/wp-json\/wp\/v2\/posts\/16641\/revisions"}],"predecessor-version":[{"id":16642,"href":"http:\/\/www.eloriente.net\/home\/wp-json\/wp\/v2\/posts\/16641\/revisions\/16642"}],"wp:attachment":[{"href":"http:\/\/www.eloriente.net\/home\/wp-json\/wp\/v2\/media?parent=16641"}],"wp:term":[{"taxonomy":"category","embeddable":true,"href":"http:\/\/www.eloriente.net\/home\/wp-json\/wp\/v2\/categories?post=16641"},{"taxonomy":"post_tag","embeddable":true,"href":"http:\/\/www.eloriente.net\/home\/wp-json\/wp\/v2\/tags?post=16641"}],"curies":[{"name":"wp","href":"https:\/\/api.w.org\/{rel}","templated":true}]}}