{"id":16643,"date":"2013-09-26T08:36:42","date_gmt":"2013-09-26T14:36:42","guid":{"rendered":"http:\/\/www.eloriente.net\/home\/?p=16643"},"modified":"2013-09-26T08:36:42","modified_gmt":"2013-09-26T14:36:42","slug":"el-talon-de-aquiles-de-la-seccion-22","status":"publish","type":"post","link":"http:\/\/www.eloriente.net\/home\/2013\/09\/26\/el-talon-de-aquiles-de-la-seccion-22\/","title":{"rendered":"El Tal\u00f3n de Aquiles de la Secci\u00f3n 22"},"content":{"rendered":"<p>eloriente.net<\/p>\n<p>26 de septiembre de 2013<\/p>\n<p style=\"text-align: right\"><strong>Por: Juan Pablo Vasconcelos<br \/>\n<\/strong><\/p>\n<p><strong>El Tal\u00f3n de Aquiles de la Secci\u00f3n 22<\/strong><\/p>\n<p>Cuando la crisis parece insuperable, las soluciones emergen a la superficie como si la gravedad las forzara a volverse visibles, aprehensibles, operables. De pronto aparecen, como lo suelen hacer las botellas en el mar durante una tormenta.<\/p>\n<p>Sin embargo, las soluciones poseen una doble naturaleza: son para ganar o para derrotar. Y se gana con fortalezas, ejercitando el m\u00fasculo, planeando estrat\u00e9gicamente el uso de los mejores recursos disponibles.<\/p>\n<p>Pero si de derrotar se trata, entonces el punto neur\u00e1lgico est\u00e1 en la debilidad del contendiente, en d\u00f3nde se encuentra su tal\u00f3n de Aquiles, cu\u00e1l es el coraz\u00f3n que ha debido proteger con el escudo m\u00e1s efectivo: la apariencia.<\/p>\n<p>Poniendo por caso a la Secci\u00f3n 22 de Oaxaca, ese punto neur\u00e1lgico se ha vuelto evidente: la representaci\u00f3n.<\/p>\n<p>\u00bfA qui\u00e9nes representan los delegados que toman las decisiones en la Asamblea Estatal? \u00bfEs verdad que llevan la voz y el sentir de los 70 mil maestros de la gremial? \u00bfLos delegados responden a los intereses de la mayor\u00eda o bien a los intereses de unos cuantos grupos cabecillas?<\/p>\n<p>En suma, \u00bfla Asamblea Estatal es efectivamente la voz de todas y todos los maestros de Oaxaca?<\/p>\n<p>Si as\u00ed no fuera, la soluci\u00f3n est\u00e1 en las manos de los propios profesores, eligiendo a otros delegados, renovando la composici\u00f3n de la Asamblea hasta hacerla leg\u00edtima, aut\u00e9ntica y justa.<\/p>\n<p>El derecho a elegir a los representantes es irrenunciable y permanente.<\/p>\n<p>&nbsp;<\/p>\n<p>*El autor es Magister en Gesti\u00f3n Cultural por el Instituto Jos\u00e9 Ortega y Gasset.<\/p>\n<p>direcciongeneral@eloriente.net<\/p>\n<p>&nbsp;<\/p>\n<p>&nbsp;<\/p>\n<p>Relacionada:<\/p>\n<h2><a title=\"Permalink to \u00bfQu\u00e9 acord\u00f3 la Secci\u00f3n 22 para los pr\u00f3ximos d\u00edas?\" href=\"http:\/\/www.eloriente.net\/home\/2013\/09\/24\/que-acordo-la-seccion-22-para-los-proximos-dias\/\" rel=\"bookmark\">\u00bfQu\u00e9 acord\u00f3 la Secci\u00f3n 22 para los pr\u00f3ximos d\u00edas?<\/a><\/h2>\n<p><a href=\"http:\/\/www.eloriente.net\/home\/2013\/09\/24\/que-acordo-la-seccion-22-para-los-proximos-dias\/\" rel=\"bookmark\"><img decoding=\"async\" src=\"http:\/\/www.eloriente.net\/home\/wp-content\/themes\/city-desk\/timthumb.php?src=http%3A%2F%2Fwww.eloriente.net%2Fhome%2Fwp-content%2Fuploads%2F2013%2F09%2FCNTE-ULTIMA-NOCHE-Algunos-derechos-reservados-por-Eneas.jpg&amp;q=90&amp;w=160&amp;h=106&amp;zc=1\" alt=\"\u00bfQu\u00e9 acord\u00f3 la Secci\u00f3n 22 para los pr\u00f3ximos d\u00edas?\" \/><\/a><\/p>\n<p>eloriente.net 24 de septiembre de 2013 eloriente.net (Oaxaca, Oax. a 24 de septiembre de 2013).- 27 Acuerdos, 17 Tareas y 18 Pronunciamientos fueron dados a conocer por la Secci\u00f3n 22 de Oaxaca esta madrugada, como resultado de la Asamblea Estatal permanente efectuada ayer en el Auditorio del Sindicato Mexicano de Electricistas en la Ciudad de [&#8230;]<\/p>\n<p>September 24, 2013<\/p>\n\n\t\t\t  <div \n\t\t\t  \tclass = \"fb-comments\" \n\t\t\t  \tdata-href = \"http:\/\/www.eloriente.net\/home\/2013\/09\/26\/el-talon-de-aquiles-de-la-seccion-22\/\"\n\t\t\t  \tdata-numposts = \"10\"\n\t\t\t\tdata-colorscheme = \"dark\"\n\t\t\t\tdata-order-by = \"social\"\n\t\t\t\tdata-mobile=true>\n\t\t\t  <\/div>\n\t\t  <style>\n\t\t\t.fb_iframe_widget_fluid_desktop iframe {\n\t\t\t    width: 100% !important;\n\t\t\t}\n\t\t  <\/style>\n\t\t  ","protected":false},"excerpt":{"rendered":"<p>eloriente.net 26 de septiembre de 2013 Por: Juan Pablo Vasconcelos El Tal\u00f3n de Aquiles de la Secci\u00f3n 22 Cuando la crisis parece insuperable, las soluciones emergen a la superficie como si la gravedad las forzara a volverse visibles, aprehensibles, operables. De pronto aparecen, como lo suelen hacer las botellas en el mar durante una tormenta. [&hellip;]<\/p>\n","protected":false},"author":13,"featured_media":0,"comment_status":"open","ping_status":"open","sticky":false,"template":"","format":"standard","meta":{"_jetpack_memberships_contains_paid_content":false,"footnotes":""},"categories":[11,18,32,54,10],"tags":[],"class_list":["post-16643","post","type-post","status-publish","format-standard","hentry","category-colaboradores","category-educacion-y-cultura","category-entradas","category-juan-pablo-vasconcelos","category-lo-mas-reciente"],"jetpack_featured_media_url":"","jetpack_sharing_enabled":true,"_links":{"self":[{"href":"http:\/\/www.eloriente.net\/home\/wp-json\/wp\/v2\/posts\/16643"}],"collection":[{"href":"http:\/\/www.eloriente.net\/home\/wp-json\/wp\/v2\/posts"}],"about":[{"href":"http:\/\/www.eloriente.net\/home\/wp-json\/wp\/v2\/types\/post"}],"author":[{"embeddable":true,"href":"http:\/\/www.eloriente.net\/home\/wp-json\/wp\/v2\/users\/13"}],"replies":[{"embeddable":true,"href":"http:\/\/www.eloriente.net\/home\/wp-json\/wp\/v2\/comments?post=16643"}],"version-history":[{"count":2,"href":"http:\/\/www.eloriente.net\/home\/wp-json\/wp\/v2\/posts\/16643\/revisions"}],"predecessor-version":[{"id":16645,"href":"http:\/\/www.eloriente.net\/home\/wp-json\/wp\/v2\/posts\/16643\/revisions\/16645"}],"wp:attachment":[{"href":"http:\/\/www.eloriente.net\/home\/wp-json\/wp\/v2\/media?parent=16643"}],"wp:term":[{"taxonomy":"category","embeddable":true,"href":"http:\/\/www.eloriente.net\/home\/wp-json\/wp\/v2\/categories?post=16643"},{"taxonomy":"post_tag","embeddable":true,"href":"http:\/\/www.eloriente.net\/home\/wp-json\/wp\/v2\/tags?post=16643"}],"curies":[{"name":"wp","href":"https:\/\/api.w.org\/{rel}","templated":true}]}}