{"id":16653,"date":"2013-09-26T07:00:26","date_gmt":"2013-09-26T13:00:26","guid":{"rendered":"http:\/\/www.eloriente.net\/home\/?p=16653"},"modified":"2013-09-26T09:21:42","modified_gmt":"2013-09-26T15:21:42","slug":"26sep13-800-en-vivo-cumbre-mundial-de-la-comunicacion","status":"publish","type":"post","link":"http:\/\/www.eloriente.net\/home\/2013\/09\/26\/26sep13-800-en-vivo-cumbre-mundial-de-la-comunicacion\/","title":{"rendered":"26\/SEP\/13 8:00 EN VIVO: Cumbre de la Comunicaci\u00f3n"},"content":{"rendered":"<p>eloriente.net<\/p>\n<p>26 de septiembre de 2013<br \/>\n<iframe loading=\"lazy\" style=\"border: 0px none transparent;\" src=\"http:\/\/www.ustream.tv\/embed\/15922245?v=3&amp;wmode=direct\" frameborder=\"0\" scrolling=\"no\" width=\"480\" height=\"302\"><\/iframe><\/p>\n<p><a style=\"padding: 2px 0px 4px; width: 400px; background: #ffffff; display: block; color: #000000; font-weight: normal; font-size: 10px; text-decoration: underline; text-align: center;\" href=\"http:\/\/www.ustream.tv\/\" target=\"_blank\">Live streaming video by Ustream<\/a><\/p>\n<div>\n<h2>\u00bfQu\u00e9 es la Cumbre de la Comunicaci\u00f3n?<\/h2>\n<\/div>\n<p>La Cumbre de la Comunicaci\u00f3n, tiene como objetivo principal, reconocer los aspectos positivos que tenemos en M\u00e9xico, as\u00ed como mejorar el \u00e1nimo de todos los mexicanos, a trav\u00e9s del cambio de actitudes positivas. El reto es hacer un cambio en la actitud hacia una Actitud Positiva entre todos, para adquirir un mejor \u00e1nimo entre la sociedad y lograr un M\u00e9xico m\u00e1s competitivo, un M\u00e9xico ganador, y sentirnos orgullosos de nuestro pa\u00eds; donde hemos puesto el reto a la sociedad mexicana, de llegar a ser la 8\u00aa. Econom\u00eda Mundial para diciembre del 2020, y ser un referente anual para recordarles a los funcionarios p\u00fablicos y a la sociedad en general, cu\u00e1nto hemos avanzado o retrocedido, para lograr el objetivo deseado.<\/p>\n<p>Busca reconocer a personas e instituciones que por su trabajo, empe\u00f1o y dedicaci\u00f3n, hayan aportado algo positivo a la sociedad mexicana, por lo que el a\u00f1o pasado se otorgaron cinco Premios a la Actitud Positiva: tres que se dar\u00e1n anualmente y que son al Bien P\u00fablico, al Bien Social y Empresarial, y dos especiales que fueron a la Unidad de los Mexicanos y al Estadista; estos depender\u00e1n a\u00f1o con a\u00f1o, seg\u00fan sea el motivo.<\/p>\n<p>La Cumbre de la Comunicaci\u00f3n es una iniciativa del Lic. Jos\u00e9 Manuel Aguirre G\u00f3mez, que surgi\u00f3 en julio del 2011 y que logr\u00f3 la convocatoria de los\u00a0 gremios m\u00e1s importantes de la comunicaci\u00f3n, mercadotecnia, publicidad e investigaci\u00f3n a nivel nacional, que son los siguientes: CIRT, CANITEC, ANP, AMAP, AMAI, DIRECTA, ALAP, CICOM, AMAPRO, AMER, Consejo de la Comunicaci\u00f3n,\u00a0 AAM,\u00a0 AMIPCI, AMPE, PRORP, CIM, IAB M\u00e9xico y BIZCOM; con el auspicio de Grupo Radio Centro.<\/p>\n<p><a href=\"http:\/\/www.eloriente.net\/home\/wp-content\/uploads\/2013\/09\/Captura-CUMBRE-DE-LA-COMUNICACIO\u0301N-250913.png\"><img loading=\"lazy\" decoding=\"async\" class=\"alignnone size-medium wp-image-16654\" title=\"Captura CUMBRE DE LA COMUNICACIO\u0301N 250913\" src=\"http:\/\/www.eloriente.net\/home\/wp-content\/uploads\/2013\/09\/Captura-CUMBRE-DE-LA-COMUNICACIO\u0301N-250913-300x168.png\" alt=\"\" width=\"300\" height=\"168\" srcset=\"http:\/\/www.eloriente.net\/home\/wp-content\/uploads\/2013\/09\/Captura-CUMBRE-DE-LA-COMUNICACIO\u0301N-250913-300x168.png 300w, http:\/\/www.eloriente.net\/home\/wp-content\/uploads\/2013\/09\/Captura-CUMBRE-DE-LA-COMUNICACIO\u0301N-250913-1024x575.png 1024w, http:\/\/www.eloriente.net\/home\/wp-content\/uploads\/2013\/09\/Captura-CUMBRE-DE-LA-COMUNICACIO\u0301N-250913.png 1917w\" sizes=\"(max-width: 300px) 100vw, 300px\" \/><\/a><\/p>\n<h2>Programa 26 de septiembre del 2013<\/h2>\n<table border=\"0\" cellspacing=\"10\" cellpadding=\"0\">\n<tbody>\n<tr>\n<td align=\"left\" valign=\"top\" width=\"111\"><strong>8:00 horas<\/strong><\/td>\n<td align=\"left\" valign=\"top\" width=\"474\"><strong>Registro de invitados.<\/strong>V\u00eddeo de la Actitud Positiva (corto)<br \/>\nV\u00eddeo de las Asociaciones Convocantes<br \/>\nV\u00eddeo de la Campa\u00f1a de La Cumbre de la Comunicaci\u00f3n 2013<\/td>\n<\/tr>\n<tr>\n<td align=\"left\" valign=\"top\"><strong>9:00 horas<\/strong><\/td>\n<td align=\"left\" valign=\"top\"><strong>Ceremonia de inauguraci\u00f3n de La Cumbre de la Comunicaci\u00f3n 2013.<\/strong><br \/>\n&#8211; Mensaje del<em> Lic .Jos\u00e9 Manuel Aguirre G\u00f3mez, Presidente de La Cumbre de la Comunicaci\u00f3n.<\/em><br \/>\n&#8211; Mensaje del Lic<em>. Juan Pablo Casta\u00f1\u00f3n, Presidente Nacional de la Confederaci\u00f3n Nacional de la Rep\u00fablica Mexicana<\/em> (COPARMEX).<br \/>\n&#8211; Mensaje Inaugural <em>Dr. Miguel \u00c1ngel Mancera, Jefe de Gobierno del Distrito Federal. <\/em><\/td>\n<\/tr>\n<tr>\n<td align=\"left\" valign=\"top\"><strong>9:45 horas<\/strong><\/td>\n<td align=\"left\" valign=\"top\"><strong>Panel 1:<\/strong> \u201c\u00bfD\u00f3nde estamos como pa\u00eds?\u201c<br \/>\n<em>Dr. Juan Pardinas<\/em>, Director General del IMCO<br \/>\n<em>Lic. Gregorio de Villa<\/em>, Vicepresidente AMAI<strong>Sesi\u00f3n de preguntas y respuestas <\/strong><\/td>\n<\/tr>\n<tr>\n<td align=\"left\" valign=\"top\"><strong>10:15 horas<\/strong><\/td>\n<td align=\"left\" valign=\"top\">Receso.<\/td>\n<\/tr>\n<tr>\n<td align=\"left\" valign=\"top\"><strong>10:25 horas<\/strong><\/td>\n<td align=\"left\" valign=\"top\"><strong>Panel 2: <\/strong>\u201cModificar Actitudes por M\u00e9xico \u201c<br \/>\n<em>Dr. Chandra Choubey,<\/em> Director de la Divisi\u00f3n Preparatoria, ITESM<br \/>\n<em>Lic. Armando Regil, Presidente del IPEA y Un mill\u00f3n de J\u00f3venes por M\u00e9xico.<\/em><br \/>\n<em>Dra. Rosa Argentina Rivas Lacayo<\/em>, Conductora del Programa \u201cDescubre tu Mente\u201d de Radio Centro.<strong>Sesi\u00f3n de preguntas y respuestas<\/strong><\/td>\n<\/tr>\n<tr>\n<td align=\"left\" valign=\"top\"><strong>10:55 horas<\/strong><\/td>\n<td align=\"left\" valign=\"top\">Receso.<\/td>\n<\/tr>\n<tr>\n<td align=\"left\" valign=\"top\"><strong>11:10 horas<\/strong><\/td>\n<td align=\"left\" valign=\"top\"><strong>CONFERENCIA MAGISTRAL<\/strong><br \/>\n\u201cReformas para el Crecimiento de M\u00e9xico\u201d<br \/>\n<em>Lic. Ildefonso Guajardo Villarreal<\/em>, Secretario de Econom\u00eda<strong> Sesi\u00f3n de preguntas y respuestas<\/strong><\/td>\n<\/tr>\n<tr>\n<td align=\"left\" valign=\"top\"><strong>12:00 horas<\/strong><\/td>\n<td align=\"left\" valign=\"top\">Receso.<\/td>\n<\/tr>\n<tr>\n<td align=\"left\" valign=\"top\"><strong>12:15 horas<\/strong><\/td>\n<td align=\"left\" valign=\"top\"><strong>Panel 3: <\/strong>\u201cSeguridad y Gobernabilidad\u201d<br \/>\n<em>Lic. Jos\u00e9 E. Calzada Rovirosa<\/em>, Gobernador Constitucional de Quer\u00e9taro<br \/>\nPonente por confirmar*<strong>Sesi\u00f3n de preguntas y respuestas<\/strong><\/td>\n<\/tr>\n<tr>\n<td align=\"left\" valign=\"top\"><strong>13:05 horas<\/strong><\/td>\n<td align=\"left\" valign=\"top\">Receso.<\/td>\n<\/tr>\n<tr>\n<td align=\"left\" valign=\"top\"><strong>13:25 horas<\/strong><\/td>\n<td align=\"left\" valign=\"top\"><strong>Panel 4<\/strong> \u201cLa Econom\u00eda y la Hacienda Mexicana\u201d<br \/>\n<em> Dr. Carlos Elizondo Mayer-Serra<\/em>, Investigador del CIDE<br \/>\n<em>Lic. Sergio Sarmiento<\/em>, Comentarista de Red FM y Conductor TV Azteca<br \/>\n<em>Lic. Alberto Aguilar<\/em>, Conductor del Programa \u201cDon Dinero\u201d en GRC<strong>Sesi\u00f3n de preguntas y respuestas<\/strong><\/td>\n<\/tr>\n<tr>\n<td align=\"left\" valign=\"top\"><strong>14:00 horas<\/strong><\/td>\n<td align=\"left\" valign=\"top\">Receso para cambiar de sal\u00f3n<\/td>\n<\/tr>\n<tr>\n<td align=\"left\" valign=\"top\"><strong>14:30 horas<\/strong><\/td>\n<td align=\"left\" valign=\"top\"><strong>Comida<\/strong><br \/>\n<strong>Presentaci\u00f3n de la Campa\u00f1a<\/strong>V\u00eddeo de la Actitud Positiva (largo)<br \/>\nV\u00eddeo de las Asociaciones Convocantes<\/p>\n<p><strong>Resumen del Evento &#8211; <em>Sergio Sarmiento<\/em><\/strong><\/p>\n<p>V\u00eddeo de la Campa\u00f1a de La Cumbre de la Comunicaci\u00f3n 2013<br \/>\nV\u00eddeo de la Semblanza de los Premiados a la Actitud Positiva por M\u00e9xico<\/td>\n<\/tr>\n<tr>\n<td valign=\"top\"><strong>16:00 hrs<\/strong><\/td>\n<td valign=\"top\"><strong>Entrega de Premios de La Actitud Positiva 2013 al:<\/strong>a) Bien Social &#8211; Kena Moreno<br \/>\nb) Bien P\u00fablico &#8211; Dr. Manuel Mondrag\u00f3n y Kalb<br \/>\nc) Empresarial &#8211; Lic. Alberto Torrado<\/p>\n<p>Premio Especial al Valor Humano y Social &#8211; Lic. Alejandro Mart\u00ed<br \/>\nPremio Especial al \u00cdcono de la Comunicaci\u00f3n &#8211; Lic. Jacobo Zabludovsky<\/p>\n<p>Palabras del Invitado Especial.<\/td>\n<\/tr>\n<tr>\n<td align=\"left\" valign=\"top\"><strong>17:00 horas<\/strong><\/td>\n<td align=\"left\" valign=\"top\">Fin del evento.&nbsp;<\/td>\n<\/tr>\n<\/tbody>\n<\/table>\n\n\t\t\t  <div \n\t\t\t  \tclass = \"fb-comments\" \n\t\t\t  \tdata-href = \"http:\/\/www.eloriente.net\/home\/2013\/09\/26\/26sep13-800-en-vivo-cumbre-mundial-de-la-comunicacion\/\"\n\t\t\t  \tdata-numposts = \"10\"\n\t\t\t\tdata-colorscheme = \"dark\"\n\t\t\t\tdata-order-by = \"social\"\n\t\t\t\tdata-mobile=true>\n\t\t\t  <\/div>\n\t\t  <style>\n\t\t\t.fb_iframe_widget_fluid_desktop iframe {\n\t\t\t    width: 100% !important;\n\t\t\t}\n\t\t  <\/style>\n\t\t  ","protected":false},"excerpt":{"rendered":"<p>eloriente.net 26 de septiembre de 2013 Live streaming video by Ustream \u00bfQu\u00e9 es la Cumbre de la Comunicaci\u00f3n? La Cumbre de la Comunicaci\u00f3n, tiene como objetivo principal, reconocer los aspectos positivos que tenemos en M\u00e9xico, as\u00ed como mejorar el \u00e1nimo de todos los mexicanos, a trav\u00e9s del cambio de actitudes positivas. El reto es hacer [&hellip;]<\/p>\n","protected":false},"author":1,"featured_media":16654,"comment_status":"open","ping_status":"open","sticky":false,"template":"","format":"standard","meta":{"_jetpack_memberships_contains_paid_content":false,"footnotes":""},"categories":[4,32,10,24,31],"tags":[],"class_list":["post-16653","post","type-post","status-publish","format-standard","has-post-thumbnail","hentry","category-canal-2-en-vivo","category-entradas","category-lo-mas-reciente","category-mexico-y-el-mundo","category-principal"],"jetpack_featured_media_url":"http:\/\/www.eloriente.net\/home\/wp-content\/uploads\/2013\/09\/Captura-CUMBRE-DE-LA-COMUNICACIO\u0301N-250913.png","jetpack_sharing_enabled":true,"_links":{"self":[{"href":"http:\/\/www.eloriente.net\/home\/wp-json\/wp\/v2\/posts\/16653"}],"collection":[{"href":"http:\/\/www.eloriente.net\/home\/wp-json\/wp\/v2\/posts"}],"about":[{"href":"http:\/\/www.eloriente.net\/home\/wp-json\/wp\/v2\/types\/post"}],"author":[{"embeddable":true,"href":"http:\/\/www.eloriente.net\/home\/wp-json\/wp\/v2\/users\/1"}],"replies":[{"embeddable":true,"href":"http:\/\/www.eloriente.net\/home\/wp-json\/wp\/v2\/comments?post=16653"}],"version-history":[{"count":3,"href":"http:\/\/www.eloriente.net\/home\/wp-json\/wp\/v2\/posts\/16653\/revisions"}],"predecessor-version":[{"id":16657,"href":"http:\/\/www.eloriente.net\/home\/wp-json\/wp\/v2\/posts\/16653\/revisions\/16657"}],"wp:featuredmedia":[{"embeddable":true,"href":"http:\/\/www.eloriente.net\/home\/wp-json\/wp\/v2\/media\/16654"}],"wp:attachment":[{"href":"http:\/\/www.eloriente.net\/home\/wp-json\/wp\/v2\/media?parent=16653"}],"wp:term":[{"taxonomy":"category","embeddable":true,"href":"http:\/\/www.eloriente.net\/home\/wp-json\/wp\/v2\/categories?post=16653"},{"taxonomy":"post_tag","embeddable":true,"href":"http:\/\/www.eloriente.net\/home\/wp-json\/wp\/v2\/tags?post=16653"}],"curies":[{"name":"wp","href":"https:\/\/api.w.org\/{rel}","templated":true}]}}