{"id":16662,"date":"2013-09-27T09:58:59","date_gmt":"2013-09-27T15:58:59","guid":{"rendered":"http:\/\/www.eloriente.net\/home\/?p=16662"},"modified":"2013-09-27T10:04:42","modified_gmt":"2013-09-27T16:04:42","slug":"dia-mundial-del-turismo-leve-aumento-en-cuartos-ocupados-en-oaxaca","status":"publish","type":"post","link":"http:\/\/www.eloriente.net\/home\/2013\/09\/27\/dia-mundial-del-turismo-leve-aumento-en-cuartos-ocupados-en-oaxaca\/","title":{"rendered":"D\u00eda Mundial del Turismo: Leve aumento en &#8216;cuartos ocupados&#8217; en Oaxaca"},"content":{"rendered":"<p>eloriente.net<\/p>\n<p>27 de septiembre de 2013<\/p>\n<p>eloriente.net (Oaxaca, Oax. a 27 de septiembre de 2013).- De 452,830 a 469,016 pas\u00f3 el n\u00famero de cuartos ocupados en Oaxaca de 2012 a 2013, para el periodo enero a julio, lo cual significa una variaci\u00f3n a la alza, seg\u00fan cifras del Sistema Integral de Informaci\u00f3n de Mercados Tur\u00edsticos del Consejo de Promoci\u00f3n Tur\u00edstica de M\u00e9xico.<\/p>\n<p>Estas cifras, producto del an\u00e1lisis estad\u00edstico de ELORIENTE.NET, hacen notar adem\u00e1s, que esta leve mejor\u00eda se refleja en el mayor n\u00famero de cuartos ocupados en hoteles de 3, 4 y 5 estrellas, y no as\u00ed en los de 1 y 2 estrellas, que presentan una disminuci\u00f3n para el mismo periodo.En M\u00e9xico, desafortunadamente, el D\u00eda se ha visto empa\u00f1ado por la situaci\u00f3n de contingencia meteorol\u00f3gica que vive el pa\u00eds.<\/p>\n<p><a href=\"http:\/\/www.eloriente.net\/home\/wp-content\/uploads\/2013\/09\/Cuartos-ocupados-turismo-eloriente.net-11-13.jpg\"><img loading=\"lazy\" decoding=\"async\" class=\"alignnone size-full wp-image-16666\" title=\"Cuartos ocupados turismo eloriente.net 11-13\" src=\"http:\/\/www.eloriente.net\/home\/wp-content\/uploads\/2013\/09\/Cuartos-ocupados-turismo-eloriente.net-11-13.jpg\" alt=\"\" width=\"673\" height=\"360\" srcset=\"http:\/\/www.eloriente.net\/home\/wp-content\/uploads\/2013\/09\/Cuartos-ocupados-turismo-eloriente.net-11-13.jpg 673w, http:\/\/www.eloriente.net\/home\/wp-content\/uploads\/2013\/09\/Cuartos-ocupados-turismo-eloriente.net-11-13-300x160.jpg 300w\" sizes=\"(max-width: 673px) 100vw, 673px\" \/><\/a><\/p>\n<p>De la misma forma, para el caso de Oaxaca, se muestran solamente las cifras que se encuentran disponibles en el Sistema referido, sin que se tenga conocimiento de otras que se hayan publicado para 2013.<\/p>\n<p>Sin embargo, ELORIENTE.NET aporta para esta fecha dos referencias adicionales. En primer lugar, un an\u00e1lisis por variable del comportamiento de la actividad tur\u00edstica en el estado a diciembre de 2012:<\/p>\n<p><a href=\"http:\/\/www.eloriente.net\/home\/wp-content\/uploads\/2013\/09\/turismo-oaxaca-eloriente.net-estad\u00edsticas.jpg\"><img loading=\"lazy\" decoding=\"async\" class=\"alignnone size-full wp-image-16663\" title=\"turismo oaxaca eloriente.net estad\u00edsticas\" src=\"http:\/\/www.eloriente.net\/home\/wp-content\/uploads\/2013\/09\/turismo-oaxaca-eloriente.net-estad\u00edsticas.jpg\" alt=\"\" width=\"641\" height=\"498\" srcset=\"http:\/\/www.eloriente.net\/home\/wp-content\/uploads\/2013\/09\/turismo-oaxaca-eloriente.net-estad\u00edsticas.jpg 641w, http:\/\/www.eloriente.net\/home\/wp-content\/uploads\/2013\/09\/turismo-oaxaca-eloriente.net-estad\u00edsticas-300x233.jpg 300w\" sizes=\"(max-width: 641px) 100vw, 641px\" \/><\/a><\/p>\n<p>Adicionalmente, para cifras nacionales, recomendamos revisar el Monitoreo de Mercados y Destinos que ha hecho p\u00fablico el Consejo de Promoci\u00f3n Tur\u00edstica, en este caso, actualizado hasta septiembre de 2013.<\/p>\n<p>Para ver esta presentaci\u00f3n, da click <a href=\"http:\/\/www.siimt.com\/work\/sites\/siimt\/resources\/LocalContent\/2014\/63\/MMD_SEP13_SV.ppt\" target=\"_blank\">AQU\u00cd<\/a>.<\/p>\n<p><a href=\"http:\/\/www.eloriente.net\/home\/wp-content\/uploads\/2013\/07\/Algunos-derechos-reservados-por-CMVH-catedral-de-oaxaca.jpg\"><img loading=\"lazy\" decoding=\"async\" class=\"alignnone size-medium wp-image-14400\" title=\"Algunos derechos reservados por CMVH-catedral de oaxaca\" src=\"http:\/\/www.eloriente.net\/home\/wp-content\/uploads\/2013\/07\/Algunos-derechos-reservados-por-CMVH-catedral-de-oaxaca-300x199.jpg\" alt=\"\" width=\"300\" height=\"199\" srcset=\"http:\/\/www.eloriente.net\/home\/wp-content\/uploads\/2013\/07\/Algunos-derechos-reservados-por-CMVH-catedral-de-oaxaca-300x199.jpg 300w, http:\/\/www.eloriente.net\/home\/wp-content\/uploads\/2013\/07\/Algunos-derechos-reservados-por-CMVH-catedral-de-oaxaca.jpg 1024w\" sizes=\"(max-width: 300px) 100vw, 300px\" \/><\/a><\/p>\n<p>FOTO: DR. CMVH<\/p>\n<p><a title=\"Permalink to Actividad hotelera al alza en Huatulco en Enero-Mayo\/2013: El Oriente\" href=\"http:\/\/www.eloriente.net\/home\/2013\/08\/24\/actividad-hotelera-al-alza-en-huatulco-en-enero-mayo2013-el-oriente\/\" rel=\"bookmark\">Actividad hotelera al alza en Huatulco en Enero-Mayo\/2013: El Oriente<\/a><\/p>\n<p><a href=\"http:\/\/www.eloriente.net\/home\/2013\/08\/24\/actividad-hotelera-al-alza-en-huatulco-en-enero-mayo2013-el-oriente\/\" rel=\"bookmark\"><img decoding=\"async\" title=\"Actividad hotelera al alza en Huatulco en Enero-Mayo\/2013: El Oriente\" src=\"http:\/\/www.eloriente.net\/home\/wp-content\/themes\/city-desk\/timthumb.php?src=http%3A%2F%2Fwww.eloriente.net%2Fhome%2Fwp-content%2Fuploads%2F2012%2F11%2FBahia-Huatulco-Cacaluta.jpg&amp;q=90&amp;w=160&amp;h=106&amp;zc=1\" alt=\"Actividad hotelera al alza en Huatulco en Enero-Mayo\/2013: El Oriente\" \/><\/a><\/p>\n<p>eloriente.net 23 de agosto de 2013 eloriente.net (Oaxaca, Oax. a 23 de agosto de 2013).- La actividad hotelera en cifras completas para el destino tur\u00edstico de Huatulco, en Oaxaca, registr\u00f3 alza durante los primeros cinco meses de 2013, de acuerdo a an\u00e1lisis que da a conocer ELORIENTE.NET con cifras del Sistema Integral de Informaci\u00f3n de [&#8230;]<\/p>\n<p>August 24, 2013<\/p>\n<div id=\"post-13877\">\n<p><a title=\"Permalink to Eval\u00faa SECTUR 44 destinos tur\u00edsticos a trav\u00e9s de Agendas de Competitividad\" href=\"http:\/\/www.eloriente.net\/home\/2013\/07\/01\/evalua-sectur-44-destinos-turisticos-a-traves-de-agendas-de-competitividad\/\" rel=\"bookmark\">Eval\u00faa SECTUR 44 destinos tur\u00edsticos a trav\u00e9s de Agendas de Competitividad<\/a><\/p>\n<p><a href=\"http:\/\/www.eloriente.net\/home\/2013\/07\/01\/evalua-sectur-44-destinos-turisticos-a-traves-de-agendas-de-competitividad\/\" rel=\"bookmark\"><img decoding=\"async\" title=\"Eval\u00faa SECTUR 44 destinos tur\u00edsticos a trav\u00e9s de Agendas de Competitividad\" src=\"http:\/\/www.eloriente.net\/home\/wp-content\/themes\/city-desk\/timthumb.php?src=http%3A%2F%2Fwww.eloriente.net%2Fhome%2Fwp-content%2Fuploads%2F2013%2F07%2FSECTUR.jpg&amp;q=90&amp;w=160&amp;h=106&amp;zc=1\" alt=\"Eval\u00faa SECTUR 44 destinos tur\u00edsticos a trav\u00e9s de Agendas de Competitividad\" \/><\/a>eloriente.net\/ SECTUR 1 de julio de 2013 El objetivo, impulsar la innovaci\u00f3n de la oferta y elevar la competitividad del sector La SECTUR coordina y supervisa la instrumentaci\u00f3n de las agendas Tambi\u00e9n participan los diferentes estados de la Rep\u00fablica e instituciones de educaci\u00f3n superior La Secretar\u00eda de Turismo del Gobierno de la Rep\u00fablica elabora, en [&#8230;]<\/p>\n<p>July 1, 2013<\/p>\n<\/div>\n<p>&nbsp;<\/p>\n\n\t\t\t  <div \n\t\t\t  \tclass = \"fb-comments\" \n\t\t\t  \tdata-href = \"http:\/\/www.eloriente.net\/home\/2013\/09\/27\/dia-mundial-del-turismo-leve-aumento-en-cuartos-ocupados-en-oaxaca\/\"\n\t\t\t  \tdata-numposts = \"10\"\n\t\t\t\tdata-colorscheme = \"dark\"\n\t\t\t\tdata-order-by = \"social\"\n\t\t\t\tdata-mobile=true>\n\t\t\t  <\/div>\n\t\t  <style>\n\t\t\t.fb_iframe_widget_fluid_desktop iframe {\n\t\t\t    width: 100% !important;\n\t\t\t}\n\t\t  <\/style>\n\t\t  ","protected":false},"excerpt":{"rendered":"<p>eloriente.net 27 de septiembre de 2013 eloriente.net (Oaxaca, Oax. a 27 de septiembre de 2013).- De 452,830 a 469,016 pas\u00f3 el n\u00famero de cuartos ocupados en Oaxaca de 2012 a 2013, para el periodo enero a julio, lo cual significa una variaci\u00f3n a la alza, seg\u00fan cifras del Sistema Integral de Informaci\u00f3n de Mercados Tur\u00edsticos [&hellip;]<\/p>\n","protected":false},"author":1,"featured_media":14400,"comment_status":"open","ping_status":"open","sticky":false,"template":"","format":"standard","meta":{"_jetpack_memberships_contains_paid_content":false,"footnotes":""},"categories":[32,35,10,31,19],"tags":[],"class_list":["post-16662","post","type-post","status-publish","format-standard","has-post-thumbnail","hentry","category-entradas","category-secciones-oriente","category-lo-mas-reciente","category-principal","category-turismo-y-negocios"],"jetpack_featured_media_url":"http:\/\/www.eloriente.net\/home\/wp-content\/uploads\/2013\/07\/Algunos-derechos-reservados-por-CMVH-catedral-de-oaxaca.jpg","jetpack_sharing_enabled":true,"_links":{"self":[{"href":"http:\/\/www.eloriente.net\/home\/wp-json\/wp\/v2\/posts\/16662"}],"collection":[{"href":"http:\/\/www.eloriente.net\/home\/wp-json\/wp\/v2\/posts"}],"about":[{"href":"http:\/\/www.eloriente.net\/home\/wp-json\/wp\/v2\/types\/post"}],"author":[{"embeddable":true,"href":"http:\/\/www.eloriente.net\/home\/wp-json\/wp\/v2\/users\/1"}],"replies":[{"embeddable":true,"href":"http:\/\/www.eloriente.net\/home\/wp-json\/wp\/v2\/comments?post=16662"}],"version-history":[{"count":3,"href":"http:\/\/www.eloriente.net\/home\/wp-json\/wp\/v2\/posts\/16662\/revisions"}],"predecessor-version":[{"id":16665,"href":"http:\/\/www.eloriente.net\/home\/wp-json\/wp\/v2\/posts\/16662\/revisions\/16665"}],"wp:featuredmedia":[{"embeddable":true,"href":"http:\/\/www.eloriente.net\/home\/wp-json\/wp\/v2\/media\/14400"}],"wp:attachment":[{"href":"http:\/\/www.eloriente.net\/home\/wp-json\/wp\/v2\/media?parent=16662"}],"wp:term":[{"taxonomy":"category","embeddable":true,"href":"http:\/\/www.eloriente.net\/home\/wp-json\/wp\/v2\/categories?post=16662"},{"taxonomy":"post_tag","embeddable":true,"href":"http:\/\/www.eloriente.net\/home\/wp-json\/wp\/v2\/tags?post=16662"}],"curies":[{"name":"wp","href":"https:\/\/api.w.org\/{rel}","templated":true}]}}