{"id":16673,"date":"2013-09-28T17:46:53","date_gmt":"2013-09-28T23:46:53","guid":{"rendered":"http:\/\/www.eloriente.net\/home\/?p=16673"},"modified":"2013-09-28T17:46:53","modified_gmt":"2013-09-28T23:46:53","slug":"el-teatro-y-su-funcion-social","status":"publish","type":"post","link":"http:\/\/www.eloriente.net\/home\/2013\/09\/28\/el-teatro-y-su-funcion-social\/","title":{"rendered":"El teatro y su funci\u00f3n social"},"content":{"rendered":"<p>eloriente.net\/<a href=\"http:\/\/agencian22.blogspot.mx\/\" target=\"_blank\">Agencia de Noticias de Canal 22<\/a><\/p>\n<p>28 de septiembre de 2013<\/p>\n<p><a href=\"http:\/\/www.eloriente.net\/home\/wp-content\/uploads\/2013\/09\/El-teatro-y-su-funci\u00f3n-social-n22.jpg\"><img loading=\"lazy\" decoding=\"async\" class=\"alignnone size-medium wp-image-16674 aligncenter\" title=\"El teatro y su funci\u00f3n social n22\" src=\"http:\/\/www.eloriente.net\/home\/wp-content\/uploads\/2013\/09\/El-teatro-y-su-funci\u00f3n-social-n22-300x170.jpg\" alt=\"\" width=\"300\" height=\"170\" srcset=\"http:\/\/www.eloriente.net\/home\/wp-content\/uploads\/2013\/09\/El-teatro-y-su-funci\u00f3n-social-n22-300x170.jpg 300w, http:\/\/www.eloriente.net\/home\/wp-content\/uploads\/2013\/09\/El-teatro-y-su-funci\u00f3n-social-n22.jpg 400w\" sizes=\"(max-width: 300px) 100vw, 300px\" \/><\/a><\/p>\n<p style=\"text-align: left;\"><strong>Por Irma Gallo (@irmagallo)<\/strong><br \/>\n<strong><br \/>\n<\/strong><strong>CIUDAD DE M\u00c9XICO, M\u00e9xico, (N22).-\u00a0<\/strong>\u00abA nosotros nos encanta el festival otras latitudes porque es un remanso de entusiasmo, en medio de nuestro panorama del teatro que es muy estimulante, muy creativo y muy estable\u00bb, coment\u00f3 Sa\u00fal Mel\u00e9ndez, subcoordinador de Teatro del INBA.<\/p>\n<p>Del primero al 20 de octubre, el Teatro Julio Castillo recibir\u00e1 a siete compa\u00f1\u00edas de seis estados de la rep\u00fablica que se dar\u00e1n cita en el octavo Festival Otras Latitudes.<\/p>\n<p>\u00abAl hacer la curadur\u00eda tomamos en cuenta las experiencias previas que hemos tenido en la creaci\u00f3n de p\u00fablicos, porque definitivamente la labor, ha sido desde la primera edici\u00f3n, la formaci\u00f3n de p\u00fablicos para recibir a las compa\u00f1\u00edas del interior de los estados\u00bb.<\/p>\n<p>Durante todo el a\u00f1o los organizadores revisan qu\u00e9 material tienen e invitan a distintos institutos de cultura. Este a\u00f1o, las tem\u00e1ticas de las obras seleccionadas van desde una Medea al estilo del Itsmo de Tehuantepec, hasta la violencia que se vive en Ciudad Juarez.<\/p>\n<p>\u00abTiene que ver con todo un movimiento social que la ciudad de Ciudad Ju\u00e1rez ha vivido en los \u00faltimos 10 a\u00f1os, que involucra a los artistas, y sobre todos como ciudadanos, como habitantes de Ciudad Ju\u00e1rez que han buscado investigar desde sus frentes el fen\u00f3meno de la violencia en Ciudad Ju\u00e1rez, y una de las facetas, digamos, si no fue la m\u00e1s visible s\u00ed fue la primera que tuvimos al frente en todo el pa\u00eds en relaci\u00f3n a la violencia en Ciudad Ju\u00e1rez fue el asunto de los Feminicidios\u00bb.<\/p>\n<p>Imagen:http:\/\/bit.ly\/195FnmM<\/p>\n<p style=\"text-align: left;\">Otras entradas de inter\u00e9s:<\/p>\n<p><a title=\"Permalink to Programa del Festival Internacional Cervantino 2013\" href=\"http:\/\/www.eloriente.net\/home\/2013\/09\/13\/presentan-programa-del-festival-internacional-cervantino-2013\/\" rel=\"bookmark\">Programa del Festival Internacional Cervantino 2013<\/a><\/p>\n<p style=\"text-align: left;\"><a href=\"http:\/\/www.eloriente.net\/home\/2013\/09\/13\/presentan-programa-del-festival-internacional-cervantino-2013\/\" rel=\"bookmark\"><img decoding=\"async\" title=\"Programa del Festival Internacional Cervantino 2013\" src=\"http:\/\/www.eloriente.net\/home\/wp-content\/themes\/city-desk\/timthumb.php?src=http%3A%2F%2Fwww.eloriente.net%2Fhome%2Fwp-content%2Fuploads%2F2013%2F08%2FCervantino-LIbertad.jpg&amp;q=90&amp;w=160&amp;h=106&amp;zc=1\" alt=\"Programa del Festival Internacional Cervantino 2013\" \/><\/a><\/p>\n<p>eloriente.net \/Festival Cervantino 13 de septiembre de 2013 Actualizaci\u00f3n. A menos de un mes del inicio del Festival, la programaci\u00f3n del evento cultural m\u00e1s importante de M\u00e9xico est\u00e1 consolidada. Como se anunci\u00f3 en su momento, gira alrededor de ciertos ejes b\u00e1sicos, los que han denominado \u201cEl Arte de la Libertad\u201d, \u201cVerdi vs. Wagner\u201d y por [&#8230;]<\/p>\n<p>September 13, 2013<\/p>\n<p><a title=\"Permalink to \u201cNoviembre\u201d: El arte es un arma cargada de futuro\" href=\"http:\/\/www.eloriente.net\/home\/2013\/07\/16\/noviembre-el-arte-es-un-arma-cargada-de-futuro\/\" rel=\"bookmark\">\u201cNoviembre\u201d: El arte es un arma cargada de futuro<\/a><\/p>\n<p><a href=\"http:\/\/www.eloriente.net\/home\/2013\/07\/16\/noviembre-el-arte-es-un-arma-cargada-de-futuro\/\" rel=\"bookmark\"><img decoding=\"async\" title=\"\u201cNoviembre\u201d: El arte es un arma cargada de futuro\" src=\"http:\/\/www.eloriente.net\/home\/wp-content\/themes\/city-desk\/timthumb.php?src=http%3A%2F%2Fwww.eloriente.net%2Fhome%2Fwp-content%2Fuploads%2F2013%2F07%2FNOVIEMBRE-pelicula.jpg&amp;q=90&amp;w=160&amp;h=106&amp;zc=1\" alt=\"\u201cNoviembre\u201d: El arte es un arma cargada de futuro\" \/><\/a><\/p>\n<p>eloriente.net 16 de julio de 2013 \u00a0\u201cNunca dudes que un peque\u00f1o grupo de ciudadanos pensantes y comprometidos pueden cambiar el mundo. De hecho, son los \u00fanicos que lo han logrado\u201d. Margaret Mead \u201cEl arte es un arma cargada de futuro\u201d, con esta maravillosa frase termina la pel\u00edcula \u201cNoviembre\u201d, una cinta espa\u00f1ola dirigida por Achero Ma\u00f1as [&#8230;]<\/p>\n<p>July 16, 2013<\/p>\n\n\t\t\t  <div \n\t\t\t  \tclass = \"fb-comments\" \n\t\t\t  \tdata-href = \"http:\/\/www.eloriente.net\/home\/2013\/09\/28\/el-teatro-y-su-funcion-social\/\"\n\t\t\t  \tdata-numposts = \"10\"\n\t\t\t\tdata-colorscheme = \"dark\"\n\t\t\t\tdata-order-by = \"social\"\n\t\t\t\tdata-mobile=true>\n\t\t\t  <\/div>\n\t\t  <style>\n\t\t\t.fb_iframe_widget_fluid_desktop iframe {\n\t\t\t    width: 100% !important;\n\t\t\t}\n\t\t  <\/style>\n\t\t  ","protected":false},"excerpt":{"rendered":"<p>eloriente.net\/Agencia de Noticias de Canal 22 28 de septiembre de 2013 Por Irma Gallo (@irmagallo) CIUDAD DE M\u00c9XICO, M\u00e9xico, (N22).-\u00a0\u00abA nosotros nos encanta el festival otras latitudes porque es un remanso de entusiasmo, en medio de nuestro panorama del teatro que es muy estimulante, muy creativo y muy estable\u00bb, coment\u00f3 Sa\u00fal Mel\u00e9ndez, subcoordinador de Teatro [&hellip;]<\/p>\n","protected":false},"author":1,"featured_media":16674,"comment_status":"open","ping_status":"open","sticky":false,"template":"","format":"standard","meta":{"_jetpack_memberships_contains_paid_content":false,"footnotes":""},"categories":[18,32,10,24],"tags":[],"class_list":["post-16673","post","type-post","status-publish","format-standard","has-post-thumbnail","hentry","category-educacion-y-cultura","category-entradas","category-lo-mas-reciente","category-mexico-y-el-mundo"],"jetpack_featured_media_url":"http:\/\/www.eloriente.net\/home\/wp-content\/uploads\/2013\/09\/El-teatro-y-su-funci\u00f3n-social-n22.jpg","jetpack_sharing_enabled":true,"_links":{"self":[{"href":"http:\/\/www.eloriente.net\/home\/wp-json\/wp\/v2\/posts\/16673"}],"collection":[{"href":"http:\/\/www.eloriente.net\/home\/wp-json\/wp\/v2\/posts"}],"about":[{"href":"http:\/\/www.eloriente.net\/home\/wp-json\/wp\/v2\/types\/post"}],"author":[{"embeddable":true,"href":"http:\/\/www.eloriente.net\/home\/wp-json\/wp\/v2\/users\/1"}],"replies":[{"embeddable":true,"href":"http:\/\/www.eloriente.net\/home\/wp-json\/wp\/v2\/comments?post=16673"}],"version-history":[{"count":1,"href":"http:\/\/www.eloriente.net\/home\/wp-json\/wp\/v2\/posts\/16673\/revisions"}],"predecessor-version":[{"id":16675,"href":"http:\/\/www.eloriente.net\/home\/wp-json\/wp\/v2\/posts\/16673\/revisions\/16675"}],"wp:featuredmedia":[{"embeddable":true,"href":"http:\/\/www.eloriente.net\/home\/wp-json\/wp\/v2\/media\/16674"}],"wp:attachment":[{"href":"http:\/\/www.eloriente.net\/home\/wp-json\/wp\/v2\/media?parent=16673"}],"wp:term":[{"taxonomy":"category","embeddable":true,"href":"http:\/\/www.eloriente.net\/home\/wp-json\/wp\/v2\/categories?post=16673"},{"taxonomy":"post_tag","embeddable":true,"href":"http:\/\/www.eloriente.net\/home\/wp-json\/wp\/v2\/tags?post=16673"}],"curies":[{"name":"wp","href":"https:\/\/api.w.org\/{rel}","templated":true}]}}