{"id":16677,"date":"2013-09-28T17:52:27","date_gmt":"2013-09-28T23:52:27","guid":{"rendered":"http:\/\/www.eloriente.net\/home\/?p=16677"},"modified":"2013-09-28T17:52:27","modified_gmt":"2013-09-28T23:52:27","slug":"cambio-radical-en-la-persecucion-y-penalizacion-de-los-delitos-lagunas","status":"publish","type":"post","link":"http:\/\/www.eloriente.net\/home\/2013\/09\/28\/cambio-radical-en-la-persecucion-y-penalizacion-de-los-delitos-lagunas\/","title":{"rendered":"Cambio radical en la persecuci\u00f3n y penalizaci\u00f3n de los delitos: Lagunas"},"content":{"rendered":"<p>eloriente.net\/<a href=\"http:\/\/www.tribunaloax.gob.mx\/\" target=\"_blank\">Tribunal Superior de Justicia de Oaxaca<\/a><\/p>\n<p>28 de septiembre de 2013<\/p>\n<ul>\n<li>Los Tres Poderes del Estado pusieron en marcha en la Cuenca del Papaloapan el Sistema Acusatorio Adversarial, bajo el esquema de juicios orales<\/li>\n<\/ul>\n<p>En un paso hist\u00f3rico para Oaxaca y como parte del proceso de transformaci\u00f3n de la justicia penal en el pa\u00eds, este viernes en la Cuenca del Papaloapan entr\u00f3 en vigor el Sistema Acusatorio Adversarial, bajo el esquema de juicios orales, el cual parte de la presunci\u00f3n de inocencia del acusado y garantiza m\u00e1s protecci\u00f3n a los derechos de las v\u00edctimas de un il\u00edcito.<\/p>\n<p>El gobernador Gabino Cu\u00e9 Monteagudo, acompa\u00f1ado del titular del Poder Judicial, magistrado Alfredo Lagunas Rivera; el presidente de la Junta de Coordinaci\u00f3n Pol\u00edtica de la Sexag\u00e9sima Primera Legislatura, diputado Alejandro L\u00f3pez Jarqu\u00edn y el director general de Coordinaci\u00f3n Interinstitucional de la Secretar\u00eda T\u00e9cnica del Consejo de Coordinaci\u00f3n para la Implementaci\u00f3n del Sistema de Justicia Penal de la Secretar\u00eda de Gobernaci\u00f3n, H\u00e9ctor Marcos D\u00edaz Santana, presidieron en la ciudad de San Juan Bautista Tuxtepec, la ceremonia de apertura.<\/p>\n<p>En su intervenci\u00f3n, en presencia de autoridades municipales de la regi\u00f3n, miembros de Colegios y Asociaciones de Abogados, servidores p\u00fablicos judiciales y ciudadanos, el magistrado Lagunas Rivera apunt\u00f3 que el acceso a la justicia es un derecho humano que a todos los pertenece y su eficacia es un compromiso de autoridades y sociedad.<\/p>\n<p>Agreg\u00f3 que con la entrada en vigor del nuevo Sistema de Justicia Penal para la regi\u00f3n de la Cuenca del Papaloapan, los poderes del Estado participan de esta expectativa para asegurar la dignidad de las personas, prestos siempre a abonar en todo aquello que se consolide en seguridad, paz y felicidad para las familias oaxaque\u00f1as.<\/p>\n<p>En este sentido, dijo que este acto\u00a0atestigua un cambio radical en la persecuci\u00f3n y penalizaci\u00f3n de los delitos; privilegiando el acceso a la justicia con enfoque de derechos humanos, para que nunca m\u00e1s, un ciudadano involucrado en una causa penal sea destruido en su dignidad; o en su defecto, el responsable de haber cometido una atrocidad, encuentre una rendija para eludir la justicia.<\/p>\n<p>Adem\u00e1s, inform\u00f3 sobre\u00a0el funcionamiento de dos Juzgados de Garant\u00eda para la regi\u00f3n; ubicados en San Juan Bautista Tuxtepec y en el Distrito Judicial de Cosolapa; as\u00ed como la\u00a0adici\u00f3n de competencia al Juzgado de Garant\u00eda del Distrito Judicial de Mat\u00edas Romero y Tribunal de Juicio Oral con sede en Salina Cruz; en raz\u00f3n de la cercan\u00eda de municipios, n\u00facleos rurales y agencias de esta regi\u00f3n con el Distrito Judicial de Mar\u00eda Lombardo.<\/p>\n<p>Asimismo, explic\u00f3, se ampli\u00f3 el Juzgado Familiar de Tuxtepec y se reubic\u00f3 con mejores condiciones a este nuevo edificio judicial, el Juzgado Tercero Penal, el Primero y Segundo Civil, el Juzgado de Ejecuci\u00f3n de Sanciones y el Juzgado Itinerante en la zona, que brinda auxilio en materia familiar.<\/p>\n<p>\u201cLos tuxtepecanos han puesto en la agenda p\u00fablica, que la justicia camine con paso firme y profundo,\u00a0\u00a0en dar mejor tratamiento y dignidad a juzgados, personal y usuarios y que en cada uno de nuestros encuentros nos llevamos como tarea no pol\u00edtica, sino como obligaci\u00f3n impostergable de cumplir\u201d, apunt\u00f3.<\/p>\n<p>En el acto, intervinieron tambi\u00e9n el gobernador del Estado y el funcionario de la Segob, quienes coincidieron en que este cambio es un paradigma en la administraci\u00f3n de justicia.\u00a0\u00a0Luego de la ceremonia, las autoridades de los Tres Poderes del Estado cortaron el list\u00f3n inaugural del edificio que alberga los juzgados, ubicado en la calle Jes\u00fas Carranza y Melchor Ocampo de la ciudad de Tuxtepec.<\/p>\n<p>Cabe se\u00f1alar que el Sistema Acusatorio Adversarial opera a partir del 2007 en la regi\u00f3n del Istmo; del 2008 en la Mixteca y del 2012 en la Costa. En 2013 entrar\u00e1 en vigor en los Valles Centrales.<\/p>\n\n\t\t\t  <div \n\t\t\t  \tclass = \"fb-comments\" \n\t\t\t  \tdata-href = \"http:\/\/www.eloriente.net\/home\/2013\/09\/28\/cambio-radical-en-la-persecucion-y-penalizacion-de-los-delitos-lagunas\/\"\n\t\t\t  \tdata-numposts = \"10\"\n\t\t\t\tdata-colorscheme = \"dark\"\n\t\t\t\tdata-order-by = \"social\"\n\t\t\t\tdata-mobile=true>\n\t\t\t  <\/div>\n\t\t  <style>\n\t\t\t.fb_iframe_widget_fluid_desktop iframe {\n\t\t\t    width: 100% !important;\n\t\t\t}\n\t\t  <\/style>\n\t\t  ","protected":false},"excerpt":{"rendered":"<p>eloriente.net\/Tribunal Superior de Justicia de Oaxaca 28 de septiembre de 2013 Los Tres Poderes del Estado pusieron en marcha en la Cuenca del Papaloapan el Sistema Acusatorio Adversarial, bajo el esquema de juicios orales En un paso hist\u00f3rico para Oaxaca y como parte del proceso de transformaci\u00f3n de la justicia penal en el pa\u00eds, este [&hellip;]<\/p>\n","protected":false},"author":1,"featured_media":0,"comment_status":"open","ping_status":"open","sticky":false,"template":"","format":"standard","meta":{"_jetpack_memberships_contains_paid_content":false,"footnotes":""},"categories":[22,32,13],"tags":[],"class_list":["post-16677","post","type-post","status-publish","format-standard","hentry","category-derechos-humanos","category-entradas","category-especiales"],"jetpack_featured_media_url":"","jetpack_sharing_enabled":true,"_links":{"self":[{"href":"http:\/\/www.eloriente.net\/home\/wp-json\/wp\/v2\/posts\/16677"}],"collection":[{"href":"http:\/\/www.eloriente.net\/home\/wp-json\/wp\/v2\/posts"}],"about":[{"href":"http:\/\/www.eloriente.net\/home\/wp-json\/wp\/v2\/types\/post"}],"author":[{"embeddable":true,"href":"http:\/\/www.eloriente.net\/home\/wp-json\/wp\/v2\/users\/1"}],"replies":[{"embeddable":true,"href":"http:\/\/www.eloriente.net\/home\/wp-json\/wp\/v2\/comments?post=16677"}],"version-history":[{"count":2,"href":"http:\/\/www.eloriente.net\/home\/wp-json\/wp\/v2\/posts\/16677\/revisions"}],"predecessor-version":[{"id":16679,"href":"http:\/\/www.eloriente.net\/home\/wp-json\/wp\/v2\/posts\/16677\/revisions\/16679"}],"wp:attachment":[{"href":"http:\/\/www.eloriente.net\/home\/wp-json\/wp\/v2\/media?parent=16677"}],"wp:term":[{"taxonomy":"category","embeddable":true,"href":"http:\/\/www.eloriente.net\/home\/wp-json\/wp\/v2\/categories?post=16677"},{"taxonomy":"post_tag","embeddable":true,"href":"http:\/\/www.eloriente.net\/home\/wp-json\/wp\/v2\/tags?post=16677"}],"curies":[{"name":"wp","href":"https:\/\/api.w.org\/{rel}","templated":true}]}}