{"id":16680,"date":"2013-09-26T23:59:39","date_gmt":"2013-09-27T05:59:39","guid":{"rendered":"http:\/\/www.eloriente.net\/home\/?p=16680"},"modified":"2013-09-28T18:18:57","modified_gmt":"2013-09-29T00:18:57","slug":"mensaje-integro-de-canciller-de-mexico-jose-antonio-meade-en-naciones-unidas","status":"publish","type":"post","link":"http:\/\/www.eloriente.net\/home\/2013\/09\/26\/mensaje-integro-de-canciller-de-mexico-jose-antonio-meade-en-naciones-unidas\/","title":{"rendered":"Mensaje \u00edntegro de Canciller de M\u00e9xico Jose Antonio Meade en Naciones Unidas"},"content":{"rendered":"<p>eloriente.net\/ONU TV<\/p>\n<p>26 de septiembre de 2013<\/p>\n<p>Este d\u00eda, Jos\u00e9 Antonio Meade Kuri Bre\u00f1a represent\u00f3 al Presidente Pe\u00f1a Nieto en la sesi\u00f3n plenaria de la Organizaci\u00f3n de Naciones Unidas.<\/p>\n<p>Por su trascendencia diplom\u00e1tica, ELORIENTE.NET deja el testimonio de esta intervenci\u00f3n.<\/p>\n<p>En un primer momento, Kuri da la bienvenida a la intenci\u00f3n de celebrar en 2014 una Conferencia Mundial sobre Cambio Clim\u00e1tica, m\u00e1s a\u00fan ante la situaci\u00f3n que enfrenta M\u00e9xico por fuertes lluvias.<\/p>\n<p>Igualmente, expres\u00f3 el apoyo de M\u00e9xico a las soluciones diplom\u00e1ticas y pac\u00edficas a la crisis en Siria. M\u00e9xico apoya la celebraci\u00f3n de una Asamblea sobre Siria.<\/p>\n<p>\u00abDebemos evaluar las pol\u00edticas de combate a las drogas\u00bb, dijo el Secretario de Relaciones Exteriores.<\/p>\n<p>&nbsp;<\/p>\n<p><iframe loading=\"lazy\" src=\"http:\/\/link.brightcove.com\/services\/player\/bcpid1722935254001?bctid=2698450769001&amp;autoStart=false&amp;width=480&amp;height=270\" frameborder=\"0\" scrolling=\"no\" width=\"480\" height=\"270\"><\/iframe><\/p>\n<p><a href=\"http:\/\/www.eloriente.net\/home\/wp-content\/uploads\/2013\/09\/Captura-Meade-Kuri-ONU.jpg\"><img loading=\"lazy\" decoding=\"async\" class=\"alignnone size-medium wp-image-16681\" title=\"Captura Meade Kuri ONU\" src=\"http:\/\/www.eloriente.net\/home\/wp-content\/uploads\/2013\/09\/Captura-Meade-Kuri-ONU-300x162.jpg\" alt=\"\" width=\"300\" height=\"162\" srcset=\"http:\/\/www.eloriente.net\/home\/wp-content\/uploads\/2013\/09\/Captura-Meade-Kuri-ONU-300x162.jpg 300w, http:\/\/www.eloriente.net\/home\/wp-content\/uploads\/2013\/09\/Captura-Meade-Kuri-ONU.jpg 639w\" sizes=\"(max-width: 300px) 100vw, 300px\" \/><\/a><\/p>\n\n\t\t\t  <div \n\t\t\t  \tclass = \"fb-comments\" \n\t\t\t  \tdata-href = \"http:\/\/www.eloriente.net\/home\/2013\/09\/26\/mensaje-integro-de-canciller-de-mexico-jose-antonio-meade-en-naciones-unidas\/\"\n\t\t\t  \tdata-numposts = \"10\"\n\t\t\t\tdata-colorscheme = \"dark\"\n\t\t\t\tdata-order-by = \"social\"\n\t\t\t\tdata-mobile=true>\n\t\t\t  <\/div>\n\t\t  <style>\n\t\t\t.fb_iframe_widget_fluid_desktop iframe {\n\t\t\t    width: 100% !important;\n\t\t\t}\n\t\t  <\/style>\n\t\t  ","protected":false},"excerpt":{"rendered":"<p>eloriente.net\/ONU TV 26 de septiembre de 2013 Este d\u00eda, Jos\u00e9 Antonio Meade Kuri Bre\u00f1a represent\u00f3 al Presidente Pe\u00f1a Nieto en la sesi\u00f3n plenaria de la Organizaci\u00f3n de Naciones Unidas. Por su trascendencia diplom\u00e1tica, ELORIENTE.NET deja el testimonio de esta intervenci\u00f3n. En un primer momento, Kuri da la bienvenida a la intenci\u00f3n de celebrar en 2014 [&hellip;]<\/p>\n","protected":false},"author":1,"featured_media":16681,"comment_status":"open","ping_status":"open","sticky":false,"template":"","format":"standard","meta":{"_jetpack_memberships_contains_paid_content":false,"footnotes":""},"categories":[6,32,13,24],"tags":[],"class_list":["post-16680","post","type-post","status-publish","format-standard","has-post-thumbnail","hentry","category-canal-4-especiales","category-entradas","category-especiales","category-mexico-y-el-mundo"],"jetpack_featured_media_url":"http:\/\/www.eloriente.net\/home\/wp-content\/uploads\/2013\/09\/Captura-Meade-Kuri-ONU.jpg","jetpack_sharing_enabled":true,"_links":{"self":[{"href":"http:\/\/www.eloriente.net\/home\/wp-json\/wp\/v2\/posts\/16680"}],"collection":[{"href":"http:\/\/www.eloriente.net\/home\/wp-json\/wp\/v2\/posts"}],"about":[{"href":"http:\/\/www.eloriente.net\/home\/wp-json\/wp\/v2\/types\/post"}],"author":[{"embeddable":true,"href":"http:\/\/www.eloriente.net\/home\/wp-json\/wp\/v2\/users\/1"}],"replies":[{"embeddable":true,"href":"http:\/\/www.eloriente.net\/home\/wp-json\/wp\/v2\/comments?post=16680"}],"version-history":[{"count":2,"href":"http:\/\/www.eloriente.net\/home\/wp-json\/wp\/v2\/posts\/16680\/revisions"}],"predecessor-version":[{"id":16683,"href":"http:\/\/www.eloriente.net\/home\/wp-json\/wp\/v2\/posts\/16680\/revisions\/16683"}],"wp:featuredmedia":[{"embeddable":true,"href":"http:\/\/www.eloriente.net\/home\/wp-json\/wp\/v2\/media\/16681"}],"wp:attachment":[{"href":"http:\/\/www.eloriente.net\/home\/wp-json\/wp\/v2\/media?parent=16680"}],"wp:term":[{"taxonomy":"category","embeddable":true,"href":"http:\/\/www.eloriente.net\/home\/wp-json\/wp\/v2\/categories?post=16680"},{"taxonomy":"post_tag","embeddable":true,"href":"http:\/\/www.eloriente.net\/home\/wp-json\/wp\/v2\/tags?post=16680"}],"curies":[{"name":"wp","href":"https:\/\/api.w.org\/{rel}","templated":true}]}}