{"id":16688,"date":"2013-09-30T07:20:25","date_gmt":"2013-09-30T13:20:25","guid":{"rendered":"http:\/\/www.eloriente.net\/home\/?p=16688"},"modified":"2013-09-30T07:27:31","modified_gmt":"2013-09-30T13:27:31","slug":"dia-internacional-de-las-personas-de-edad-hay-una-de-ellas-en-1-de-cada-3-hogares-de-oaxaca","status":"publish","type":"post","link":"http:\/\/www.eloriente.net\/home\/2013\/09\/30\/dia-internacional-de-las-personas-de-edad-hay-una-de-ellas-en-1-de-cada-3-hogares-de-oaxaca\/","title":{"rendered":"D\u00eda Internacional de las Personas de Edad: Hay una de ellas en 1 de cada 3 hogares de Oaxaca"},"content":{"rendered":"<p>eloriente.net<\/p>\n<p>30 de septiembre de 2013<\/p>\n<p>eloriente.net (Oaxaca, Oax. a 30 de septiembre de 2013).- Este 1 de octubre se celebra en el mundo el D\u00eda Internacional de las Personas de Edad, bajo el tema \u00abEl futuro que queremos: lo que dicen las personas mayores.<\/p>\n<p>Para determinar esta celebraci\u00f3n, la Asamblea General de las Naciones Unidas sesion\u00f3 el 14 de diciembre de 1990 y acord\u00f3 la <a href=\"http:\/\/www.un.org\/es\/comun\/docs\/?symbol=A\/RES\/45\/106\" target=\"_blank\">resoluci\u00f3n 45\/106<\/a>, en la cual se fija el 1 de octubre de cada a\u00f1o para tal fin, en seguimiento de otras iniciativas como el <a href=\"http:\/\/www.un.org\/es\/comun\/docs\/?symbol=A\/CONF.197\/9\" target=\"_blank\">Plan de Acci\u00f3n Internacional de Viena sobre el Envejecimiento<\/a>, aprobado en 1982.<\/p>\n<p>Para Oaxaca, el Instituto Nacional de Estad\u00edstica y Geograf\u00eda (INEGI) comparti\u00f3 con ELORIENTE.NET un informe ejecutivo sobre el tema, que esclarece el panorama de la vida de las personas de edad en el estado.<\/p>\n<p>El reporte aborda los temas de Envejecimiento Demogr\u00e1fico, Mortalidad, Discapacidad, Salud, Violencia, Ocupaci\u00f3n, Situaci\u00f3n Conyugal y Hogares, Vivienda, entre otros.<\/p>\n<p>Se destaca que en el a\u00f1o 2012 se cuentan m\u00e1s de 419 mil personas de 60 a\u00f1os y m\u00e1s, lo que representa el 10.7% de la poblaci\u00f3n total y su tasa de participaci\u00f3n econ\u00f3mica se calcul\u00f3 en 42%.<\/p>\n<p>Dato preocupante de este estudio, es el referido a violencia, pues 47.4% de las mujeres alguna vez unidas de 60 a\u00f1os y m\u00e1s sufri\u00f3 alg\u00fan tipo de violencia por parte de su pareja o ex pareja.<\/p>\n<p>Asimismo, 35.5% de los adultos mayores con discapacidad no econ\u00f3micamente activos no pueden trabajar por una limitaci\u00f3n f\u00edsica o mental.<\/p>\n<p>Para el apartado de hogares, destaca el hecho de que en uno de cada tres hogares en Oaxaca cohabita al menos una persona de 60 a\u00f1os y m\u00e1s. Cabe recordar que en el estado se calculan alrededor de 934 mil hogares.<\/p>\n<p>El reporte completo del INEGI para Oaxaca puesto en l\u00ednea por ELORIENTE.NET, est\u00e1 disponible dando click en:<\/p>\n<p><a href=\"http:\/\/www.eloriente.net\/home\/wp-content\/uploads\/2013\/09\/D\u00cdA-INTERNACIONAL-DE-LAS-PERSONAS-DE-EDAD-2013-INEGI-ELORIENTE.NET_.pdf\">D\u00cdA INTERNACIONAL DE LAS PERSONAS DE EDAD 2013 INEGI ELORIENTE.NET<\/a>.<\/p>\n<p>&nbsp;<\/p>\n<p><a href=\"http:\/\/www.eloriente.net\/home\/wp-content\/uploads\/2013\/09\/Vejez-Algunos-derechos-reservados-por-alma-81.jpg\"><img loading=\"lazy\" decoding=\"async\" class=\"alignnone size-medium wp-image-16690\" title=\"Vejez Algunos derechos reservados por alma-81\" src=\"http:\/\/www.eloriente.net\/home\/wp-content\/uploads\/2013\/09\/Vejez-Algunos-derechos-reservados-por-alma-81-300x220.jpg\" alt=\"\" width=\"300\" height=\"220\" srcset=\"http:\/\/www.eloriente.net\/home\/wp-content\/uploads\/2013\/09\/Vejez-Algunos-derechos-reservados-por-alma-81-300x220.jpg 300w, http:\/\/www.eloriente.net\/home\/wp-content\/uploads\/2013\/09\/Vejez-Algunos-derechos-reservados-por-alma-81.jpg 1024w\" sizes=\"(max-width: 300px) 100vw, 300px\" \/><\/a><\/p>\n<p>Foto:\u00a0<a title=\"Attribution License\" href=\"http:\/\/creativecommons.org\/licenses\/by\/2.0\/\">Algunos derechos reservados<\/a>\u00a0por\u00a0<a href=\"http:\/\/www.flickr.com\/photos\/alma81\/\">alma-81<\/a><\/p>\n<p><strong>Otras entradas:<\/strong><\/p>\n<p><a title=\"Permalink to La inclusi\u00f3n laboral de las personas con discapacidad\" href=\"http:\/\/www.eloriente.net\/home\/2013\/06\/20\/la-inclusion-laboral-de-las-personas-con-discapacidad\/\" rel=\"bookmark\">La inclusi\u00f3n laboral de las personas con discapacidad<\/a><\/p>\n<p>Por: Alejandra Silva Soriano Uno de los ejes fundamentales para el desarrollo de las personas con discapacidad es el \u00e1rea laboral. En los \u00faltimos a\u00f1os, se le ha dado mayor difusi\u00f3n a este tema y se han logrado avances, aunque peque\u00f1os, pero que acercan a nuestro pa\u00eds hacia una cultura de la discapacidad, donde exista [&#8230;]<\/p>\n<p>June 20, 2013<\/p>\n<div id=\"post-12922\">\n<p><a title=\"Permalink to Trabajo infantil dom\u00e9stico afecta a 10 millones de ni\u00f1os en el mundo: OIT\" href=\"http:\/\/www.eloriente.net\/home\/2013\/06\/12\/trabajo-infantil-domestico-afecta-a-10-millones-de-ninos-oit\/\" rel=\"bookmark\">Trabajo infantil dom\u00e9stico afecta a 10 millones de ni\u00f1os en el mundo: OIT<\/a><\/p>\n<p><a href=\"http:\/\/www.eloriente.net\/home\/2013\/06\/12\/trabajo-infantil-domestico-afecta-a-10-millones-de-ninos-oit\/\" rel=\"bookmark\"><img decoding=\"async\" title=\"Trabajo infantil dom\u00e9stico afecta a 10 millones de ni\u00f1os en el mundo: OIT\" src=\"http:\/\/www.eloriente.net\/home\/wp-content\/themes\/city-desk\/timthumb.php?src=http%3A%2F%2Fwww.eloriente.net%2Fhome%2Fwp-content%2Fuploads%2F2013%2F04%2FTrabajo-infantil.png&amp;q=90&amp;w=160&amp;h=106&amp;zc=1\" alt=\"Trabajo infantil dom\u00e9stico afecta a 10 millones de ni\u00f1os en el mundo: OIT\" \/><\/a>eloriente.net\/ OIT\/ INEGI 12 de junio de 2013 eloriente.net (Oaxaca, Oax.) 12 de junio de 2013.- Unos 10,5 millones de ni\u00f1os de todo el mundo, la mayor\u00eda de los cuales son menores de edad, laboran como trabajadores dom\u00e9sticos en los hogares de otras personas en condiciones peligrosas y en algunos casos an\u00e1logas a la esclavitud, [&#8230;]<\/p>\n<p>June 12, 2013<\/p>\n<\/div>\n<p>&nbsp;<\/p>\n\n\t\t\t  <div \n\t\t\t  \tclass = \"fb-comments\" \n\t\t\t  \tdata-href = \"http:\/\/www.eloriente.net\/home\/2013\/09\/30\/dia-internacional-de-las-personas-de-edad-hay-una-de-ellas-en-1-de-cada-3-hogares-de-oaxaca\/\"\n\t\t\t  \tdata-numposts = \"10\"\n\t\t\t\tdata-colorscheme = \"dark\"\n\t\t\t\tdata-order-by = \"social\"\n\t\t\t\tdata-mobile=true>\n\t\t\t  <\/div>\n\t\t  <style>\n\t\t\t.fb_iframe_widget_fluid_desktop iframe {\n\t\t\t    width: 100% !important;\n\t\t\t}\n\t\t  <\/style>\n\t\t  ","protected":false},"excerpt":{"rendered":"<p>eloriente.net 30 de septiembre de 2013 eloriente.net (Oaxaca, Oax. a 30 de septiembre de 2013).- Este 1 de octubre se celebra en el mundo el D\u00eda Internacional de las Personas de Edad, bajo el tema \u00abEl futuro que queremos: lo que dicen las personas mayores. Para determinar esta celebraci\u00f3n, la Asamblea General de las Naciones [&hellip;]<\/p>\n","protected":false},"author":1,"featured_media":16690,"comment_status":"open","ping_status":"open","sticky":false,"template":"","format":"standard","meta":{"_jetpack_memberships_contains_paid_content":false,"footnotes":""},"categories":[32,13,31,30],"tags":[],"class_list":["post-16688","post","type-post","status-publish","format-standard","has-post-thumbnail","hentry","category-entradas","category-especiales","category-principal","category-salud"],"jetpack_featured_media_url":"http:\/\/www.eloriente.net\/home\/wp-content\/uploads\/2013\/09\/Vejez-Algunos-derechos-reservados-por-alma-81.jpg","jetpack_sharing_enabled":true,"_links":{"self":[{"href":"http:\/\/www.eloriente.net\/home\/wp-json\/wp\/v2\/posts\/16688"}],"collection":[{"href":"http:\/\/www.eloriente.net\/home\/wp-json\/wp\/v2\/posts"}],"about":[{"href":"http:\/\/www.eloriente.net\/home\/wp-json\/wp\/v2\/types\/post"}],"author":[{"embeddable":true,"href":"http:\/\/www.eloriente.net\/home\/wp-json\/wp\/v2\/users\/1"}],"replies":[{"embeddable":true,"href":"http:\/\/www.eloriente.net\/home\/wp-json\/wp\/v2\/comments?post=16688"}],"version-history":[{"count":3,"href":"http:\/\/www.eloriente.net\/home\/wp-json\/wp\/v2\/posts\/16688\/revisions"}],"predecessor-version":[{"id":16692,"href":"http:\/\/www.eloriente.net\/home\/wp-json\/wp\/v2\/posts\/16688\/revisions\/16692"}],"wp:featuredmedia":[{"embeddable":true,"href":"http:\/\/www.eloriente.net\/home\/wp-json\/wp\/v2\/media\/16690"}],"wp:attachment":[{"href":"http:\/\/www.eloriente.net\/home\/wp-json\/wp\/v2\/media?parent=16688"}],"wp:term":[{"taxonomy":"category","embeddable":true,"href":"http:\/\/www.eloriente.net\/home\/wp-json\/wp\/v2\/categories?post=16688"},{"taxonomy":"post_tag","embeddable":true,"href":"http:\/\/www.eloriente.net\/home\/wp-json\/wp\/v2\/tags?post=16688"}],"curies":[{"name":"wp","href":"https:\/\/api.w.org\/{rel}","templated":true}]}}