{"id":16719,"date":"2013-09-28T19:40:33","date_gmt":"2013-09-29T01:40:33","guid":{"rendered":"http:\/\/www.eloriente.net\/home\/?p=16719"},"modified":"2013-10-01T11:44:57","modified_gmt":"2013-10-01T17:44:57","slug":"derecho-uabjo-realiza-taller-sobre-sistema-acusatorio-adversarial","status":"publish","type":"post","link":"http:\/\/www.eloriente.net\/home\/2013\/09\/28\/derecho-uabjo-realiza-taller-sobre-sistema-acusatorio-adversarial\/","title":{"rendered":"Derecho-UABJO realiza Taller sobre Sistema Acusatorio Adversarial"},"content":{"rendered":"<p>eloriente.net<\/p>\n<p>28 de septiembre de 2013<\/p>\n<p>La Facultad de Derecho y Ciencias Sociales de la Universidad Aut\u00f3noma \u201cBenito Ju\u00e1rez\u201d de Oaxaca (UABJO), realiz\u00f3 el \u201ctaller de Sistema Acusatorio Adversarial y medios alternativos de soluci\u00f3n a conflictos\u201d, dirigido a estudiantes, docentes y catedr\u00e1ticos interesados en el tema.<\/p>\n<p><span style=\"font-size: 13px;\">Esta actividad acad\u00e9mica tiene como prop\u00f3sito fortalecer la pr\u00e1ctica en la resoluci\u00f3n de asuntos penales, as\u00ed lo dio a conocer el maestro Reynel V\u00e1squez Zarate, quien abund\u00f3 que tambi\u00e9n fue dise\u00f1ado para preparar al estudiantado y fortalecer las herramientas docentes en materia de este nuevo sistema penal, as\u00ed como despertar el inter\u00e9s en los temas relacionados para su aplicaci\u00f3n en la pr\u00e1ctica.<\/span><\/p>\n<p><span style=\"font-size: 13px;\">De esta forma, la Instituci\u00f3n que ha sido merecedora de reconocimientos nacionales e internacionales por la participaci\u00f3n de sus estudiantes Concursos de Juicios Orales, mantiene su inter\u00e9s por continuar con el fomento de la ense\u00f1anza y pr\u00e1ctica de esta reforma aprobada el 9 de septiembre de 2006 para el estado de Oaxaca.<\/span><\/p>\n<p><span style=\"font-size: 13px;\">Es digno mencionar que la UABJO tiene ya un gran camino recorrido al respecto y reconoce que de acuerdo a la ley vigente, que los Juicios Orales permiten a todas\u00a0 las partes involucradas que est\u00e9n presentes en el desarrollo de las audiencias con la asistencia de un juez.<\/span><\/p>\n<p><span style=\"font-size: 13px;\">Los docentes que participaron en la impartici\u00f3n del taller son: No\u00e9 Matus Romualdo con el tema \u201chacia una nueva concepci\u00f3n de amparo\u201d, Gerardo Carmona Castillo con \u201cPrueba il\u00edcita\u201d, Mart\u00edn Arag\u00f3n Mart\u00ednez con la tem\u00e1tica de \u201cMedios alternativos de soluci\u00f3n al conflicto\u201d.<\/span><\/p>\n<p><span style=\"font-size: 13px;\">Otros temas son \u201cLa defensa t\u00e9cnica en el nuevo proceso penal\u201d, por el maestro Pedro Sosa, \u201cIntegraci\u00f3n de una carpeta de investigaci\u00f3n\u201d\u00a0 y \u201cprincipios que rigen el Sistema acusatorio de corte adversarial\u201d por el maestro de Reynel V\u00e1squez Z\u00e1rate.<\/span><\/p>\n<p><span style=\"font-size: 13px;\">En este sentido y a fin de cumplir con la labor de actualizaci\u00f3n y difusi\u00f3n del conocimiento, una de las misiones de la Facultad, se abordar\u00e1n estos temas, medulares del programa educativo, al ofrecer estos t\u00f3picos introductorios de la disciplina jur\u00eddico-penal.<\/span><\/p>\n<p><span style=\"font-size: 13px;\">As\u00ed se forman especialistas capaces de aplicar el sistema acusatorio y los m\u00e9todos simplificados de terminaci\u00f3n del proceso, mediante el estudio de t\u00e9cnicas de litigaci\u00f3n, juicio oral, argumentaci\u00f3n, debate y soluci\u00f3n de controversias que permitan atender el desarrollo y soluci\u00f3n.<\/span><\/p>\n<p><a href=\"http:\/\/www.eloriente.net\/home\/wp-content\/uploads\/2013\/10\/Derecho-UABJO.jpg\"><img loading=\"lazy\" decoding=\"async\" class=\"alignnone size-medium wp-image-16720\" title=\"Derecho UABJO\" src=\"http:\/\/www.eloriente.net\/home\/wp-content\/uploads\/2013\/10\/Derecho-UABJO-300x200.jpg\" alt=\"\" width=\"300\" height=\"200\" srcset=\"http:\/\/www.eloriente.net\/home\/wp-content\/uploads\/2013\/10\/Derecho-UABJO-300x200.jpg 300w, http:\/\/www.eloriente.net\/home\/wp-content\/uploads\/2013\/10\/Derecho-UABJO-1024x682.jpg 1024w\" sizes=\"(max-width: 300px) 100vw, 300px\" \/><\/a><\/p>\n<p>&nbsp;<\/p>\n\n\t\t\t  <div \n\t\t\t  \tclass = \"fb-comments\" \n\t\t\t  \tdata-href = \"http:\/\/www.eloriente.net\/home\/2013\/09\/28\/derecho-uabjo-realiza-taller-sobre-sistema-acusatorio-adversarial\/\"\n\t\t\t  \tdata-numposts = \"10\"\n\t\t\t\tdata-colorscheme = \"dark\"\n\t\t\t\tdata-order-by = \"social\"\n\t\t\t\tdata-mobile=true>\n\t\t\t  <\/div>\n\t\t  <style>\n\t\t\t.fb_iframe_widget_fluid_desktop iframe {\n\t\t\t    width: 100% !important;\n\t\t\t}\n\t\t  <\/style>\n\t\t  ","protected":false},"excerpt":{"rendered":"<p>eloriente.net 28 de septiembre de 2013 La Facultad de Derecho y Ciencias Sociales de la Universidad Aut\u00f3noma \u201cBenito Ju\u00e1rez\u201d de Oaxaca (UABJO), realiz\u00f3 el \u201ctaller de Sistema Acusatorio Adversarial y medios alternativos de soluci\u00f3n a conflictos\u201d, dirigido a estudiantes, docentes y catedr\u00e1ticos interesados en el tema. Esta actividad acad\u00e9mica tiene como prop\u00f3sito fortalecer la pr\u00e1ctica [&hellip;]<\/p>\n","protected":false},"author":1,"featured_media":16720,"comment_status":"open","ping_status":"open","sticky":false,"template":"","format":"standard","meta":{"_jetpack_memberships_contains_paid_content":false,"footnotes":""},"categories":[18,32,10,84],"tags":[],"class_list":["post-16719","post","type-post","status-publish","format-standard","has-post-thumbnail","hentry","category-educacion-y-cultura","category-entradas","category-lo-mas-reciente","category-universidades"],"jetpack_featured_media_url":"http:\/\/www.eloriente.net\/home\/wp-content\/uploads\/2013\/10\/Derecho-UABJO.jpg","jetpack_sharing_enabled":true,"_links":{"self":[{"href":"http:\/\/www.eloriente.net\/home\/wp-json\/wp\/v2\/posts\/16719"}],"collection":[{"href":"http:\/\/www.eloriente.net\/home\/wp-json\/wp\/v2\/posts"}],"about":[{"href":"http:\/\/www.eloriente.net\/home\/wp-json\/wp\/v2\/types\/post"}],"author":[{"embeddable":true,"href":"http:\/\/www.eloriente.net\/home\/wp-json\/wp\/v2\/users\/1"}],"replies":[{"embeddable":true,"href":"http:\/\/www.eloriente.net\/home\/wp-json\/wp\/v2\/comments?post=16719"}],"version-history":[{"count":2,"href":"http:\/\/www.eloriente.net\/home\/wp-json\/wp\/v2\/posts\/16719\/revisions"}],"predecessor-version":[{"id":16722,"href":"http:\/\/www.eloriente.net\/home\/wp-json\/wp\/v2\/posts\/16719\/revisions\/16722"}],"wp:featuredmedia":[{"embeddable":true,"href":"http:\/\/www.eloriente.net\/home\/wp-json\/wp\/v2\/media\/16720"}],"wp:attachment":[{"href":"http:\/\/www.eloriente.net\/home\/wp-json\/wp\/v2\/media?parent=16719"}],"wp:term":[{"taxonomy":"category","embeddable":true,"href":"http:\/\/www.eloriente.net\/home\/wp-json\/wp\/v2\/categories?post=16719"},{"taxonomy":"post_tag","embeddable":true,"href":"http:\/\/www.eloriente.net\/home\/wp-json\/wp\/v2\/tags?post=16719"}],"curies":[{"name":"wp","href":"https:\/\/api.w.org\/{rel}","templated":true}]}}