{"id":16728,"date":"2013-10-01T13:12:17","date_gmt":"2013-10-01T19:12:17","guid":{"rendered":"http:\/\/www.eloriente.net\/home\/?p=16728"},"modified":"2013-10-01T13:12:17","modified_gmt":"2013-10-01T19:12:17","slug":"abre-hay-festival-xalapa-el-2-de-octubre-de-2013","status":"publish","type":"post","link":"http:\/\/www.eloriente.net\/home\/2013\/10\/01\/abre-hay-festival-xalapa-el-2-de-octubre-de-2013\/","title":{"rendered":"Abre Hay Festival Xalapa el 2 de octubre de 2013"},"content":{"rendered":"<p>eloriente.net\/Hay Festival Xalapa<\/p>\n<p>1 de octubre de 2013<\/p>\n<p>eloriente.net (Oaxaca, Oax. a 1 de octubre de 2013).- Con un concierto de la multiinstrumentista Julieta Venegas en Gimnasio de los Halcones, abre el mi\u00e9rcoles 2 de octubre el Hay Festival Xalapa, que cubre actividades hasta el d\u00eda 6 de este mes, bajo la premisa \u00abImagina el mundo\u00bb.<\/p>\n<p>Definido como un espacio cuyo ambiente es de di\u00e1logo y celebraci\u00f3n, el festival apuesta \u00abpor ser uno de los encuentros m\u00e1s importantes del mundo hispano\u00bb, por lo cual se contemplan actividades de difusi\u00f3n de la literatura a nivel local e internacional, eventos inclusivos y accesibles a artistas internacionales, as\u00ed como acci\u00f3n social y educaci\u00f3n, que se traduce por ejemplo a que la recaudaci\u00f3n total de la boleter\u00eda en el festival ser\u00e1 donada al voluntariado de la Secretar\u00eda de Turismo, Cultura y Cinematograf\u00eda.<\/p>\n<p>Cabe destacar que festivales similares se realizan en <a href=\"http:\/\/www.hayfestival.com\/cartagena\/es-index.aspx?skinid=5&amp;localesetting=es-ES&amp;resetfilters=true\" target=\"_blank\">Cartagena, Colombia<\/a>; <a href=\"http:\/\/www.hayfestival.com\/storymoja\/index.aspx?skinid=10&amp;localesetting=en-GB&amp;resetfilters=true\" target=\"_blank\">Nairobi, Kenya<\/a>; <a href=\"http:\/\/www.hayfestival.com\/kells\/index.aspx?skinid=26&amp;currencysetting=EUR&amp;localesetting=en-GB\" target=\"_blank\">Kells, Irlanda<\/a>; y otras 11 ciudades alrededor del mundo.<\/p>\n<p>A partir del 3 de cotubre se contempla un programa muy amplio de exposiciones, charlas, conferencias, en las cuales se presentan muy diversos autores de M\u00e9xico y el mundo.<\/p>\n<p>Destacan Federico Andahazi, Luis Eduardo Aute, Hern\u00e1n Bravo Varela, Rogelio Cu\u00e9llar, Silvia Lemus, Sandra Lorenzano, Eduardo Lizalde, Vicente Molina Foix, Andr\u00e9s Neuman, William Ospina, Sergio Pitol, Luisa Valenzuela y Derek Walcott, entre muchos otros.<\/p>\n<p>ELORIENTE.NET se suma a la difusi\u00f3n de Hay Festival, entre otras cosas, por la evidente vocaci\u00f3n formativa de sus contenidos.<\/p>\n<p>As\u00ed que adelante, consulta <a href=\"http:\/\/www.hayfestival.com\/storymoja\/index.aspx?skinid=10&amp;localesetting=en-GB&amp;resetfilters=true\" target=\"_blank\">EL PROGRAMA COMPLETO Y Vamos a Xalapa!<\/a><\/p>\n<p>&nbsp;<\/p>\n<p><a href=\"http:\/\/www.eloriente.net\/home\/wp-content\/uploads\/2013\/10\/Algunos-derechos-reservados-por-@outis9366-Luis-Eduardo-Aute.jpg\"><img loading=\"lazy\" decoding=\"async\" class=\"alignnone size-medium wp-image-16729\" title=\"Algunos derechos reservados por @outis9366 Luis Eduardo Aute\" src=\"http:\/\/www.eloriente.net\/home\/wp-content\/uploads\/2013\/10\/Algunos-derechos-reservados-por-@outis9366-Luis-Eduardo-Aute-300x200.jpg\" alt=\"\" width=\"300\" height=\"200\" srcset=\"http:\/\/www.eloriente.net\/home\/wp-content\/uploads\/2013\/10\/Algunos-derechos-reservados-por-@outis9366-Luis-Eduardo-Aute-300x200.jpg 300w, http:\/\/www.eloriente.net\/home\/wp-content\/uploads\/2013\/10\/Algunos-derechos-reservados-por-@outis9366-Luis-Eduardo-Aute.jpg 1024w\" sizes=\"(max-width: 300px) 100vw, 300px\" \/><\/a><\/p>\n<p>Foto: Luis Eduardo Aute<\/p>\n<p><a title=\"Attribution-ShareAlike License\" href=\"http:\/\/creativecommons.org\/licenses\/by-sa\/2.0\/\">Algunos derechos reservados<\/a>\u00a0por\u00a0<a href=\"http:\/\/www.flickr.com\/photos\/outis9366\/\">@outis9366<\/a><\/p>\n\n\t\t\t  <div \n\t\t\t  \tclass = \"fb-comments\" \n\t\t\t  \tdata-href = \"http:\/\/www.eloriente.net\/home\/2013\/10\/01\/abre-hay-festival-xalapa-el-2-de-octubre-de-2013\/\"\n\t\t\t  \tdata-numposts = \"10\"\n\t\t\t\tdata-colorscheme = \"dark\"\n\t\t\t\tdata-order-by = \"social\"\n\t\t\t\tdata-mobile=true>\n\t\t\t  <\/div>\n\t\t  <style>\n\t\t\t.fb_iframe_widget_fluid_desktop iframe {\n\t\t\t    width: 100% !important;\n\t\t\t}\n\t\t  <\/style>\n\t\t  ","protected":false},"excerpt":{"rendered":"<p>eloriente.net\/Hay Festival Xalapa 1 de octubre de 2013 eloriente.net (Oaxaca, Oax. a 1 de octubre de 2013).- Con un concierto de la multiinstrumentista Julieta Venegas en Gimnasio de los Halcones, abre el mi\u00e9rcoles 2 de octubre el Hay Festival Xalapa, que cubre actividades hasta el d\u00eda 6 de este mes, bajo la premisa \u00abImagina el [&hellip;]<\/p>\n","protected":false},"author":1,"featured_media":16729,"comment_status":"open","ping_status":"open","sticky":false,"template":"","format":"standard","meta":{"_jetpack_memberships_contains_paid_content":false,"footnotes":""},"categories":[18,32,63,10,31],"tags":[],"class_list":["post-16728","post","type-post","status-publish","format-standard","has-post-thumbnail","hentry","category-educacion-y-cultura","category-entradas","category-estados","category-lo-mas-reciente","category-principal"],"jetpack_featured_media_url":"http:\/\/www.eloriente.net\/home\/wp-content\/uploads\/2013\/10\/Algunos-derechos-reservados-por-@outis9366-Luis-Eduardo-Aute.jpg","jetpack_sharing_enabled":true,"_links":{"self":[{"href":"http:\/\/www.eloriente.net\/home\/wp-json\/wp\/v2\/posts\/16728"}],"collection":[{"href":"http:\/\/www.eloriente.net\/home\/wp-json\/wp\/v2\/posts"}],"about":[{"href":"http:\/\/www.eloriente.net\/home\/wp-json\/wp\/v2\/types\/post"}],"author":[{"embeddable":true,"href":"http:\/\/www.eloriente.net\/home\/wp-json\/wp\/v2\/users\/1"}],"replies":[{"embeddable":true,"href":"http:\/\/www.eloriente.net\/home\/wp-json\/wp\/v2\/comments?post=16728"}],"version-history":[{"count":2,"href":"http:\/\/www.eloriente.net\/home\/wp-json\/wp\/v2\/posts\/16728\/revisions"}],"predecessor-version":[{"id":16731,"href":"http:\/\/www.eloriente.net\/home\/wp-json\/wp\/v2\/posts\/16728\/revisions\/16731"}],"wp:featuredmedia":[{"embeddable":true,"href":"http:\/\/www.eloriente.net\/home\/wp-json\/wp\/v2\/media\/16729"}],"wp:attachment":[{"href":"http:\/\/www.eloriente.net\/home\/wp-json\/wp\/v2\/media?parent=16728"}],"wp:term":[{"taxonomy":"category","embeddable":true,"href":"http:\/\/www.eloriente.net\/home\/wp-json\/wp\/v2\/categories?post=16728"},{"taxonomy":"post_tag","embeddable":true,"href":"http:\/\/www.eloriente.net\/home\/wp-json\/wp\/v2\/tags?post=16728"}],"curies":[{"name":"wp","href":"https:\/\/api.w.org\/{rel}","templated":true}]}}