{"id":16739,"date":"2013-10-02T15:06:51","date_gmt":"2013-10-02T21:06:51","guid":{"rendered":"http:\/\/www.eloriente.net\/home\/?p=16739"},"modified":"2013-10-02T15:15:19","modified_gmt":"2013-10-02T21:15:19","slug":"video-documental-el-grito-mexico-1968-por-canal-4-el_oriente","status":"publish","type":"post","link":"http:\/\/www.eloriente.net\/home\/2013\/10\/02\/video-documental-el-grito-mexico-1968-por-canal-4-el_oriente\/","title":{"rendered":"Video: Documental \u00abEl Grito. M\u00e9xico 1968\u00bb, por Canal 4 @El_Oriente"},"content":{"rendered":"<p>eloriente.net<\/p>\n<p>2 de octubre de 2013<\/p>\n<p>A 45 a\u00f1os de aquel 2 de octubre de 1968, la memoria de M\u00e9xico trae consigo aquellas im\u00e1genes en Tlatelolco. Aunque tambi\u00e9n es correcto decir que no solamente lo ocurrido el 2 de octubre es suficiente para entender el contexto y las consecuencias que trajeron consigo los sucesos de aquella tarde.<\/p>\n<p>Por eso, ELORIENTE.NET te acerca el enlace a un documental muy necesario: \u00abEl Grito\u00bb de Leobardo L\u00f3pez Aretche, quien dio forma a diversas im\u00e1genes que estudiantes y j\u00f3venes levantaron en aquellas horas decisivas.<\/p>\n<p>As\u00ed lo describe la Universidad Nacional Aut\u00f3noma de M\u00e9xico: \u00abDurante el movimiento estudiantil de 1968 en M\u00e9xico, los estudiantes del Centro Universitario de Estudios Cinematogr\u00e1ficos de la Universidad Nacional Aut\u00f3noma de M\u00e9xico, decidieron tomar la escuela, el equipo y material a disposici\u00f3n y filmar los acontecimientos. El resultado, ocho horas de im\u00e1genes, los cuales fueron editados bajo la direcci\u00f3n de <a href=\"http:\/\/www.imdb.com\/name\/nm0529781\/\" target=\"_blank\">Leobardo L\u00f3pez Aretche<\/a> para integrar este documental, \u00fanico testimonio f\u00edlmico desde el interior del movimiento\u00bb.<\/p>\n<p>A\u00f1adimos que L\u00f3pez, quien tuvo una vida relampagueante (1942-1970), film\u00f3 su primer corto en 1965 \u00abLapso\u00bb, para seguir dirigiendo en \u00abPante\u00f3n\u00bb (1966), El Jinete del cubo\u00bb (1966), \u00abS.O.S\u00bb (Documental de 1967), \u00abEl hijo\u00bb (1968).<\/p>\n<p>De acuerdo a <a href=\"http:\/\/www.nexos.com.mx\/?P=leerarticulo&amp;Article=267421\" target=\"_blank\">diversas fuentes<\/a>, L\u00f3pez Aretche se suicid\u00f3 poco despu\u00e9s de terminar El Grito:<br \/>\n<iframe loading=\"lazy\" src=\"\/\/www.youtube.com\/embed\/oj1y-ONziQU\" frameborder=\"0\" width=\"420\" height=\"315\"><\/iframe><\/p>\n<p><a href=\"http:\/\/www.eloriente.net\/home\/wp-content\/uploads\/2013\/10\/Algunos-derechos-reservados-por-Rachel-McLeod-Kaminer-Tlatelolco.jpg\"><img loading=\"lazy\" decoding=\"async\" class=\"alignnone size-medium wp-image-16741\" title=\"Algunos derechos reservados por Rachel McLeod Kaminer Tlatelolco\" src=\"http:\/\/www.eloriente.net\/home\/wp-content\/uploads\/2013\/10\/Algunos-derechos-reservados-por-Rachel-McLeod-Kaminer-Tlatelolco-300x168.jpg\" alt=\"\" width=\"300\" height=\"168\" srcset=\"http:\/\/www.eloriente.net\/home\/wp-content\/uploads\/2013\/10\/Algunos-derechos-reservados-por-Rachel-McLeod-Kaminer-Tlatelolco-300x168.jpg 300w, http:\/\/www.eloriente.net\/home\/wp-content\/uploads\/2013\/10\/Algunos-derechos-reservados-por-Rachel-McLeod-Kaminer-Tlatelolco.jpg 1024w\" sizes=\"(max-width: 300px) 100vw, 300px\" \/><\/a><\/p>\n<p>Foto: Algunos derechos reservados Rachel MacLeod<\/p>\n<p>&nbsp;<\/p>\n<p>Otros filmes relacionados:<\/p>\n<p>FLOR DE OTOM\u00cd, LUISA RILEY (2012)<br \/>\n<iframe loading=\"lazy\" src=\"\/\/www.youtube.com\/embed\/MQr6JyLf4Oc\" frameborder=\"0\" width=\"420\" height=\"315\"><\/iframe><\/p>\n<p>&nbsp;<\/p>\n<p>TLATELOLCO, VERANO DEL 68. CARLOS BOLADO (2013)<br \/>\n<iframe loading=\"lazy\" src=\"\/\/www.youtube.com\/embed\/mhznv2THRHc\" frameborder=\"0\" width=\"560\" height=\"315\"><\/iframe><\/p>\n<p>&nbsp;<\/p>\n<p>TRAZANDO ALEIDA, CHRISTIENE BURHARD (2008)<br \/>\n<iframe loading=\"lazy\" src=\"\/\/www.youtube.com\/embed\/rmHhLaHgl2Q\" frameborder=\"0\" width=\"420\" height=\"315\"><\/iframe><\/p>\n\n\t\t\t  <div \n\t\t\t  \tclass = \"fb-comments\" \n\t\t\t  \tdata-href = \"http:\/\/www.eloriente.net\/home\/2013\/10\/02\/video-documental-el-grito-mexico-1968-por-canal-4-el_oriente\/\"\n\t\t\t  \tdata-numposts = \"10\"\n\t\t\t\tdata-colorscheme = \"dark\"\n\t\t\t\tdata-order-by = \"social\"\n\t\t\t\tdata-mobile=true>\n\t\t\t  <\/div>\n\t\t  <style>\n\t\t\t.fb_iframe_widget_fluid_desktop iframe {\n\t\t\t    width: 100% !important;\n\t\t\t}\n\t\t  <\/style>\n\t\t  ","protected":false},"excerpt":{"rendered":"<p>eloriente.net 2 de octubre de 2013 A 45 a\u00f1os de aquel 2 de octubre de 1968, la memoria de M\u00e9xico trae consigo aquellas im\u00e1genes en Tlatelolco. Aunque tambi\u00e9n es correcto decir que no solamente lo ocurrido el 2 de octubre es suficiente para entender el contexto y las consecuencias que trajeron consigo los sucesos de [&hellip;]<\/p>\n","protected":false},"author":1,"featured_media":16741,"comment_status":"open","ping_status":"open","sticky":false,"template":"","format":"standard","meta":{"_jetpack_memberships_contains_paid_content":false,"footnotes":""},"categories":[6,56,32,13,24,21,31],"tags":[],"class_list":["post-16739","post","type-post","status-publish","format-standard","has-post-thumbnail","hentry","category-canal-4-especiales","category-cine","category-entradas","category-especiales","category-mexico-y-el-mundo","category-politica-y-gobierno","category-principal"],"jetpack_featured_media_url":"http:\/\/www.eloriente.net\/home\/wp-content\/uploads\/2013\/10\/Algunos-derechos-reservados-por-Rachel-McLeod-Kaminer-Tlatelolco.jpg","jetpack_sharing_enabled":true,"_links":{"self":[{"href":"http:\/\/www.eloriente.net\/home\/wp-json\/wp\/v2\/posts\/16739"}],"collection":[{"href":"http:\/\/www.eloriente.net\/home\/wp-json\/wp\/v2\/posts"}],"about":[{"href":"http:\/\/www.eloriente.net\/home\/wp-json\/wp\/v2\/types\/post"}],"author":[{"embeddable":true,"href":"http:\/\/www.eloriente.net\/home\/wp-json\/wp\/v2\/users\/1"}],"replies":[{"embeddable":true,"href":"http:\/\/www.eloriente.net\/home\/wp-json\/wp\/v2\/comments?post=16739"}],"version-history":[{"count":3,"href":"http:\/\/www.eloriente.net\/home\/wp-json\/wp\/v2\/posts\/16739\/revisions"}],"predecessor-version":[{"id":16743,"href":"http:\/\/www.eloriente.net\/home\/wp-json\/wp\/v2\/posts\/16739\/revisions\/16743"}],"wp:featuredmedia":[{"embeddable":true,"href":"http:\/\/www.eloriente.net\/home\/wp-json\/wp\/v2\/media\/16741"}],"wp:attachment":[{"href":"http:\/\/www.eloriente.net\/home\/wp-json\/wp\/v2\/media?parent=16739"}],"wp:term":[{"taxonomy":"category","embeddable":true,"href":"http:\/\/www.eloriente.net\/home\/wp-json\/wp\/v2\/categories?post=16739"},{"taxonomy":"post_tag","embeddable":true,"href":"http:\/\/www.eloriente.net\/home\/wp-json\/wp\/v2\/tags?post=16739"}],"curies":[{"name":"wp","href":"https:\/\/api.w.org\/{rel}","templated":true}]}}