{"id":16753,"date":"2013-10-03T11:00:16","date_gmt":"2013-10-03T17:00:16","guid":{"rendered":"http:\/\/www.eloriente.net\/home\/?p=16753"},"modified":"2013-10-02T18:05:00","modified_gmt":"2013-10-03T00:05:00","slug":"conferencia-la-trascendencia-de-la-biblioteca-historica-03oct13","status":"publish","type":"post","link":"http:\/\/www.eloriente.net\/home\/2013\/10\/03\/conferencia-la-trascendencia-de-la-biblioteca-historica-03oct13\/","title":{"rendered":"Conferencia: La Trascendencia de la Biblioteca Hist\u00f3rica 03\/Oct\/13"},"content":{"rendered":"<p>eloriente.net\/Fundaci\u00f3n Harp Hel\u00fa<\/p>\n<p>3 de octubre de 2013<\/p>\n<p style=\"text-align: center;\"><a href=\"http:\/\/www.eloriente.net\/home\/wp-content\/uploads\/2013\/10\/cartelburgoa-octubre-eloriente.net_.jpg\"><img loading=\"lazy\" decoding=\"async\" class=\"alignnone size-medium wp-image-16754\" title=\"cartelburgoa octubre eloriente.net\" src=\"http:\/\/www.eloriente.net\/home\/wp-content\/uploads\/2013\/10\/cartelburgoa-octubre-eloriente.net_-196x300.jpg\" alt=\"\" width=\"196\" height=\"300\" srcset=\"http:\/\/www.eloriente.net\/home\/wp-content\/uploads\/2013\/10\/cartelburgoa-octubre-eloriente.net_-196x300.jpg 196w, http:\/\/www.eloriente.net\/home\/wp-content\/uploads\/2013\/10\/cartelburgoa-octubre-eloriente.net_-671x1024.jpg 671w, http:\/\/www.eloriente.net\/home\/wp-content\/uploads\/2013\/10\/cartelburgoa-octubre-eloriente.net_-1024x1561.jpg 1024w, http:\/\/www.eloriente.net\/home\/wp-content\/uploads\/2013\/10\/cartelburgoa-octubre-eloriente.net_.jpg 1032w\" sizes=\"(max-width: 196px) 100vw, 196px\" \/><\/a><\/p>\n<p>&nbsp;<\/p>\n<p><span style=\"font-family: verdana,sans-serif;\">La Biblioteca Fray Francisco de Burgoa invita a\u00a0<em>La trascendencia de la biblioteca hist\u00f3rica en la custodia y preservaci\u00f3n del patrimonio documental\u00a0<\/em>conferencia impartida por el <strong>Dr. Manuel Jos\u00e9 Pedraza Garc\u00eda<\/strong>, de la Universidad de Zaragoza, el pr\u00f3ximo <strong>jueves 3 de octubre a las 19:30 horas.<\/strong><\/p>\n<p>El Dr. Pedraza es\u00a0Profesor titular en\u00a0Ciencias de la Documentaci\u00f3n e Historia de la Ciencia\u00a0de la Facultad de Filosof\u00eda y Letras de la Universidad de Zaragoza. Ha realizado art\u00edculos y libros entre los que se encuentran:\u00a0<em>El traspaso de la imprenta de Pablo Hurus: aportaci\u00f3n documental para el estudio de la imprenta incunable zaragozana, Las mujeres en la imprenta hispana durante los siglos XV y XVI, La documentaci\u00f3n notarial: fuente para la investigaci\u00f3n de la historia del libro, la lectura y los dep\u00f3sitos documentales, Juana Mill\u00e1n, se\u00f1ora de la imprenta: aportaci\u00f3n al conocimiento de una imprenta dirigida por una mujer en la primera mitad del siglo XVI<\/em>,\u00a0<em>Deontolog\u00eda profesional en torno al libro antiguo, Bibliolog\u00eda (ciencia del libro) y Ciencias de la Documentaci\u00f3n, La responsabilidad social y jur\u00eddica ante el patrimonio bibliogr\u00e1fico, Instrumentos de ayuda para la tasaci\u00f3n del libro antiguo: descripci\u00f3n y uso, Los molinos de papel en Arag\u00f3n en los albores de la Edad Moderna, Libro y poder: la imprenta y la cultura escrita, Lectores y Lecturas en Zaragoza (1501-1521)<\/em>,\u00a0<em>Instrumentos de ayuda para la tasaci\u00f3n del libro antiguo: descripci\u00f3n y uso\u00a0<\/em>y es coautor de la obra\u00a0<em>El Libro Antiguo.<\/em><\/span><\/p>\n<p>&nbsp;<\/p>\n\n\t\t\t  <div \n\t\t\t  \tclass = \"fb-comments\" \n\t\t\t  \tdata-href = \"http:\/\/www.eloriente.net\/home\/2013\/10\/03\/conferencia-la-trascendencia-de-la-biblioteca-historica-03oct13\/\"\n\t\t\t  \tdata-numposts = \"10\"\n\t\t\t\tdata-colorscheme = \"dark\"\n\t\t\t\tdata-order-by = \"social\"\n\t\t\t\tdata-mobile=true>\n\t\t\t  <\/div>\n\t\t  <style>\n\t\t\t.fb_iframe_widget_fluid_desktop iframe {\n\t\t\t    width: 100% !important;\n\t\t\t}\n\t\t  <\/style>\n\t\t  ","protected":false},"excerpt":{"rendered":"<p>eloriente.net\/Fundaci\u00f3n Harp Hel\u00fa 3 de octubre de 2013 &nbsp; La Biblioteca Fray Francisco de Burgoa invita a\u00a0La trascendencia de la biblioteca hist\u00f3rica en la custodia y preservaci\u00f3n del patrimonio documental\u00a0conferencia impartida por el Dr. Manuel Jos\u00e9 Pedraza Garc\u00eda, de la Universidad de Zaragoza, el pr\u00f3ximo jueves 3 de octubre a las 19:30 horas. El Dr. [&hellip;]<\/p>\n","protected":false},"author":1,"featured_media":16754,"comment_status":"open","ping_status":"open","sticky":false,"template":"","format":"standard","meta":{"_jetpack_memberships_contains_paid_content":false,"footnotes":""},"categories":[8,32,10],"tags":[],"class_list":["post-16753","post","type-post","status-publish","format-standard","has-post-thumbnail","hentry","category-agenda","category-entradas","category-lo-mas-reciente"],"jetpack_featured_media_url":"http:\/\/www.eloriente.net\/home\/wp-content\/uploads\/2013\/10\/cartelburgoa-octubre-eloriente.net_.jpg","jetpack_sharing_enabled":true,"_links":{"self":[{"href":"http:\/\/www.eloriente.net\/home\/wp-json\/wp\/v2\/posts\/16753"}],"collection":[{"href":"http:\/\/www.eloriente.net\/home\/wp-json\/wp\/v2\/posts"}],"about":[{"href":"http:\/\/www.eloriente.net\/home\/wp-json\/wp\/v2\/types\/post"}],"author":[{"embeddable":true,"href":"http:\/\/www.eloriente.net\/home\/wp-json\/wp\/v2\/users\/1"}],"replies":[{"embeddable":true,"href":"http:\/\/www.eloriente.net\/home\/wp-json\/wp\/v2\/comments?post=16753"}],"version-history":[{"count":2,"href":"http:\/\/www.eloriente.net\/home\/wp-json\/wp\/v2\/posts\/16753\/revisions"}],"predecessor-version":[{"id":16756,"href":"http:\/\/www.eloriente.net\/home\/wp-json\/wp\/v2\/posts\/16753\/revisions\/16756"}],"wp:featuredmedia":[{"embeddable":true,"href":"http:\/\/www.eloriente.net\/home\/wp-json\/wp\/v2\/media\/16754"}],"wp:attachment":[{"href":"http:\/\/www.eloriente.net\/home\/wp-json\/wp\/v2\/media?parent=16753"}],"wp:term":[{"taxonomy":"category","embeddable":true,"href":"http:\/\/www.eloriente.net\/home\/wp-json\/wp\/v2\/categories?post=16753"},{"taxonomy":"post_tag","embeddable":true,"href":"http:\/\/www.eloriente.net\/home\/wp-json\/wp\/v2\/tags?post=16753"}],"curies":[{"name":"wp","href":"https:\/\/api.w.org\/{rel}","templated":true}]}}