{"id":16757,"date":"2013-10-03T08:41:41","date_gmt":"2013-10-03T14:41:41","guid":{"rendered":"http:\/\/www.eloriente.net\/home\/?p=16757"},"modified":"2013-10-02T21:28:26","modified_gmt":"2013-10-03T03:28:26","slug":"las-10-vistas-de-eloriente-net-en-septiembre2013","status":"publish","type":"post","link":"http:\/\/www.eloriente.net\/home\/2013\/10\/03\/las-10-vistas-de-eloriente-net-en-septiembre2013\/","title":{"rendered":"Las 10+ Vistas de ELORIENTE.NET en Septiembre\/2013"},"content":{"rendered":"<p>eloriente.net<\/p>\n<p>3 de octubre de 2013<\/p>\n<p>Cada mes, El Oriente publicar\u00e1 esta lista de los contenidos m\u00e1s visitados por nuestros usuarios. Esto, para que aquellos que se han perdido una buena recomendaci\u00f3n, una buena nota, tengan la oportunidad de volver sobre ella, aprender, regocijarse, disfrutar.<\/p>\n<p>Hay que recordar que el objetivo de El Oriente es no solamente informar, sino hacer llegar a tu mirada algunas de las cosas que valen la pena de la vida: im\u00e1genes extraordinarias, palabras que transforman, voces para aprender.<\/p>\n<p><a href=\"http:\/\/www.eloriente.net\/home\/2013\/03\/07\/historia-detras-de-la-cancion-y-como-es-el-de-jose-luis-perales-por-canal-3\/\" target=\"_blank\">1. LA SERIE \u00abLA HISTORIA DETR\u00c1S DE LA CANCI\u00d3N\u00bb<\/a><\/p>\n<p>Un conjunto de entradas preparadas por ELORIENTE.NET sobre las historias o an\u00e9cdotas que dieron origen en su momento a que importantes artistas y compositores escribieran canciones de gran popularidad. Adem\u00e1s de la que en agosto fue m\u00e1s vista \u00bfY qui\u00e9n es \u00e9l? de Jos\u00e9 Luis Perales, se han preparado art\u00edculos sobre canciones de\u00a0<a href=\"http:\/\/www.eloriente.net\/home\/2013\/02\/28\/historia-detras-de-la-cancion-tears-in-heaven-de-eric-clapton-por-canal-3\/\" target=\"_blank\">Eric Clapton<\/a>, The Beatles.,\u00a0<a href=\"http:\/\/www.eloriente.net\/home\/2013\/07\/29\/historia-detras-de-la-cancion-la-nina-de-guatemala-de-oscar-chavez-por-canal-3\/\" target=\"_blank\">Oscar Ch\u00e1vez\u00a0<\/a>\u00a0 y hasta de\u00a0<a href=\"http:\/\/www.eloriente.net\/home\/2013\/01\/23\/historia-detras-de-alfonsina-y-el-mar-de-mercedes-sosa\/\" target=\"_blank\">Mercedes Sosa<\/a>.<\/p>\n<p><a href=\"http:\/\/www.eloriente.net\/home\/2013\/08\/29\/entrevista-de-carlos-loret-al-gobernador-gabino-cue-29ago13\/\" target=\"_blank\">2. ENTREVISTA DE CARLOS LORET AL GOBERNADOR GABINO CU\u00c9 DEL 29 DE AGOSTO DE 2013<\/a><\/p>\n<p>Gran expectaci\u00f3n caus\u00f3 esta conversaci\u00f3n en Primero Noticias entre el Gobernador de Oaxaca y el conductor Carlos Loret, apenas iniciando las primeras movilizaciones de la Coordinadora Nacional de Trabajadores de la Educaci\u00f3n en el Distrito Federal. Preguntas y respuestas que marcan sin duda el rumbo de la comunicaci\u00f3n del gobierno estatal en este 2013.<\/p>\n<p><a href=\"http:\/\/www.eloriente.net\/home\/2013\/09\/09\/10-posturas-sobre-reforma-hacendaria-en-mexico\/\" target=\"_blank\">3. 10 POSTURAS SOBRE LA REFORMA HACENDARIA EN M\u00c9XICO<\/a><\/p>\n<p>El d\u00eda siguiente de la presentaci\u00f3n de la propuesta de reforma, diversos analistas, empresarios, partidos y ciudadanos dieron sus primeras impresiones sobre la misma. Desde Leo Zuckerman o Sergio Sarmiento como analistas, hasta c\u00e1maras empresariales, fueron citados por ELORIENTE.NET para contar con un primer panorama de impresiones sobre este tema de vital importancia para el pa\u00eds.<\/p>\n<p><a href=\"http:\/\/www.eloriente.net\/home\/2013\/09\/19\/juan-delval-presenta-en-oaxaca-educacion-democratica-para-el-siglo-xxi\/\" target=\"_blank\">4. JUAN DELVAL PRESENTA EN OAXACA: EDUCACI\u00d3N DEMOCR\u00c1TICA PARA EL SIGLO XXI<\/a><\/p>\n<p>Disc\u00edpulo de Jean Piaget, Delval es uno de los principales investigadores en el mundo sobre el tema educativo. Estuvo en Oaxaca gracias al esfuerzo de un grupo de 30 instituciones p\u00fablicas y privadas, coordinadas por la Universidad Santander en Oaxaca. Su libro y su presencia despert\u00f3 gran inter\u00e9s en nuestros lectores. Descubre por qu\u00e9!<\/p>\n<p><a href=\"http:\/\/www.eloriente.net\/home\/author\/omar\/\" target=\"_blank\">5. LA COLUMNA DE OMAR ALEJANDRO CORT\u00c9S<\/a><\/p>\n<p>Escritor oaxaque\u00f1o radicado en Argentina en este 2013, Omar Alejandro es un columnista muy seguido por nuestros lectores. Inclinado hacia la poes\u00eda y la prosa po\u00e9tica, no falta cada viernes con sus textos para ELORIENTE.NET<\/p>\n<p><a href=\"http:\/\/www.eloriente.net\/home\/2012\/07\/16\/mexico-uno-de-los-5-paises-megadiversos-del-mundo-y-oaxaca-el-estado-mas-biodiverso-del-pais-2\/\" target=\"_blank\">6. BIODIVERSIDAD EN OAXACA, LA MAYOR DE M\u00c9XICO<\/a><\/p>\n<p>Un trabajo especial para ELORIENTE.NET elaborado por los destacados investigadores de WWF-Programa Oaxaca, David Ortega del Valle y Gustavo S\u00e1nchez Ben\u00edtez, que explican desde el concepto de Biodiversidad hasta concluir porqu\u00e9 Oaxaca tiene \u00abmedalla de oro en biodiversidad\u00bb.<\/p>\n<p><a href=\"http:\/\/www.eloriente.net\/home\/2013\/04\/25\/sistema-educativo-mexicano-sigue-con-problemas-de-desigualdad-inee\/\" target=\"_blank\">7. \u00bfPORQU\u00c9 EL SISTEMA EDUCATIVO MEXICANO SIGUE CON PROBLEMAS DE DESIGUALDAD?<\/a><\/p>\n<p>La secci\u00f3n de <a href=\"http:\/\/www.eloriente.net\/home\/category\/secciones-oriente\/\" target=\"_blank\">Estudios y Estad\u00edsticas<\/a> de ELORIENTE.NET es una de las favoritas. En ese sentido, all\u00ed se report\u00f3 en su momento el estudio:\u00a0<em><strong>Panorama Educativo de M\u00e9xico. Indicadores del Sistema Educativo Nacional 2012. Educaci\u00f3n B\u00e1sica y Media Superior<\/strong><\/em>, presentado por el Instituto Nacional para la Evaluaci\u00f3n de la Educaci\u00f3n (INEE), con datos sumamente reveladores. Por ejemplo:\u00a0s\u00f3lo 40% de j\u00f3venes pertenecientes a hogares donde el jefe de familia no tuvo instrucci\u00f3n termin\u00f3 la secundaria.<\/p>\n<p><a href=\"http:\/\/www.eloriente.net\/home\/2013\/09\/13\/presentan-programa-del-festival-internacional-cervantino-2013\/\" target=\"_blank\">8. EL PROGRAMA DEL FESTIVAL INTERNACIONAL CERVANTINO<\/a><\/p>\n<p>En el mes del inicio del Festival, la programaci\u00f3n del evento cultural m\u00e1s importante de M\u00e9xico est\u00e1 consolidada. Como se anunci\u00f3 en su momento, gira alrededor de ciertos ejes b\u00e1sicos, los que han denominado \u201cEl Arte de la Libertad\u201d, \u201cVerdi vs. Wagner\u201d y por supuesto la presencia de los invitados de honor: Uruguay y Puebla.<\/p>\n<p>El\u00a0<a href=\"http:\/\/www.festivalcervantino.gob.mx\/public\/Schedule\" target=\"_blank\">Calendario<\/a>\u00a0de actividades en cada eje presenta algunas de las expresiones m\u00e1s destacadas en M\u00e9xico y en el mundo.<\/p>\n<p><a href=\"http:\/\/www.eloriente.net\/home\/2013\/09\/10\/18-de-octubre-pablo-milanes-ofrece-concierto-en-oaxaca\/\" target=\"_blank\">9. PABLO MILAN\u00c9S EN OAXACA<\/a><\/p>\n<p>Uno de los autores contempor\u00e1neos m\u00e1s seguidos, queridos y reconocidos en Oaxaca y en M\u00e9xico es el cubano Pablo Milan\u00e9s que ofrecer\u00e1 un concierto en la UABJO (Universidad Aut\u00f3noma Benito Ju\u00e1rez de Oaxaca), precisamente invitado por la Fundaci\u00f3n de esta casa de estudios. Todos los datos sobre boletos y el material que Milan\u00e9s presentar\u00e1 lo tiene ELORIENTE.NET en esta entrada.<\/p>\n<p><a href=\"http:\/\/www.eloriente.net\/home\/2013\/06\/07\/bibliografia-basica-sobre-control-de-convencionalidad\/\" target=\"_blank\">10. MIGUEL CARBONELL: BIBLIOGRAF\u00cdA B\u00c1SICA SOBRE CONTROL DE LA CONVENCIONALIDAD<\/a><\/p>\n<p>El control de la convencionalidad es una de las grandes novedades del sistema jur\u00eddico mexicano, por eso el <a href=\"http:\/\/www.eloriente.net\/home\/2013\/09\/24\/que-acordo-la-seccion-22-para-los-proximos-dias\/\" target=\"_blank\">doctor Carbonell<\/a> pone sobre la mesa de ELORIENTE.NET un listado de la bibliograf\u00eda b\u00e1sica en la materia pero con links a documento \u00edntegros de gran utilidad para todos. Muchas gracias a \u00e9l y a nuestros lectores por su inter\u00e9s.<\/p>\n<p><a href=\"http:\/\/www.eloriente.net\/home\/wp-content\/uploads\/2013\/10\/Richard-Kalvar-La-Louvi\u00e8re-Belgique-1979-@MaisonEuropeennePhotographie.jpg\"><img loading=\"lazy\" decoding=\"async\" class=\"alignnone size-medium wp-image-16763\" title=\"Richard Kalvar, La Louvi\u00e8re, Belgique, 1979 @MaisonEuropeennePhotographie\" src=\"http:\/\/www.eloriente.net\/home\/wp-content\/uploads\/2013\/10\/Richard-Kalvar-La-Louvi\u00e8re-Belgique-1979-@MaisonEuropeennePhotographie-300x197.jpg\" alt=\"\" width=\"300\" height=\"197\" srcset=\"http:\/\/www.eloriente.net\/home\/wp-content\/uploads\/2013\/10\/Richard-Kalvar-La-Louvi\u00e8re-Belgique-1979-@MaisonEuropeennePhotographie-300x197.jpg 300w, http:\/\/www.eloriente.net\/home\/wp-content\/uploads\/2013\/10\/Richard-Kalvar-La-Louvi\u00e8re-Belgique-1979-@MaisonEuropeennePhotographie.jpg 836w\" sizes=\"(max-width: 300px) 100vw, 300px\" \/><\/a><\/p>\n<p>https:\/\/www.facebook.com\/MaisonEuropeennePhotographie<\/p>\n\n\t\t\t  <div \n\t\t\t  \tclass = \"fb-comments\" \n\t\t\t  \tdata-href = \"http:\/\/www.eloriente.net\/home\/2013\/10\/03\/las-10-vistas-de-eloriente-net-en-septiembre2013\/\"\n\t\t\t  \tdata-numposts = \"10\"\n\t\t\t\tdata-colorscheme = \"dark\"\n\t\t\t\tdata-order-by = \"social\"\n\t\t\t\tdata-mobile=true>\n\t\t\t  <\/div>\n\t\t  <style>\n\t\t\t.fb_iframe_widget_fluid_desktop iframe {\n\t\t\t    width: 100% !important;\n\t\t\t}\n\t\t  <\/style>\n\t\t  ","protected":false},"excerpt":{"rendered":"<p>eloriente.net 3 de octubre de 2013 Cada mes, El Oriente publicar\u00e1 esta lista de los contenidos m\u00e1s visitados por nuestros usuarios. Esto, para que aquellos que se han perdido una buena recomendaci\u00f3n, una buena nota, tengan la oportunidad de volver sobre ella, aprender, regocijarse, disfrutar. Hay que recordar que el objetivo de El Oriente es [&hellip;]<\/p>\n","protected":false},"author":1,"featured_media":16763,"comment_status":"open","ping_status":"open","sticky":false,"template":"","format":"standard","meta":{"_jetpack_memberships_contains_paid_content":false,"footnotes":""},"categories":[32,13,31],"tags":[],"class_list":["post-16757","post","type-post","status-publish","format-standard","has-post-thumbnail","hentry","category-entradas","category-especiales","category-principal"],"jetpack_featured_media_url":"http:\/\/www.eloriente.net\/home\/wp-content\/uploads\/2013\/10\/Richard-Kalvar-La-Louvi\u00e8re-Belgique-1979-@MaisonEuropeennePhotographie.jpg","jetpack_sharing_enabled":true,"_links":{"self":[{"href":"http:\/\/www.eloriente.net\/home\/wp-json\/wp\/v2\/posts\/16757"}],"collection":[{"href":"http:\/\/www.eloriente.net\/home\/wp-json\/wp\/v2\/posts"}],"about":[{"href":"http:\/\/www.eloriente.net\/home\/wp-json\/wp\/v2\/types\/post"}],"author":[{"embeddable":true,"href":"http:\/\/www.eloriente.net\/home\/wp-json\/wp\/v2\/users\/1"}],"replies":[{"embeddable":true,"href":"http:\/\/www.eloriente.net\/home\/wp-json\/wp\/v2\/comments?post=16757"}],"version-history":[{"count":2,"href":"http:\/\/www.eloriente.net\/home\/wp-json\/wp\/v2\/posts\/16757\/revisions"}],"predecessor-version":[{"id":16764,"href":"http:\/\/www.eloriente.net\/home\/wp-json\/wp\/v2\/posts\/16757\/revisions\/16764"}],"wp:featuredmedia":[{"embeddable":true,"href":"http:\/\/www.eloriente.net\/home\/wp-json\/wp\/v2\/media\/16763"}],"wp:attachment":[{"href":"http:\/\/www.eloriente.net\/home\/wp-json\/wp\/v2\/media?parent=16757"}],"wp:term":[{"taxonomy":"category","embeddable":true,"href":"http:\/\/www.eloriente.net\/home\/wp-json\/wp\/v2\/categories?post=16757"},{"taxonomy":"post_tag","embeddable":true,"href":"http:\/\/www.eloriente.net\/home\/wp-json\/wp\/v2\/tags?post=16757"}],"curies":[{"name":"wp","href":"https:\/\/api.w.org\/{rel}","templated":true}]}}