{"id":16759,"date":"2013-10-03T07:29:25","date_gmt":"2013-10-03T13:29:25","guid":{"rendered":"http:\/\/www.eloriente.net\/home\/?p=16759"},"modified":"2013-10-02T21:30:51","modified_gmt":"2013-10-03T03:30:51","slug":"las-razones-de-luis-gonzalez-placencia-para-renunciar-a-comision-dhdf","status":"publish","type":"post","link":"http:\/\/www.eloriente.net\/home\/2013\/10\/03\/las-razones-de-luis-gonzalez-placencia-para-renunciar-a-comision-dhdf\/","title":{"rendered":"Las Razones de Luis Gonz\u00e1lez Placencia para renunciar a Comisi\u00f3n DHDF"},"content":{"rendered":"<p>eloriente.net<\/p>\n<p>3 de octubre de 2013<\/p>\n<p>Hace unos d\u00edas, Luis Gonz\u00e1lez Placencia hizo p\u00fablico este documento con el cual renunci\u00f3 a la posibilidad de ser ratificado como Ombudsman en el Distrito Federal.<\/p>\n<p>Presentamos el documento \u00edntegro, como fue compartido por el propio autor:<\/p>\n<p>&nbsp;<\/p>\n<p><a style=\"margin: 12px auto 6px auto; font-family: Helvetica,Arial,Sans-serif; font-style: normal; font-variant: normal; font-weight: normal; font-size: 14px; line-height: normal; font-size-adjust: none; font-stretch: normal; -x-system-font: none; display: block; text-decoration: underline;\" title=\"View api_14716_LGlzPlacen's profile on Scribd\" href=\"http:\/\/www.scribd.com\/api_14716_LGlzPlacen\">api_14716_LGlzPlacen<\/a> <iframe loading=\"lazy\" id=\"172596096\" src=\"http:\/\/www.scribd.com\/embeds\/172596096\/content\" frameborder=\"0\" scrolling=\"no\" width=\"100%\" height=\"500\" data-aspect-ratio=\"\"><\/iframe><\/p>\n<p><a href=\"http:\/\/www.eloriente.net\/home\/wp-content\/uploads\/2013\/10\/DERECHOS-Algunos-derechos-reservados-por-St\u00e9fano-Obreg\u00f3n.jpg\"><img loading=\"lazy\" decoding=\"async\" class=\"alignnone size-medium wp-image-16760\" title=\"Exif_JPEG_PICTURE\" src=\"http:\/\/www.eloriente.net\/home\/wp-content\/uploads\/2013\/10\/DERECHOS-Algunos-derechos-reservados-por-St\u00e9fano-Obreg\u00f3n-300x193.jpg\" alt=\"\" width=\"300\" height=\"193\" srcset=\"http:\/\/www.eloriente.net\/home\/wp-content\/uploads\/2013\/10\/DERECHOS-Algunos-derechos-reservados-por-St\u00e9fano-Obreg\u00f3n-300x193.jpg 300w, http:\/\/www.eloriente.net\/home\/wp-content\/uploads\/2013\/10\/DERECHOS-Algunos-derechos-reservados-por-St\u00e9fano-Obreg\u00f3n.jpg 1024w\" sizes=\"(max-width: 300px) 100vw, 300px\" \/><\/a><\/p>\n<p>Foto: Derechos:\u00a0<a title=\"Attribution License\" href=\"http:\/\/creativecommons.org\/licenses\/by\/2.0\/\">Algunos derechos reservados<\/a>\u00a0por\u00a0<a href=\"http:\/\/www.flickr.com\/photos\/stefanobregon\/\">St\u00e9fano Obreg\u00f3n<\/a><\/p>\n<p><script type=\"text\/javascript\">\/\/ <![CDATA[\n(function() { var scribd = document.createElement(\"script\"); scribd.type = \"text\/javascript\"; scribd.async = true; scribd.src = \"http:\/\/www.scribd.com\/javascripts\/embed_code\/inject.js\"; var s = document.getElementsByTagName(\"script\")[0]; s.parentNode.insertBefore(scribd, s); })();\n\/\/ ]]><\/script><\/p>\n\n\t\t\t  <div \n\t\t\t  \tclass = \"fb-comments\" \n\t\t\t  \tdata-href = \"http:\/\/www.eloriente.net\/home\/2013\/10\/03\/las-razones-de-luis-gonzalez-placencia-para-renunciar-a-comision-dhdf\/\"\n\t\t\t  \tdata-numposts = \"10\"\n\t\t\t\tdata-colorscheme = \"dark\"\n\t\t\t\tdata-order-by = \"social\"\n\t\t\t\tdata-mobile=true>\n\t\t\t  <\/div>\n\t\t  <style>\n\t\t\t.fb_iframe_widget_fluid_desktop iframe {\n\t\t\t    width: 100% !important;\n\t\t\t}\n\t\t  <\/style>\n\t\t  ","protected":false},"excerpt":{"rendered":"<p>eloriente.net 3 de octubre de 2013 Hace unos d\u00edas, Luis Gonz\u00e1lez Placencia hizo p\u00fablico este documento con el cual renunci\u00f3 a la posibilidad de ser ratificado como Ombudsman en el Distrito Federal. Presentamos el documento \u00edntegro, como fue compartido por el propio autor: &nbsp; api_14716_LGlzPlacen Foto: Derechos:\u00a0Algunos derechos reservados\u00a0por\u00a0St\u00e9fano Obreg\u00f3n<\/p>\n","protected":false},"author":1,"featured_media":16760,"comment_status":"open","ping_status":"open","sticky":false,"template":"","format":"standard","meta":{"_jetpack_memberships_contains_paid_content":false,"footnotes":""},"categories":[22,32,10,24],"tags":[],"class_list":["post-16759","post","type-post","status-publish","format-standard","has-post-thumbnail","hentry","category-derechos-humanos","category-entradas","category-lo-mas-reciente","category-mexico-y-el-mundo"],"jetpack_featured_media_url":"http:\/\/www.eloriente.net\/home\/wp-content\/uploads\/2013\/10\/DERECHOS-Algunos-derechos-reservados-por-St\u00e9fano-Obreg\u00f3n.jpg","jetpack_sharing_enabled":true,"_links":{"self":[{"href":"http:\/\/www.eloriente.net\/home\/wp-json\/wp\/v2\/posts\/16759"}],"collection":[{"href":"http:\/\/www.eloriente.net\/home\/wp-json\/wp\/v2\/posts"}],"about":[{"href":"http:\/\/www.eloriente.net\/home\/wp-json\/wp\/v2\/types\/post"}],"author":[{"embeddable":true,"href":"http:\/\/www.eloriente.net\/home\/wp-json\/wp\/v2\/users\/1"}],"replies":[{"embeddable":true,"href":"http:\/\/www.eloriente.net\/home\/wp-json\/wp\/v2\/comments?post=16759"}],"version-history":[{"count":4,"href":"http:\/\/www.eloriente.net\/home\/wp-json\/wp\/v2\/posts\/16759\/revisions"}],"predecessor-version":[{"id":16767,"href":"http:\/\/www.eloriente.net\/home\/wp-json\/wp\/v2\/posts\/16759\/revisions\/16767"}],"wp:featuredmedia":[{"embeddable":true,"href":"http:\/\/www.eloriente.net\/home\/wp-json\/wp\/v2\/media\/16760"}],"wp:attachment":[{"href":"http:\/\/www.eloriente.net\/home\/wp-json\/wp\/v2\/media?parent=16759"}],"wp:term":[{"taxonomy":"category","embeddable":true,"href":"http:\/\/www.eloriente.net\/home\/wp-json\/wp\/v2\/categories?post=16759"},{"taxonomy":"post_tag","embeddable":true,"href":"http:\/\/www.eloriente.net\/home\/wp-json\/wp\/v2\/tags?post=16759"}],"curies":[{"name":"wp","href":"https:\/\/api.w.org\/{rel}","templated":true}]}}