{"id":16769,"date":"2013-10-03T11:32:05","date_gmt":"2013-10-03T17:32:05","guid":{"rendered":"http:\/\/www.eloriente.net\/home\/?p=16769"},"modified":"2014-09-04T10:16:07","modified_gmt":"2014-09-04T16:16:07","slug":"que-es-la-objecion-de-conciencia","status":"publish","type":"post","link":"http:\/\/www.eloriente.net\/home\/2013\/10\/03\/que-es-la-objecion-de-conciencia\/","title":{"rendered":"\u00bfQu\u00e9 es la objeci\u00f3n de conciencia?"},"content":{"rendered":"<p>eloriente.net<\/p>\n<p>3 de octubre de 2013<\/p>\n<p>\u00abDi\u00e1logos con Carbonell\u00bb es una serie de c\u00e1psulas destinadas a contribuir en la formaci\u00f3n de las y los j\u00f3venes, dando impulso a los valores, el civismo, la \u00e9tica y la cultura de la legalidad.<\/p>\n<p>C\u00e1psulas grabadas por la Comisi\u00f3n Estatal de Derechos Humanos de Chihuahua.<br \/>\n2013.<br \/>\n<iframe loading=\"lazy\" src=\"\/\/www.youtube.com\/embed\/new1SauV5pA\" frameborder=\"0\" width=\"560\" height=\"315\"><\/iframe><\/p>\n\n\t\t\t  <div \n\t\t\t  \tclass = \"fb-comments\" \n\t\t\t  \tdata-href = \"http:\/\/www.eloriente.net\/home\/2013\/10\/03\/que-es-la-objecion-de-conciencia\/\"\n\t\t\t  \tdata-numposts = \"10\"\n\t\t\t\tdata-colorscheme = \"dark\"\n\t\t\t\tdata-order-by = \"social\"\n\t\t\t\tdata-mobile=true>\n\t\t\t  <\/div>\n\t\t  <style>\n\t\t\t.fb_iframe_widget_fluid_desktop iframe {\n\t\t\t    width: 100% !important;\n\t\t\t}\n\t\t  <\/style>\n\t\t  ","protected":false},"excerpt":{"rendered":"<p>eloriente.net 3 de octubre de 2013 \u00abDi\u00e1logos con Carbonell\u00bb es una serie de c\u00e1psulas destinadas a contribuir en la formaci\u00f3n de las y los j\u00f3venes, dando impulso a los valores, el civismo, la \u00e9tica y la cultura de la legalidad. C\u00e1psulas grabadas por la Comisi\u00f3n Estatal de Derechos Humanos de Chihuahua. 2013.<\/p>\n","protected":false},"author":11,"featured_media":0,"comment_status":"open","ping_status":"open","sticky":false,"template":"","format":"standard","meta":{"_jetpack_memberships_contains_paid_content":false,"footnotes":""},"categories":[3,11,22,32,10,24,46],"tags":[],"class_list":["post-16769","post","type-post","status-publish","format-standard","hentry","category-canal-1-tu-aula","category-colaboradores","category-derechos-humanos","category-entradas","category-lo-mas-reciente","category-mexico-y-el-mundo","category-miguel-carbonell"],"jetpack_featured_media_url":"","jetpack_sharing_enabled":true,"_links":{"self":[{"href":"http:\/\/www.eloriente.net\/home\/wp-json\/wp\/v2\/posts\/16769"}],"collection":[{"href":"http:\/\/www.eloriente.net\/home\/wp-json\/wp\/v2\/posts"}],"about":[{"href":"http:\/\/www.eloriente.net\/home\/wp-json\/wp\/v2\/types\/post"}],"author":[{"embeddable":true,"href":"http:\/\/www.eloriente.net\/home\/wp-json\/wp\/v2\/users\/11"}],"replies":[{"embeddable":true,"href":"http:\/\/www.eloriente.net\/home\/wp-json\/wp\/v2\/comments?post=16769"}],"version-history":[{"count":4,"href":"http:\/\/www.eloriente.net\/home\/wp-json\/wp\/v2\/posts\/16769\/revisions"}],"predecessor-version":[{"id":31857,"href":"http:\/\/www.eloriente.net\/home\/wp-json\/wp\/v2\/posts\/16769\/revisions\/31857"}],"wp:attachment":[{"href":"http:\/\/www.eloriente.net\/home\/wp-json\/wp\/v2\/media?parent=16769"}],"wp:term":[{"taxonomy":"category","embeddable":true,"href":"http:\/\/www.eloriente.net\/home\/wp-json\/wp\/v2\/categories?post=16769"},{"taxonomy":"post_tag","embeddable":true,"href":"http:\/\/www.eloriente.net\/home\/wp-json\/wp\/v2\/tags?post=16769"}],"curies":[{"name":"wp","href":"https:\/\/api.w.org\/{rel}","templated":true}]}}