{"id":16780,"date":"2013-10-03T22:30:42","date_gmt":"2013-10-04T04:30:42","guid":{"rendered":"http:\/\/www.eloriente.net\/home\/?p=16780"},"modified":"2013-10-03T19:11:13","modified_gmt":"2013-10-04T01:11:13","slug":"se-instala-primera-sala-constitucional-en-oaxaca","status":"publish","type":"post","link":"http:\/\/www.eloriente.net\/home\/2013\/10\/03\/se-instala-primera-sala-constitucional-en-oaxaca\/","title":{"rendered":"Se instala primera Sala Constitucional en Oaxaca"},"content":{"rendered":"<p>eloriente.net\/<a href=\"http:\/\/www.tribunaloax.gob.mx\/\" target=\"_blank\">TSJEO<\/a><\/p>\n<p>3 de octubre de 2013<\/p>\n<p><a href=\"http:\/\/www.eloriente.net\/home\/wp-content\/uploads\/2013\/10\/TOMA-PROTESTA-01-sala-constitucional-oaxaca-eloriente.net_.jpg\"><img loading=\"lazy\" decoding=\"async\" class=\"alignnone size-medium wp-image-16781 aligncenter\" title=\"TOMA PROTESTA 01 sala constitucional oaxaca eloriente.net\" src=\"http:\/\/www.eloriente.net\/home\/wp-content\/uploads\/2013\/10\/TOMA-PROTESTA-01-sala-constitucional-oaxaca-eloriente.net_-300x199.jpg\" alt=\"\" width=\"300\" height=\"199\" srcset=\"http:\/\/www.eloriente.net\/home\/wp-content\/uploads\/2013\/10\/TOMA-PROTESTA-01-sala-constitucional-oaxaca-eloriente.net_-300x199.jpg 300w, http:\/\/www.eloriente.net\/home\/wp-content\/uploads\/2013\/10\/TOMA-PROTESTA-01-sala-constitucional-oaxaca-eloriente.net_-1024x680.jpg 1024w, http:\/\/www.eloriente.net\/home\/wp-content\/uploads\/2013\/10\/TOMA-PROTESTA-01-sala-constitucional-oaxaca-eloriente.net_.jpg 1156w\" sizes=\"(max-width: 300px) 100vw, 300px\" \/><\/a><\/p>\n<ul>\n<li>\u00a0 \u00a0 \u00a0<strong>Este jueves los magistrados integrantes del nuevo \u00f3rgano tomaron protesta en Sesi\u00f3n Solemne presidida por el titular del Poder Judicial, magistrado Alfredo Lagunas<\/strong><\/li>\n<\/ul>\n<p>Al instalar formalmente la Sala Constitucional del Tribunal Superior de Justicia, el titular del Poder Judicial, magistrado Alfredo Lagunas Rivera, afirm\u00f3 que\u00a0\u00a0ello no s\u00f3lo es un parteaguas para la garant\u00eda de los derechos humanos, los equilibrios de poder y el escudo contra la arbitrariedad estatal; sino que representa la expresi\u00f3n social de que los ciudadanos refrendan la institucionalidad en la protecci\u00f3n de sus derechos\u201d.<\/p>\n<p>Luego de tomar protesta a los magistrados integrantes del nuevo \u00f3rgano encargado de atender las controversias constitucionales, acciones de inconstitucionalidad y el juicio para la protecci\u00f3n de los derechos humanos conforme a principios de corte internacional, el magistrado Lagunas Rivera dijo que este hecho sin precedente, representa un reto para la generaci\u00f3n institucional de Oaxaca, sus Poderes,\u00a0\u00a0funcionarios y sociedad.<\/p>\n<p>La sesi\u00f3n solemne de Pleno fue atestiguada por el defensor de los Derechos Humanos del Pueblo de Oaxaca, Arturo Peimbert Calvo, el senador Benjam\u00edn Robles Montoya, el diputado local electo Ericel G\u00f3mez Nucamendi, la titular de la Subprocuradur\u00eda de Delitos contra la Mujer por Raz\u00f3n de G\u00e9nero, Iliana Araceli Hern\u00e1ndez G\u00f3mez y la\u00a0\u00a0Comisionada de los Derechos Humanos del Gobierno del Estado, Er\u00e9ndira Cruzvillegas\u00a0Fuentes, entre otros invitados especiales.<\/p>\n<p>En presencia del consejero jur\u00eddico de la gubernatura, V\u00edctor Hugo Alejo Torres, representante personal del gobernador Gabino Cu\u00e9 Monteagudo y el diputado\u00a0\u00a0Maximino Vargas Betanzos, presidente de la mesa directiva del Congreso Local,\u00a0\u00a0Lagunas Rivera explic\u00f3 que la creaci\u00f3n de la Sala es una expresi\u00f3n de la voluntad de los tres Poderes, por conducir los retos y exigencias sociales en garant\u00edas justiciables.<\/p>\n<p>Durante su mensaje ante magistrados, consejeros, funcionarios judiciales, legisladores de la Sexag\u00e9sima Primera Legislatura local, abogados, y defensores de derechos humanos, el titular del Poder Judicial exhort\u00f3 a los magistrados que integran la Sala Constitucional, Eduardo Pinacho S\u00e1nchez, Gregoria Hortensia Castellanos Ch\u00e1vez y Fernando Enrique M\u00e9ndez Ortega, a encaminar su labor con la experiencia, la exigencia, la expectativa de un futuro promisorio y la sobriedad de contextos para avanzar con pol\u00edticas de profundo cambio.<\/p>\n<p>Por su parte, el presidente de la mesa directiva del Congreso Local, Vargas Betanzos, dijo que la definici\u00f3n de funciones y competencias de los \u00f3rganos judiciales, como lo refleja la instalaci\u00f3n de la Sala Constitucional, da cumplimiento a la Reforma Constitucional promovida en 2011 en Oaxaca, misma que impulsa el fortalecimiento org\u00e1nico y constitucional del Estado.<\/p>\n<p>\u201cEste acto representa acreditar en hechos y no en declaraciones, el inter\u00e9s de la sociedad oaxaque\u00f1a por garantizar sus derechos humanos\u201d, afirm\u00f3.<\/p>\n<p>En su oportunidad, el consejero jur\u00eddico de la gubernatura reiter\u00f3 el compromiso del Poder Ejecutivo para que los ciudadanos y poderes del Estado, eviten y restituyan la arbitrariedad que debe proscribirse de la sociedad, como un valor de felicidad y orden para todos.<\/p>\n<p>La instalaci\u00f3n de la Sala Constitucional cumple con lo dispuesto en el Art\u00edculo 106 apartado B de la Constituci\u00f3n Pol\u00edtica del Estado Libre y Soberano de Oaxaca, entidad que es la n\u00famero 16 del pa\u00eds en contar con este organismo.<\/p>\n\n\t\t\t  <div \n\t\t\t  \tclass = \"fb-comments\" \n\t\t\t  \tdata-href = \"http:\/\/www.eloriente.net\/home\/2013\/10\/03\/se-instala-primera-sala-constitucional-en-oaxaca\/\"\n\t\t\t  \tdata-numposts = \"10\"\n\t\t\t\tdata-colorscheme = \"dark\"\n\t\t\t\tdata-order-by = \"social\"\n\t\t\t\tdata-mobile=true>\n\t\t\t  <\/div>\n\t\t  <style>\n\t\t\t.fb_iframe_widget_fluid_desktop iframe {\n\t\t\t    width: 100% !important;\n\t\t\t}\n\t\t  <\/style>\n\t\t  ","protected":false},"excerpt":{"rendered":"<p>eloriente.net\/TSJEO 3 de octubre de 2013 \u00a0 \u00a0 \u00a0Este jueves los magistrados integrantes del nuevo \u00f3rgano tomaron protesta en Sesi\u00f3n Solemne presidida por el titular del Poder Judicial, magistrado Alfredo Lagunas Al instalar formalmente la Sala Constitucional del Tribunal Superior de Justicia, el titular del Poder Judicial, magistrado Alfredo Lagunas Rivera, afirm\u00f3 que\u00a0\u00a0ello no s\u00f3lo [&hellip;]<\/p>\n","protected":false},"author":1,"featured_media":16781,"comment_status":"open","ping_status":"open","sticky":false,"template":"","format":"standard","meta":{"_jetpack_memberships_contains_paid_content":false,"footnotes":""},"categories":[22,32,10,31],"tags":[],"class_list":["post-16780","post","type-post","status-publish","format-standard","has-post-thumbnail","hentry","category-derechos-humanos","category-entradas","category-lo-mas-reciente","category-principal"],"jetpack_featured_media_url":"http:\/\/www.eloriente.net\/home\/wp-content\/uploads\/2013\/10\/TOMA-PROTESTA-01-sala-constitucional-oaxaca-eloriente.net_.jpg","jetpack_sharing_enabled":true,"_links":{"self":[{"href":"http:\/\/www.eloriente.net\/home\/wp-json\/wp\/v2\/posts\/16780"}],"collection":[{"href":"http:\/\/www.eloriente.net\/home\/wp-json\/wp\/v2\/posts"}],"about":[{"href":"http:\/\/www.eloriente.net\/home\/wp-json\/wp\/v2\/types\/post"}],"author":[{"embeddable":true,"href":"http:\/\/www.eloriente.net\/home\/wp-json\/wp\/v2\/users\/1"}],"replies":[{"embeddable":true,"href":"http:\/\/www.eloriente.net\/home\/wp-json\/wp\/v2\/comments?post=16780"}],"version-history":[{"count":1,"href":"http:\/\/www.eloriente.net\/home\/wp-json\/wp\/v2\/posts\/16780\/revisions"}],"predecessor-version":[{"id":16782,"href":"http:\/\/www.eloriente.net\/home\/wp-json\/wp\/v2\/posts\/16780\/revisions\/16782"}],"wp:featuredmedia":[{"embeddable":true,"href":"http:\/\/www.eloriente.net\/home\/wp-json\/wp\/v2\/media\/16781"}],"wp:attachment":[{"href":"http:\/\/www.eloriente.net\/home\/wp-json\/wp\/v2\/media?parent=16780"}],"wp:term":[{"taxonomy":"category","embeddable":true,"href":"http:\/\/www.eloriente.net\/home\/wp-json\/wp\/v2\/categories?post=16780"},{"taxonomy":"post_tag","embeddable":true,"href":"http:\/\/www.eloriente.net\/home\/wp-json\/wp\/v2\/tags?post=16780"}],"curies":[{"name":"wp","href":"https:\/\/api.w.org\/{rel}","templated":true}]}}