{"id":16783,"date":"2013-10-04T11:15:48","date_gmt":"2013-10-04T17:15:48","guid":{"rendered":"http:\/\/www.eloriente.net\/home\/?p=16783"},"modified":"2013-10-04T11:15:48","modified_gmt":"2013-10-04T17:15:48","slug":"molina-foix-entre-cine-y-literatura","status":"publish","type":"post","link":"http:\/\/www.eloriente.net\/home\/2013\/10\/04\/molina-foix-entre-cine-y-literatura\/","title":{"rendered":"Molina Foix, entre cine y literatura"},"content":{"rendered":"<div>\n<div>Eloriente.net\/<a href=\"http:\/\/http:\/\/agencian22.blogspot.mx\" target=\"_blank\"> Agencia de Noticias de Canal 22<\/a><\/div>\n<div><\/div>\n<div>4 de octubre de 2013<\/div>\n<div><\/div>\n<div style=\"text-align: right;\">Por Marcos Daniel Aguilar<\/div>\n<\/div>\n<div style=\"text-align: right;\">Enviado<\/div>\n<div><\/div>\n<div>\n<div><strong>VERACRUZ, M\u00e9xico, (N22).-\u00a0<\/strong>El escritor espa\u00f1ol Vicente Molina Foix, Premio Nacional de Narrativa en su pa\u00eds, se encuentra en esta edici\u00f3n del\u00a0<em>Hay Festival\u00a0<\/em>para hablar sobre su obra po\u00e9tica, pero tambi\u00e9n sobre su obra cinematogr\u00e1fica.<\/div>\n<\/div>\n<div><\/div>\n<div>\u00abEmpec\u00e9 como poeta\u00a0en una antolog\u00eda\u00a0que sali\u00f3 en Espa\u00f1a en el a\u00f1o 70. El tiempo que lleva por nombre,\u00a0<em>Los nueve nov\u00edsimos y\u00a0<\/em>que dio nombre a una generaci\u00f3n, ha tenido una importancia en la poes\u00eda espa\u00f1ola\u00bb. Este a\u00f1o sali\u00f3\u00a0<em>La Musa Furtiva,<\/em>\u00a0compilaci\u00f3n completa que abarca desde aquellos a\u00f1os que el grupo de los nov\u00edsimos estuvieron influenciados por el irracionalismo, la poes\u00eda francesa y latinoamericana hasta los \u00faltimos poemas in\u00e9ditosdel autor. \u00abNunca he dejado de escribir poes\u00eda\u00bb.<\/div>\n<div><\/div>\n<div>La caracter\u00edstica principal de este grupo era el querer romper con una tradici\u00f3n de poetas simbolistas o modernistas. Pero Vicente acent\u00faa que m\u00e1s bien era romper con una tradici\u00f3n espa\u00f1ola de poes\u00eda realista social, \u00abentonces ocho de los nueve \u00e9ramos j\u00f3venes comprometidos\u00bb. En este grupo se encontraron nombres como\u00a0V\u00e1zquez Montalb\u00e1n, Leopaldo Panero, quienes estuvieron en la c\u00e1rcel y de los integrantes Molina asegur\u00f3 que tuvo problemas en la universidad con Feliz de Azua por la posici\u00f3n hacia el general Franco.<\/div>\n<div><\/div>\n<div>\u00abNosotros, quiz\u00e1 por una actitud un poco\u00a0<em>snob<\/em>, j\u00f3venes y rompedores, busc\u00e1bamos modelos fuera, nos interesaba Paz a trav\u00e9s de Gimferrer, un disc\u00edpulo de Paz; me interesaba Lezama Lima, Girondo, y tuve la oportunidad de leer una antolog\u00eda que me marc\u00f3 mucho de los contempor\u00e1neos mexicanos: Villaurrutia, a quien le hago un homenaje con una variaci\u00f3n de sus versos que leer\u00e9 aqu\u00ed\u00bb.<\/div>\n<div><\/div>\n<div>\n<div>El cine ha sido un influjo para el escritor,\u00a0siempre ha estado ah\u00ed en su cabeza, tal es el caso que en un momento dado nunca pens\u00f3 hacer cine como director: \u00abpensaba que hab\u00eda que sufrir mucho para hacer cine, pero hace ocho a\u00f1os escrib\u00ed un gui\u00f3n, un productor lo quiso comprar y ah\u00ed surgi\u00f3 la primera pel\u00edcula,<em>Sagitario.<\/em>\u00a0A\u00f1os despu\u00e9s con base en un cuento y al encontrar financiaci\u00f3n, los derechos hab\u00edan vuelto a m\u00ed y ah\u00ed est\u00e1 E<em>l dios de madera<\/em>\u00ab.<\/div>\n<div><\/div>\n<\/div>\n<div>\n<div>La pel\u00edcula es una f\u00e1bula social y sentimental, trata de la relaci\u00f3n que los europeos tienen con los inmigrantes que han irrumpido en su panorama. \u00abLa importancia de que en este Siglo XXI debe tener la cr\u00edtica de corte social y est\u00e9tico \u00e9tico por parte de los escritores\u00bb, coment\u00f3 acerca del filme que produjo en 2010.<\/div>\n<div><\/div>\n<\/div>\n<div>\n<div>Seg\u00fan con Molina, el intelectual debe hacer bien su obra, pero como sujeto social tiene m\u00e1s facilidad para manifestarse, es importante este momento de los valores en Europa, en donde hay una crisis que no se ha sabido gestionar bien a un problema como la inmigraci\u00f3n y ha dado origen a situaciones racistas en sociedad europeas.<\/div>\n<div>\u00a0<img decoding=\"async\" src=\"webkit-fake-url:\/\/7C8A95DE-9188-4EBA-9EBA-BA899A1F0EA2\/imagejpeg\" alt=\"\" \/><\/div>\n<div>Imagen:<\/div>\n<div>13PV<\/div>\n<\/div>\n<div><\/div>\n\n\t\t\t  <div \n\t\t\t  \tclass = \"fb-comments\" \n\t\t\t  \tdata-href = \"http:\/\/www.eloriente.net\/home\/2013\/10\/04\/molina-foix-entre-cine-y-literatura\/\"\n\t\t\t  \tdata-numposts = \"10\"\n\t\t\t\tdata-colorscheme = \"dark\"\n\t\t\t\tdata-order-by = \"social\"\n\t\t\t\tdata-mobile=true>\n\t\t\t  <\/div>\n\t\t  <style>\n\t\t\t.fb_iframe_widget_fluid_desktop iframe {\n\t\t\t    width: 100% !important;\n\t\t\t}\n\t\t  <\/style>\n\t\t  ","protected":false},"excerpt":{"rendered":"<p>Eloriente.net\/ Agencia de Noticias de Canal 22 4 de octubre de 2013 Por Marcos Daniel Aguilar Enviado VERACRUZ, M\u00e9xico, (N22).-\u00a0El escritor espa\u00f1ol Vicente Molina Foix, Premio Nacional de Narrativa en su pa\u00eds, se encuentra en esta edici\u00f3n del\u00a0Hay Festival\u00a0para hablar sobre su obra po\u00e9tica, pero tambi\u00e9n sobre su obra cinematogr\u00e1fica. \u00abEmpec\u00e9 como poeta\u00a0en una antolog\u00eda\u00a0que [&hellip;]<\/p>\n","protected":false},"author":1,"featured_media":0,"comment_status":"open","ping_status":"open","sticky":false,"template":"","format":"standard","meta":{"_jetpack_memberships_contains_paid_content":false,"footnotes":""},"categories":[56,18,32,63,10],"tags":[],"class_list":["post-16783","post","type-post","status-publish","format-standard","hentry","category-cine","category-educacion-y-cultura","category-entradas","category-estados","category-lo-mas-reciente"],"jetpack_featured_media_url":"","jetpack_sharing_enabled":true,"_links":{"self":[{"href":"http:\/\/www.eloriente.net\/home\/wp-json\/wp\/v2\/posts\/16783"}],"collection":[{"href":"http:\/\/www.eloriente.net\/home\/wp-json\/wp\/v2\/posts"}],"about":[{"href":"http:\/\/www.eloriente.net\/home\/wp-json\/wp\/v2\/types\/post"}],"author":[{"embeddable":true,"href":"http:\/\/www.eloriente.net\/home\/wp-json\/wp\/v2\/users\/1"}],"replies":[{"embeddable":true,"href":"http:\/\/www.eloriente.net\/home\/wp-json\/wp\/v2\/comments?post=16783"}],"version-history":[{"count":1,"href":"http:\/\/www.eloriente.net\/home\/wp-json\/wp\/v2\/posts\/16783\/revisions"}],"predecessor-version":[{"id":16784,"href":"http:\/\/www.eloriente.net\/home\/wp-json\/wp\/v2\/posts\/16783\/revisions\/16784"}],"wp:attachment":[{"href":"http:\/\/www.eloriente.net\/home\/wp-json\/wp\/v2\/media?parent=16783"}],"wp:term":[{"taxonomy":"category","embeddable":true,"href":"http:\/\/www.eloriente.net\/home\/wp-json\/wp\/v2\/categories?post=16783"},{"taxonomy":"post_tag","embeddable":true,"href":"http:\/\/www.eloriente.net\/home\/wp-json\/wp\/v2\/tags?post=16783"}],"curies":[{"name":"wp","href":"https:\/\/api.w.org\/{rel}","templated":true}]}}