{"id":16801,"date":"2013-10-06T10:09:55","date_gmt":"2013-10-06T16:09:55","guid":{"rendered":"http:\/\/www.eloriente.net\/home\/?p=16801"},"modified":"2013-10-06T10:09:55","modified_gmt":"2013-10-06T16:09:55","slug":"los-conciertos-en-octubre2013-de-susana-harp","status":"publish","type":"post","link":"http:\/\/www.eloriente.net\/home\/2013\/10\/06\/los-conciertos-en-octubre2013-de-susana-harp\/","title":{"rendered":"Los conciertos en octubre\/2013 de Susana Harp"},"content":{"rendered":"<p>eloriente.net<\/p>\n<p>6 de octubre de 2013<\/p>\n<p>La artista y cantante oaxaque\u00f1a Susana Harp presenta 4 conciertos este mes de octubre, los cuatro, en distintas partes de la Rep\u00fablica Mexicana. El primero, fue el jueves 3 de abril en Chapingo, presentando \u00abMi tierra\u00bb, con la Banda Filarm\u00f3nica L\u00f3pez Alavez.<\/p>\n<p>Pero hay tiempo para asistir hoy en el Museo Nacional de Antropolog\u00eda e Historia; el viernes 25 en Toluca y el martes 29 en el Teatro Jos\u00e9 Pe\u00f3n Contreras de M\u00e9rica, Yucat\u00e1n.<\/p>\n<p><a href=\"http:\/\/www.eloriente.net\/home\/wp-content\/uploads\/2013\/10\/Susana-Harp-conciertos-octubre.jpg\"><img loading=\"lazy\" decoding=\"async\" class=\"alignnone size-medium wp-image-16802\" title=\"Susana Harp conciertos octubre\" src=\"http:\/\/www.eloriente.net\/home\/wp-content\/uploads\/2013\/10\/Susana-Harp-conciertos-octubre-300x205.jpg\" alt=\"\" width=\"300\" height=\"205\" srcset=\"http:\/\/www.eloriente.net\/home\/wp-content\/uploads\/2013\/10\/Susana-Harp-conciertos-octubre-300x205.jpg 300w, http:\/\/www.eloriente.net\/home\/wp-content\/uploads\/2013\/10\/Susana-Harp-conciertos-octubre.jpg 960w\" sizes=\"(max-width: 300px) 100vw, 300px\" \/><\/a><\/p>\n<p>&nbsp;<\/p>\n<p style=\"text-align: right;\"><strong>Otras entradas relacionadas:<\/strong><\/p>\n<p><a title=\"Permalink to Susana Harp, orgullosa de presentar \u201cAguadiosa\u201d (programa 13\/mar\/13)\" href=\"http:\/\/www.eloriente.net\/home\/2013\/03\/13\/susana-harp-orgullosa-de-presentar-aguadiosa\/\" rel=\"bookmark\">Susana Harp, orgullosa de presentar \u201cAguadiosa\u201d (programa 13\/mar\/13)<\/a><\/p>\n<p><a href=\"http:\/\/www.eloriente.net\/home\/2013\/03\/13\/susana-harp-orgullosa-de-presentar-aguadiosa\/\" rel=\"bookmark\"><img decoding=\"async\" title=\"Susana Harp, orgullosa de presentar \u201cAguadiosa\u201d (programa 13\/mar\/13)\" src=\"http:\/\/www.eloriente.net\/home\/wp-content\/themes\/city-desk\/timthumb.php?src=http%3A%2F%2Fwww.eloriente.net%2Fhome%2Fwp-content%2Fuploads%2F2013%2F03%2FSusana-final.jpg&amp;q=90&amp;w=160&amp;h=106&amp;zc=1\" alt=\"Susana Harp, orgullosa de presentar \u201cAguadiosa\u201d (programa 13\/mar\/13)\" \/><\/a><\/p>\n<p>todooaxacaradio.com 13 de marzo de 2013 En nuestro programa Todo Oaxaca Radio del martes 12 de marzo de 2013, contamos con la presencia de la talentosa cantante oaxaque\u00f1a Susana Harp, quien nos platic\u00f3 de lo contenta que est\u00e1 de presentar su nuevo material discogr\u00e1fico titulado \u201cAguadiosa\u201d. Aguadiosa Sones y D\u00e9cimas por la vida, es un [&#8230;]<\/p>\n<p>March 13, 2013<\/p>\n<p>&nbsp;<\/p>\n<p><a title=\"Permalink to Susana Harp: Desbordante\" href=\"http:\/\/www.eloriente.net\/home\/2012\/10\/10\/susana-harp-desbordante\/\" rel=\"bookmark\">Susana Harp: Desbordante<\/a><\/p>\n<p><a href=\"http:\/\/www.eloriente.net\/home\/2012\/10\/10\/susana-harp-desbordante\/\" rel=\"bookmark\"><img decoding=\"async\" title=\"Susana Harp: Desbordante\" src=\"http:\/\/www.eloriente.net\/home\/wp-content\/themes\/city-desk\/timthumb.php?src=http%3A%2F%2Fwww.eloriente.net%2Fhome%2Fwp-content%2Fuploads%2F2012%2F10%2FDR-SUSANA-HARP-www.eloriente.net_.jpg&amp;q=90&amp;w=160&amp;h=106&amp;zc=1\" alt=\"Susana Harp: Desbordante\" \/><\/a><\/p>\n<p>Por: Juan Pablo Vasconcelos M. direcciongeneral@eloriente.net En ocasi\u00f3n de la presentaci\u00f3n de Aguadiosa, su m\u00e1s reciente trabajo. Personas que nos aclaran el misterio, que nos hacen descifrar la raz\u00f3n por la cual esta humanidad ha persistido y sobrevivido durante largos milenios en la tierra. Personas por las cuales se explica la civilizaci\u00f3n y la cultura, [&#8230;]<\/p>\n<p>October 10, 2012<\/p>\n\n\t\t\t  <div \n\t\t\t  \tclass = \"fb-comments\" \n\t\t\t  \tdata-href = \"http:\/\/www.eloriente.net\/home\/2013\/10\/06\/los-conciertos-en-octubre2013-de-susana-harp\/\"\n\t\t\t  \tdata-numposts = \"10\"\n\t\t\t\tdata-colorscheme = \"dark\"\n\t\t\t\tdata-order-by = \"social\"\n\t\t\t\tdata-mobile=true>\n\t\t\t  <\/div>\n\t\t  <style>\n\t\t\t.fb_iframe_widget_fluid_desktop iframe {\n\t\t\t    width: 100% !important;\n\t\t\t}\n\t\t  <\/style>\n\t\t  ","protected":false},"excerpt":{"rendered":"<p>eloriente.net 6 de octubre de 2013 La artista y cantante oaxaque\u00f1a Susana Harp presenta 4 conciertos este mes de octubre, los cuatro, en distintas partes de la Rep\u00fablica Mexicana. El primero, fue el jueves 3 de abril en Chapingo, presentando \u00abMi tierra\u00bb, con la Banda Filarm\u00f3nica L\u00f3pez Alavez. Pero hay tiempo para asistir hoy en [&hellip;]<\/p>\n","protected":false},"author":1,"featured_media":16802,"comment_status":"open","ping_status":"open","sticky":false,"template":"","format":"standard","meta":{"_jetpack_memberships_contains_paid_content":false,"footnotes":""},"categories":[8,18,32,13,83],"tags":[],"class_list":["post-16801","post","type-post","status-publish","format-standard","has-post-thumbnail","hentry","category-agenda","category-educacion-y-cultura","category-entradas","category-especiales","category-musica-de-oaxaca"],"jetpack_featured_media_url":"http:\/\/www.eloriente.net\/home\/wp-content\/uploads\/2013\/10\/Susana-Harp-conciertos-octubre.jpg","jetpack_sharing_enabled":true,"_links":{"self":[{"href":"http:\/\/www.eloriente.net\/home\/wp-json\/wp\/v2\/posts\/16801"}],"collection":[{"href":"http:\/\/www.eloriente.net\/home\/wp-json\/wp\/v2\/posts"}],"about":[{"href":"http:\/\/www.eloriente.net\/home\/wp-json\/wp\/v2\/types\/post"}],"author":[{"embeddable":true,"href":"http:\/\/www.eloriente.net\/home\/wp-json\/wp\/v2\/users\/1"}],"replies":[{"embeddable":true,"href":"http:\/\/www.eloriente.net\/home\/wp-json\/wp\/v2\/comments?post=16801"}],"version-history":[{"count":2,"href":"http:\/\/www.eloriente.net\/home\/wp-json\/wp\/v2\/posts\/16801\/revisions"}],"predecessor-version":[{"id":16804,"href":"http:\/\/www.eloriente.net\/home\/wp-json\/wp\/v2\/posts\/16801\/revisions\/16804"}],"wp:featuredmedia":[{"embeddable":true,"href":"http:\/\/www.eloriente.net\/home\/wp-json\/wp\/v2\/media\/16802"}],"wp:attachment":[{"href":"http:\/\/www.eloriente.net\/home\/wp-json\/wp\/v2\/media?parent=16801"}],"wp:term":[{"taxonomy":"category","embeddable":true,"href":"http:\/\/www.eloriente.net\/home\/wp-json\/wp\/v2\/categories?post=16801"},{"taxonomy":"post_tag","embeddable":true,"href":"http:\/\/www.eloriente.net\/home\/wp-json\/wp\/v2\/tags?post=16801"}],"curies":[{"name":"wp","href":"https:\/\/api.w.org\/{rel}","templated":true}]}}