{"id":16809,"date":"2013-10-06T11:29:06","date_gmt":"2013-10-06T17:29:06","guid":{"rendered":"http:\/\/www.eloriente.net\/home\/?p=16809"},"modified":"2013-10-06T11:29:06","modified_gmt":"2013-10-06T17:29:06","slug":"diplomado-cine-documental-de-uabjo-se-exhiben-trabajos","status":"publish","type":"post","link":"http:\/\/www.eloriente.net\/home\/2013\/10\/06\/diplomado-cine-documental-de-uabjo-se-exhiben-trabajos\/","title":{"rendered":"Diplomado Cine Documental de UABJO; se exhiben trabajos"},"content":{"rendered":"<p>eloriente.net\/<a href=\"http:\/\/www.uabjo.mx\/\" target=\"_blank\">UABJO<\/a><\/p>\n<p>6 de octubre de 2013<\/p>\n<p><a href=\"http:\/\/www.eloriente.net\/home\/wp-content\/uploads\/2013\/10\/Cine-Documental-UABJO-eloriente.net_.jpg\"><img loading=\"lazy\" decoding=\"async\" class=\"size-medium wp-image-16810 aligncenter\" title=\"Cine Documental UABJO eloriente.net\" src=\"http:\/\/www.eloriente.net\/home\/wp-content\/uploads\/2013\/10\/Cine-Documental-UABJO-eloriente.net_-300x199.jpg\" alt=\"\" width=\"300\" height=\"199\" srcset=\"http:\/\/www.eloriente.net\/home\/wp-content\/uploads\/2013\/10\/Cine-Documental-UABJO-eloriente.net_-300x199.jpg 300w, http:\/\/www.eloriente.net\/home\/wp-content\/uploads\/2013\/10\/Cine-Documental-UABJO-eloriente.net_-1024x682.jpg 1024w\" sizes=\"(max-width: 300px) 100vw, 300px\" \/><\/a><\/p>\n<p>La Direcci\u00f3n de Arte y Cultura (DAC) correspondiente a la Universidad Aut\u00f3noma \u201cBenito Ju\u00e1rez de Oaxaca\u201d (UABJO) llev\u00f3 a cabo la clausura del Diplomado de Cine \u201cDocumental en Corto\u201d impartido por Gustavo Mora.<\/p>\n<p>Este evento fue encabezado por el director de la DAC, Flavio Morales Cruz, quien felicit\u00f3 a los participantes y dijo que este curso representa una herramienta para los estudiantes ya que es una forma de plasmar las vivencias que acontecen en una sociedad lo que ayuda a fortalecer y fomentar la vida cotidiana, como son las expresiones de arte.<\/p>\n<p>Por su parte, Mora destac\u00f3 que cuando se asiste a una presentaci\u00f3n de trabajos al final de un taller como este, \u201clo que uno ve en la pantalla, es el resultado de un trabajo mayor que uno como espectador no se imagina, no es algo cotidiano porque conlleva un gran esfuerzo, en el mundo de la ense\u00f1anza del cine se viven triunfos y fracasos pero aun con las dificultades e inexperiencias de los alumnos se concluy\u00f3 este diplomado satisfactoriamente\u201d.<\/p>\n<p>Despu\u00e9s de 6 meses de cursos sabatinos los alumnos se dieron a la tarea de escribir, grabar y editar su propio cortometraje documental teniendo como herramienta cualquier c\u00e1mara de video aunque no fuera profesional y fue dirigido a comunicadores, docentes, artistas y p\u00fablico en general.<\/p>\n<p>Con este g\u00e9nero se indaga la realidad, proyecta historias particulares y colectivas, muestra la realidad social y guarda en su memoria las costumbres y culturas de una \u00e9poca o de una entidad para poder proyectarla al futuro.<\/p>\n<p>Los trabajos realizados bajo estas caracter\u00edsticas fueron \u201cLos Dioses Ebrios\u201d de Rogelio Aguilar; Los Meses Flacos del Caf\u00e9\u201d de Jos\u00e9 Luis Zarate; \u201cYoutubers en Oaxaca\u201d de Wendy V\u00e1squez y \u201cMaricruz, ensue\u00f1o de libertad\u201d de Abel L\u00f3pez Marroqu\u00edn.<\/p>\n<p>Otras entradas relacionadas:<\/p>\n<p><a title=\"Permalink to Primera pel\u00edcula de mexicano Jos\u00e9 Luis Valle triunfa en Biarritz\" href=\"http:\/\/www.eloriente.net\/home\/2013\/10\/06\/primera-pelicula-de-mexicano-jose-luis-valle-triunfa-en-biarritz\/\" rel=\"bookmark\">Primera pel\u00edcula de mexicano Jos\u00e9 Luis Valle triunfa en Biarritz<\/a><\/p>\n<p><a href=\"http:\/\/www.eloriente.net\/home\/2013\/10\/06\/primera-pelicula-de-mexicano-jose-luis-valle-triunfa-en-biarritz\/\" rel=\"bookmark\"><img decoding=\"async\" title=\"Primera pel\u00edcula de mexicano Jos\u00e9 Luis Valle triunfa en Biarritz\" src=\"http:\/\/www.eloriente.net\/home\/wp-content\/themes\/city-desk\/timthumb.php?src=http%3A%2F%2Fwww.eloriente.net%2Fhome%2Fwp-content%2Fuploads%2F2013%2F10%2FWorkers-site2-eloriente.net-festivaldebiarritz.comes_.jpg&amp;q=90&amp;w=160&amp;h=106&amp;zc=1\" alt=\"Primera pel\u00edcula de mexicano Jos\u00e9 Luis Valle triunfa en Biarritz\" \/><\/a><\/p>\n<p>eloriente.net\/CINE 6 de octubre de 2013 eloriente.net (Oaxaca, Mex., 6 de octubre de 2013).- \u201cWorkers\u201d primer largometraje del director mexicano Jos\u00e9 Luis Valle se hizo acreedora del Abrazo al mejor en su g\u00e9nero en el Festival de Cine Latinoamericano de Biarritz, para ser exhibido en salas a partir de 9 de octubre. Con gui\u00f3n del [&#8230;]<\/p>\n<p>October 6, 2013<\/p>\n<div id=\"post-16783\">\n<p><a title=\"Permalink to Molina Foix, entre cine y literatura\" href=\"http:\/\/www.eloriente.net\/home\/2013\/10\/04\/molina-foix-entre-cine-y-literatura\/\" rel=\"bookmark\">Molina Foix, entre cine y literatura<\/a><\/p>\n<p>Eloriente.net\/ Agencia de Noticias de Canal 22 4 de octubre de 2013 Por Marcos Daniel Aguilar Enviado VERACRUZ, M\u00e9xico, (N22).-\u00a0El escritor espa\u00f1ol Vicente Molina Foix, Premio Nacional de Narrativa en su pa\u00eds, se encuentra en esta edici\u00f3n del\u00a0Hay Festival\u00a0para hablar sobre su obra po\u00e9tica, pero tambi\u00e9n sobre su obra cinematogr\u00e1fica. \u201cEmpec\u00e9 como poeta\u00a0en una antolog\u00eda\u00a0que [&#8230;]<\/p>\n<p>October 4, 2013<\/p>\n<\/div>\n<div id=\"post-16739\">\n<p><a title=\"Permalink to Video: Documental \u201cEl Grito. M\u00e9xico 1968\u2033, por Canal 4 @El_Oriente\" href=\"http:\/\/www.eloriente.net\/home\/2013\/10\/02\/video-documental-el-grito-mexico-1968-por-canal-4-el_oriente\/\" rel=\"bookmark\">Video: Documental \u201cEl Grito. M\u00e9xico 1968\u2033, por Canal 4 @El_Oriente<\/a><\/p>\n<p><a href=\"http:\/\/www.eloriente.net\/home\/2013\/10\/02\/video-documental-el-grito-mexico-1968-por-canal-4-el_oriente\/\" rel=\"bookmark\"><img decoding=\"async\" title=\"Video: Documental \u201cEl Grito. M\u00e9xico 1968\u2033, por Canal 4 @El_Oriente\" src=\"http:\/\/www.eloriente.net\/home\/wp-content\/themes\/city-desk\/timthumb.php?src=http%3A%2F%2Fwww.eloriente.net%2Fhome%2Fwp-content%2Fuploads%2F2013%2F10%2FAlgunos-derechos-reservados-por-Rachel-McLeod-Kaminer-Tlatelolco.jpg&amp;q=90&amp;w=160&amp;h=106&amp;zc=1\" alt=\"Video: Documental \u201cEl Grito. M\u00e9xico 1968\u2033, por Canal 4 @El_Oriente\" \/><\/a>eloriente.net 2 de octubre de 2013 A 45 a\u00f1os de aquel 2 de octubre de 1968, la memoria de M\u00e9xico trae consigo aquellas im\u00e1genes en Tlatelolco. Aunque tambi\u00e9n es correcto decir que no solamente lo ocurrido el 2 de octubre es suficiente para entender el contexto y las consecuencias que trajeron consigo los sucesos de [&#8230;]<\/p>\n<p>October 2, 2013<\/p>\n<\/div>\n\n\t\t\t  <div \n\t\t\t  \tclass = \"fb-comments\" \n\t\t\t  \tdata-href = \"http:\/\/www.eloriente.net\/home\/2013\/10\/06\/diplomado-cine-documental-de-uabjo-se-exhiben-trabajos\/\"\n\t\t\t  \tdata-numposts = \"10\"\n\t\t\t\tdata-colorscheme = \"dark\"\n\t\t\t\tdata-order-by = \"social\"\n\t\t\t\tdata-mobile=true>\n\t\t\t  <\/div>\n\t\t  <style>\n\t\t\t.fb_iframe_widget_fluid_desktop iframe {\n\t\t\t    width: 100% !important;\n\t\t\t}\n\t\t  <\/style>\n\t\t  ","protected":false},"excerpt":{"rendered":"<p>eloriente.net\/UABJO 6 de octubre de 2013 La Direcci\u00f3n de Arte y Cultura (DAC) correspondiente a la Universidad Aut\u00f3noma \u201cBenito Ju\u00e1rez de Oaxaca\u201d (UABJO) llev\u00f3 a cabo la clausura del Diplomado de Cine \u201cDocumental en Corto\u201d impartido por Gustavo Mora. Este evento fue encabezado por el director de la DAC, Flavio Morales Cruz, quien felicit\u00f3 a [&hellip;]<\/p>\n","protected":false},"author":1,"featured_media":16810,"comment_status":"open","ping_status":"open","sticky":false,"template":"","format":"standard","meta":{"_jetpack_memberships_contains_paid_content":false,"footnotes":""},"categories":[56,49,18,32,31],"tags":[],"class_list":["post-16809","post","type-post","status-publish","format-standard","has-post-thumbnail","hentry","category-cine","category-destacadas","category-educacion-y-cultura","category-entradas","category-principal"],"jetpack_featured_media_url":"http:\/\/www.eloriente.net\/home\/wp-content\/uploads\/2013\/10\/Cine-Documental-UABJO-eloriente.net_.jpg","jetpack_sharing_enabled":true,"_links":{"self":[{"href":"http:\/\/www.eloriente.net\/home\/wp-json\/wp\/v2\/posts\/16809"}],"collection":[{"href":"http:\/\/www.eloriente.net\/home\/wp-json\/wp\/v2\/posts"}],"about":[{"href":"http:\/\/www.eloriente.net\/home\/wp-json\/wp\/v2\/types\/post"}],"author":[{"embeddable":true,"href":"http:\/\/www.eloriente.net\/home\/wp-json\/wp\/v2\/users\/1"}],"replies":[{"embeddable":true,"href":"http:\/\/www.eloriente.net\/home\/wp-json\/wp\/v2\/comments?post=16809"}],"version-history":[{"count":2,"href":"http:\/\/www.eloriente.net\/home\/wp-json\/wp\/v2\/posts\/16809\/revisions"}],"predecessor-version":[{"id":16812,"href":"http:\/\/www.eloriente.net\/home\/wp-json\/wp\/v2\/posts\/16809\/revisions\/16812"}],"wp:featuredmedia":[{"embeddable":true,"href":"http:\/\/www.eloriente.net\/home\/wp-json\/wp\/v2\/media\/16810"}],"wp:attachment":[{"href":"http:\/\/www.eloriente.net\/home\/wp-json\/wp\/v2\/media?parent=16809"}],"wp:term":[{"taxonomy":"category","embeddable":true,"href":"http:\/\/www.eloriente.net\/home\/wp-json\/wp\/v2\/categories?post=16809"},{"taxonomy":"post_tag","embeddable":true,"href":"http:\/\/www.eloriente.net\/home\/wp-json\/wp\/v2\/tags?post=16809"}],"curies":[{"name":"wp","href":"https:\/\/api.w.org\/{rel}","templated":true}]}}