{"id":16816,"date":"2013-10-07T10:36:39","date_gmt":"2013-10-07T16:36:39","guid":{"rendered":"http:\/\/www.eloriente.net\/home\/?p=16816"},"modified":"2013-10-07T10:36:39","modified_gmt":"2013-10-07T16:36:39","slug":"no-hay-periodismo-en-el-sentido-clasico-de-la-frase-david-rieff","status":"publish","type":"post","link":"http:\/\/www.eloriente.net\/home\/2013\/10\/07\/no-hay-periodismo-en-el-sentido-clasico-de-la-frase-david-rieff\/","title":{"rendered":"No hay periodismo, en el sentido cl\u00e1sico de la frase\u00bb: David Rieff"},"content":{"rendered":"<p>eloriente.net\/Agencia de Noticias de Canal 22<\/p>\n<p>7 de octubre de 2013<\/p>\n<div>\n<p style=\"text-align: right;\">\u00a0<strong>Por Marcos D. Aguilar<\/strong><\/p>\n<div>\n<div style=\"text-align: right;\"><strong>@alephcircular<\/strong><\/div>\n<div><strong><br \/>\n<\/strong><\/div>\n<div><strong>XALAPA, M\u00e9xico, (N22).- <\/strong>\u00abHe escrito 10 libros y no escribo sobre mi propia vida sobre asuntos personales, no me gusta esa manera, yo hablo para mi, los otros pueden hacer lo que quieran.Trat\u00e9 de escribir un libro una memoria de mi madre general, sobre su vida, sobre su muerte sobre la muerte, bueno trat\u00e9 de hacer una descripci\u00f3n real\u00edstica de su muerte y lo que pas\u00f3 de la batalla para vivir que ella fue un libro muy deprimente, muy dif\u00edcil\u00bb, coment\u00f3 el escritor David Rieff.<\/div>\n<div><\/div>\n<div>David es cr\u00edtico cultura, analista pol\u00edtico, periodista e hijo de la ensayista Susan Sontag y el soci\u00f3logo Philip Rieff. Entre sus libros destacan\u00a0\u00a0<em>Camino de Miami<\/em>\u00a0(1987),\u00a0<em>Los Angeles, Capital of the Third World<\/em>\u00a0(1991),\u00a0<em>The Exile<\/em>\u00a0(1993),\u00a0<em>Slaughterhouse: Bosnia and the Failure of the West<\/em>\u00a0(1995) y\u00a0<em>A Bed for the Night: Humanitarianism in Crisis<\/em>\u00a0(2003),\u00a0<em>Contra la Memoria<\/em>\u00a0(2012).\u00a0Colabor\u00f3 en los diarios\u00a0\u00a0The New Republic\u00a0y en\u00a0Harper\u2019s Magazine y en\u00a0Los Angeles Times Book Review.<\/div>\n<div><\/div>\n<div>\n<div>Respecto a su faceta como analista, David declar\u00f3 para <strong>Agencia N22, <\/strong>sobre la \u00e9tica en la pol\u00edtica. \u00a0\u00abYo no creo que la situaci\u00f3n sea mas mala que en el pasado, la \u00e9tica, yo vengo de una tradici\u00f3n realista, para mi la \u00e9tica y la pol\u00edtica no coincidan mucho, es peor ahora. No lo creo, no s\u00e9 si en Estados Unidos, o Alemania, ser\u00e1n las cosas peores. Las cosas quedan en el mismo nivel, un nivel horrible, y si es peor en 2013 o en 1913, no lo creo, o en la \u00e9poca de Cristeros, la guerra del narco es peor que la de los Cristeros, no lo creo\u00bb.<\/div>\n<div><\/div>\n<\/div>\n<div>\n<div>Por otra parte, en su opini\u00f3n, el periodismo es m\u00e1s dif\u00edcil ahora que hay internet, \u00a0\u00abnadie sabe c\u00f3mo actuar en el censo financiero, los periodicos ganan de menos en menos que antes, por ello Jeff Bezos de Amazon compr\u00f3 el <em>Washington Post<\/em> por nada, pero con el internet no tienes mas que opiniones. N<strong>o hay periodismo, en el sentido cl\u00e1sico de la frase<\/strong>, <strong>entonces es un momento muy dif\u00edcil, del otro lado es dif\u00edcil, en este pa\u00eds el periodismo en el norte es menos y menos posible,<\/strong>\u00a0el papel del periodista es dif\u00edcil y peligroso\u00bb.<\/div>\n<\/div>\n<div>\n<div><\/div>\n<div>\n<div>Rieff fue\u00a0alumno\u00a0de Ivan Ilich, estuvieron una temporada en Cuernavaca y desde entonces la relaci\u00f3n entre el pa\u00eds y Rieff es fruct\u00edfera.Fue una gran oportunidad de trabajar con una de las personas mas inteligentes que he\u00a0conocido\u00a0en mi vida y\u00a0aprend\u00ed\u00a0a pensar de Illich, el inicio de mi vida intelectual era con ese se\u00f1or en Cuernavaca\u00bb.<\/div>\n<div><\/div>\n<\/div>\n<div>\u00abC\u00f3mo M\u00e9xico va a imaginarse en el mundo internacional no se sabe es un pa\u00eds focalizado sobre sus propios problemas y su punto de vista del futuro tal vez en unos a\u00f1os va a cambiar en este momento, no es una observaci\u00f3n critica aqu\u00ed en Xalapa, en donde no hay tantos problemas de seguridad cuando sales de la ciudad hay soldados de la marina y armas verdaderas armas, no hablamos de pistolas es tambi\u00e9n una realidad nacional\u00bb.<\/div>\n<\/div>\n<div><em>Mar de Muerte<\/em><em> <\/em>es el t\u00edtulo donde David habla de su madre, en este festival hablar\u00e1 sobre el asunto y lo que\u00a0significa\u00a0para \u00e9l la figura de Sontag.<\/div>\n<\/div>\n<div>\n<div><\/div>\n<\/div>\n<div>\n<div>\u00abPara ella la cultura era general o no existi\u00f3, hab\u00eda una cultura mundial, art\u00edstica, para ella las fronteras no ten\u00edan ninguna importancia, para ella Borges y Sartr\u00e9, ten\u00edan m\u00e1s importancia que los autores norteamericanos\u00bb.<\/div>\n<div><\/div>\n<div style=\"text-align: center;\"><a href=\"http:\/\/www.eloriente.net\/home\/wp-content\/uploads\/2013\/10\/David-Rieff-600x300.jpg\"><img loading=\"lazy\" decoding=\"async\" class=\"alignnone size-medium wp-image-16817\" title=\"David-Rieff-600x300\" src=\"http:\/\/www.eloriente.net\/home\/wp-content\/uploads\/2013\/10\/David-Rieff-600x300-300x170.jpg\" alt=\"\" width=\"300\" height=\"170\" srcset=\"http:\/\/www.eloriente.net\/home\/wp-content\/uploads\/2013\/10\/David-Rieff-600x300-300x170.jpg 300w, http:\/\/www.eloriente.net\/home\/wp-content\/uploads\/2013\/10\/David-Rieff-600x300.jpg 400w\" sizes=\"(max-width: 300px) 100vw, 300px\" \/><\/a><\/div>\n<div>Imagen:http:\/\/bit.ly\/15R6gef<\/div>\n<\/div>\n<div>13AM<\/div>\n<\/div>\n<div><\/div>\n<div>Otras entradas anteriores:<\/div>\n<div>\n<div id=\"post-16783\">\n<p><a title=\"Permalink to Molina Foix, entre cine y literatura\" href=\"http:\/\/www.eloriente.net\/home\/2013\/10\/04\/molina-foix-entre-cine-y-literatura\/\" rel=\"bookmark\">Molina Foix, entre cine y literatura<\/a><\/p>\n<p>Eloriente.net\/ Agencia de Noticias de Canal 22 4 de octubre de 2013 Por Marcos Daniel Aguilar Enviado VERACRUZ, M\u00e9xico, (N22).-\u00a0El escritor espa\u00f1ol Vicente Molina Foix, Premio Nacional de Narrativa en su pa\u00eds, se encuentra en esta edici\u00f3n del\u00a0Hay Festival\u00a0para hablar sobre su obra po\u00e9tica, pero tambi\u00e9n sobre su obra cinematogr\u00e1fica. \u201cEmpec\u00e9 como poeta\u00a0en una antolog\u00eda\u00a0que [&#8230;]<\/p>\n<p>October 4, 2013<\/p>\n<\/div>\n<div id=\"post-16757\">\n<p><a title=\"Permalink to Las 10+ Vistas de ELORIENTE.NET en Septiembre\/2013\" href=\"http:\/\/www.eloriente.net\/home\/2013\/10\/03\/las-10-vistas-de-eloriente-net-en-septiembre2013\/\" rel=\"bookmark\">Las 10+ Vistas de ELORIENTE.NET en Septiembre\/2013<\/a><\/p>\n<p><a href=\"http:\/\/www.eloriente.net\/home\/2013\/10\/03\/las-10-vistas-de-eloriente-net-en-septiembre2013\/\" rel=\"bookmark\"><img decoding=\"async\" title=\"Las 10+ Vistas de ELORIENTE.NET en Septiembre\/2013\" src=\"http:\/\/www.eloriente.net\/home\/wp-content\/themes\/city-desk\/timthumb.php?src=http%3A%2F%2Fwww.eloriente.net%2Fhome%2Fwp-content%2Fuploads%2F2013%2F10%2FRichard-Kalvar-La-Louvi%C3%A8re-Belgique-1979-%40MaisonEuropeennePhotographie.jpg&amp;q=90&amp;w=160&amp;h=106&amp;zc=1\" alt=\"Las 10+ Vistas de ELORIENTE.NET en Septiembre\/2013\" \/><\/a>eloriente.net 3 de octubre de 2013 Cada mes, El Oriente publicar\u00e1 esta lista de los contenidos m\u00e1s visitados por nuestros usuarios. Esto, para que aquellos que se han perdido una buena recomendaci\u00f3n, una buena nota, tengan la oportunidad de volver sobre ella, aprender, regocijarse, disfrutar. Hay que recordar que el objetivo de El Oriente es [&#8230;]<\/p>\n<p>October 3, 2013<\/p>\n<\/div>\n<div id=\"post-16728\">\n<p><a title=\"Permalink to Abre Hay Festival Xalapa el 2 de octubre de 2013\" href=\"http:\/\/www.eloriente.net\/home\/2013\/10\/01\/abre-hay-festival-xalapa-el-2-de-octubre-de-2013\/\" rel=\"bookmark\">Abre Hay Festival Xalapa el 2 de octubre de 2013<\/a><\/p>\n<p><a href=\"http:\/\/www.eloriente.net\/home\/2013\/10\/01\/abre-hay-festival-xalapa-el-2-de-octubre-de-2013\/\" rel=\"bookmark\"><img decoding=\"async\" title=\"Abre Hay Festival Xalapa el 2 de octubre de 2013\" src=\"http:\/\/www.eloriente.net\/home\/wp-content\/themes\/city-desk\/timthumb.php?src=http%3A%2F%2Fwww.eloriente.net%2Fhome%2Fwp-content%2Fuploads%2F2013%2F10%2FAlgunos-derechos-reservados-por-%40outis9366-Luis-Eduardo-Aute.jpg&amp;q=90&amp;w=160&amp;h=106&amp;zc=1\" alt=\"Abre Hay Festival Xalapa el 2 de octubre de 2013\" \/><\/a>eloriente.net\/Hay Festival Xalapa 1 de octubre de 2013 eloriente.net (Oaxaca, Oax. a 1 de octubre de 2013).- Con un concierto de la multiinstrumentista Julieta Venegas en Gimnasio de los Halcones, abre el mi\u00e9rcoles 2 de octubre el Hay Festival Xalapa, que cubre actividades hasta el d\u00eda 6 de este mes, bajo la premisa \u201cImagina el [&#8230;]<\/p>\n<p>October 1, 2013<\/p>\n<\/div>\n<\/div>\n\n\t\t\t  <div \n\t\t\t  \tclass = \"fb-comments\" \n\t\t\t  \tdata-href = \"http:\/\/www.eloriente.net\/home\/2013\/10\/07\/no-hay-periodismo-en-el-sentido-clasico-de-la-frase-david-rieff\/\"\n\t\t\t  \tdata-numposts = \"10\"\n\t\t\t\tdata-colorscheme = \"dark\"\n\t\t\t\tdata-order-by = \"social\"\n\t\t\t\tdata-mobile=true>\n\t\t\t  <\/div>\n\t\t  <style>\n\t\t\t.fb_iframe_widget_fluid_desktop iframe {\n\t\t\t    width: 100% !important;\n\t\t\t}\n\t\t  <\/style>\n\t\t  ","protected":false},"excerpt":{"rendered":"<p>eloriente.net\/Agencia de Noticias de Canal 22 7 de octubre de 2013 \u00a0Por Marcos D. Aguilar @alephcircular XALAPA, M\u00e9xico, (N22).- \u00abHe escrito 10 libros y no escribo sobre mi propia vida sobre asuntos personales, no me gusta esa manera, yo hablo para mi, los otros pueden hacer lo que quieran.Trat\u00e9 de escribir un libro una memoria [&hellip;]<\/p>\n","protected":false},"author":1,"featured_media":16817,"comment_status":"open","ping_status":"open","sticky":false,"template":"","format":"standard","meta":{"_jetpack_memberships_contains_paid_content":false,"footnotes":""},"categories":[18,32,10],"tags":[],"class_list":["post-16816","post","type-post","status-publish","format-standard","has-post-thumbnail","hentry","category-educacion-y-cultura","category-entradas","category-lo-mas-reciente"],"jetpack_featured_media_url":"http:\/\/www.eloriente.net\/home\/wp-content\/uploads\/2013\/10\/David-Rieff-600x300.jpg","jetpack_sharing_enabled":true,"_links":{"self":[{"href":"http:\/\/www.eloriente.net\/home\/wp-json\/wp\/v2\/posts\/16816"}],"collection":[{"href":"http:\/\/www.eloriente.net\/home\/wp-json\/wp\/v2\/posts"}],"about":[{"href":"http:\/\/www.eloriente.net\/home\/wp-json\/wp\/v2\/types\/post"}],"author":[{"embeddable":true,"href":"http:\/\/www.eloriente.net\/home\/wp-json\/wp\/v2\/users\/1"}],"replies":[{"embeddable":true,"href":"http:\/\/www.eloriente.net\/home\/wp-json\/wp\/v2\/comments?post=16816"}],"version-history":[{"count":1,"href":"http:\/\/www.eloriente.net\/home\/wp-json\/wp\/v2\/posts\/16816\/revisions"}],"predecessor-version":[{"id":16818,"href":"http:\/\/www.eloriente.net\/home\/wp-json\/wp\/v2\/posts\/16816\/revisions\/16818"}],"wp:featuredmedia":[{"embeddable":true,"href":"http:\/\/www.eloriente.net\/home\/wp-json\/wp\/v2\/media\/16817"}],"wp:attachment":[{"href":"http:\/\/www.eloriente.net\/home\/wp-json\/wp\/v2\/media?parent=16816"}],"wp:term":[{"taxonomy":"category","embeddable":true,"href":"http:\/\/www.eloriente.net\/home\/wp-json\/wp\/v2\/categories?post=16816"},{"taxonomy":"post_tag","embeddable":true,"href":"http:\/\/www.eloriente.net\/home\/wp-json\/wp\/v2\/tags?post=16816"}],"curies":[{"name":"wp","href":"https:\/\/api.w.org\/{rel}","templated":true}]}}