{"id":16819,"date":"2013-10-07T10:55:12","date_gmt":"2013-10-07T16:55:12","guid":{"rendered":"http:\/\/www.eloriente.net\/home\/?p=16819"},"modified":"2013-10-07T10:55:12","modified_gmt":"2013-10-07T16:55:12","slug":"por-primera-vez-en-tuxtepec-se-explica-casa-por-casa-nuevo-sistema-de-justicia-penal","status":"publish","type":"post","link":"http:\/\/www.eloriente.net\/home\/2013\/10\/07\/por-primera-vez-en-tuxtepec-se-explica-casa-por-casa-nuevo-sistema-de-justicia-penal\/","title":{"rendered":"Por primera vez en Tuxtepec, se explica casa por casa nuevo Sistema de Justicia Penal"},"content":{"rendered":"<p>eloriente.net\/<a href=\"http:\/\/www.tribunaloax.gob.mx\/\" target=\"_blank\">Tribunal Superior de Justicia de Oaxaca<\/a><\/p>\n<p>7 de octubre de 2013<\/p>\n<p><a href=\"http:\/\/www.eloriente.net\/home\/wp-content\/uploads\/2013\/10\/visitacasaporcasa1.jpg\"><img loading=\"lazy\" decoding=\"async\" class=\"size-medium wp-image-16820 aligncenter\" title=\"visitacasaporcasa1\" src=\"http:\/\/www.eloriente.net\/home\/wp-content\/uploads\/2013\/10\/visitacasaporcasa1-300x199.jpg\" alt=\"\" width=\"300\" height=\"199\" srcset=\"http:\/\/www.eloriente.net\/home\/wp-content\/uploads\/2013\/10\/visitacasaporcasa1-300x199.jpg 300w, http:\/\/www.eloriente.net\/home\/wp-content\/uploads\/2013\/10\/visitacasaporcasa1-1024x679.jpg 1024w, http:\/\/www.eloriente.net\/home\/wp-content\/uploads\/2013\/10\/visitacasaporcasa1.jpg 2000w\" sizes=\"(max-width: 300px) 100vw, 300px\" \/><\/a><\/p>\n<ul>\n<li>En los municipios de San Juan Bautista Tuxtepec, Jalapa de D\u00edaz, Cosolapa, Loma Bonita y Acatl\u00e1n de P\u00e9rez Figueroa se realizar\u00e1 un recorrido casa por casa<\/li>\n<\/ul>\n<p>Con el objetivo de informar y sensibilizar a la poblaci\u00f3n sobre los beneficios del nuevo sistema de justicia penal en Oaxaca, en los pr\u00f3ximos d\u00edas se pondr\u00e1 en marcha el esquema de visitas casa por casa en municipios de la Cuenca del Papaloapan, como parte las acciones del Plan Estrat\u00e9gico de Difusi\u00f3n del Sistema de Justicia Penal.<\/p>\n<p>En esta ocasi\u00f3n, corresponder\u00e1 a la Procuradur\u00eda de la Defensa del Ind\u00edgena y Grupos Vulnerables (PRODI) coordinar dicha estrategia que tiene como meta llegar a 24 mil hogares y acercarse a por lo menos 72 mil habitantes de\u00a0 San Juan Bautista Tuxtepec, Jalapa de D\u00edaz, Cosolapa, Loma Bonita y Acatl\u00e1n de P\u00e9rez Figueroa.<\/p>\n<p>Las visitas las realizar\u00e1n 25 j\u00f3venes universitarios y egresados de nivel licenciatura, quienes previamente fueron capacitados por el personal de la PRODI acerca de las generalidades del Sistema Acusatorio Adversarial, sus beneficios, los actores que participan para la soluci\u00f3n de conflictos y sus diferencias con el sistema inquisitivo que operaba anteriormente.<\/p>\n<p>Esta acci\u00f3n, que se llevar\u00e1 a cabo durante los meses de octubre, noviembre y diciembre, representa una forma de personalizar la atenci\u00f3n que ahora ofrecen las instituciones encargadas de impartir justicia, en su camino por transformar la manera de juzgar los delitos en materia penal y recuperar la confianza ciudadana.<\/p>\n<p>En las visitas casa por casa, los j\u00f3venes entregar\u00e1n a las familias un kit de informaci\u00f3n acerca del nuevo sistema de justicia, que contiene tr\u00edpticos y carteles con una explicaci\u00f3n sobre las funciones, derechos y deberes de los actores que participan en los procesos, como el caso del juez, el agente del Ministerio P\u00fablico, el polic\u00eda, el defensor, la v\u00edctima y el imputado, entre otros.<\/p>\n<p>Adem\u00e1s, obsequiar\u00e1n a los habitantes de la regi\u00f3n, juegos did\u00e1cticos y otros art\u00edculos\u00a0 de utilidad que contienen mensajes referentes a la campa\u00f1a de difusi\u00f3n que lleva por nombre \u201cCumple con tu deber\u201d.<\/p>\n<p>La Procuradur\u00eda de la Defensa del Ind\u00edgena y Grupos Vulnerables (PRODI) trabaja en coordinaci\u00f3n con el Poder Judicial del Estado, la Secretar\u00eda de Seguridad P\u00fablica, la Procuradur\u00eda General de Justicia y el \u00d3rgano Implementador del Sistema Acusatorio Adversarial para lograr que el Sistema de Justicia Penal sea una realidad en las ocho regiones del estado de Oaxaca.<\/p>\n<p>Dicho modelo de impartici\u00f3n de justicia se caracteriza por ser m\u00e1s \u00e1gil, transparente y proteger los derechos de la v\u00edctima y el imputado, quien ahora puede enfrentar un proceso en libertad y gozar de la presunci\u00f3n de inocencia hasta que demuestre su verdadera responsabilidad.<\/p>\n<p>&nbsp;<\/p>\n<p><strong>Otras entradas relacionadas:<\/strong><\/p>\n<div id=\"post-16719\">\n<p><a title=\"Permalink to Derecho-UABJO realiza Taller sobre Sistema Acusatorio Adversarial\" href=\"http:\/\/www.eloriente.net\/home\/2013\/09\/28\/derecho-uabjo-realiza-taller-sobre-sistema-acusatorio-adversarial\/\" rel=\"bookmark\">Derecho-UABJO realiza Taller sobre Sistema Acusatorio Adversarial<\/a><\/p>\n<p><a href=\"http:\/\/www.eloriente.net\/home\/2013\/09\/28\/derecho-uabjo-realiza-taller-sobre-sistema-acusatorio-adversarial\/\" rel=\"bookmark\"><img decoding=\"async\" title=\"Derecho-UABJO realiza Taller sobre Sistema Acusatorio Adversarial\" src=\"http:\/\/www.eloriente.net\/home\/wp-content\/themes\/city-desk\/timthumb.php?src=http%3A%2F%2Fwww.eloriente.net%2Fhome%2Fwp-content%2Fuploads%2F2013%2F10%2FDerecho-UABJO.jpg&amp;q=90&amp;w=160&amp;h=106&amp;zc=1\" alt=\"Derecho-UABJO realiza Taller sobre Sistema Acusatorio Adversarial\" \/><\/a>eloriente.net 28 de septiembre de 2013 La Facultad de Derecho y Ciencias Sociales de la Universidad Aut\u00f3noma \u201cBenito Ju\u00e1rez\u201d de Oaxaca (UABJO), realiz\u00f3 el \u201ctaller de Sistema Acusatorio Adversarial y medios alternativos de soluci\u00f3n a conflictos\u201d, dirigido a estudiantes, docentes y catedr\u00e1ticos interesados en el tema. Esta actividad acad\u00e9mica tiene como prop\u00f3sito fortalecer la pr\u00e1ctica [&#8230;]<\/p>\n<p>September 28, 2013<\/p>\n<\/div>\n<div id=\"post-16677\">\n<p><a title=\"Permalink to Cambio radical en la persecuci\u00f3n y penalizaci\u00f3n de los delitos: Lagunas\" href=\"http:\/\/www.eloriente.net\/home\/2013\/09\/28\/cambio-radical-en-la-persecucion-y-penalizacion-de-los-delitos-lagunas\/\" rel=\"bookmark\">Cambio radical en la persecuci\u00f3n y penalizaci\u00f3n de los delitos: Lagunas<\/a><\/p>\n<p>eloriente.net\/Tribunal Superior de Justicia de Oaxaca 28 de septiembre de 2013 Los Tres Poderes del Estado pusieron en marcha en la Cuenca del Papaloapan el Sistema Acusatorio Adversarial, bajo el esquema de juicios orales En un paso hist\u00f3rico para Oaxaca y como parte del proceso de transformaci\u00f3n de la justicia penal en el pa\u00eds, este [&#8230;]<\/p>\n<p>September 28, 2013<\/p>\n<\/div>\n<div id=\"post-16659\">\n<p><a title=\"Permalink to Listo para iniciar funciones en Tuxtepec y Cosolapa nuevo Sistema Penal\" href=\"http:\/\/www.eloriente.net\/home\/2013\/09\/26\/listo-para-iniciar-funciones-en-tuxtepec-y-cosolapa-nuevo-sistema-penal\/\" rel=\"bookmark\">Listo para iniciar funciones en Tuxtepec y Cosolapa nuevo Sistema Penal<\/a><\/p>\n<p>eloriente.net\/OISA 26 de septiembre de 2013 Todo listo para la ceremonia de apertura a efectuarse este viernes en el municipio de San Juan Bautista Tuxtepec A seis a\u00f1os de haberse iniciado su implementaci\u00f3n en Oaxaca, el Sistema Acusatorio Adversarial llega este viernes 27 de septiembre a la Cuenca del Papaloapan, regi\u00f3n que inicia una nueva [&#8230;]<\/p>\n<p>September 26, 2013<\/p>\n<\/div>\n\n\t\t\t  <div \n\t\t\t  \tclass = \"fb-comments\" \n\t\t\t  \tdata-href = \"http:\/\/www.eloriente.net\/home\/2013\/10\/07\/por-primera-vez-en-tuxtepec-se-explica-casa-por-casa-nuevo-sistema-de-justicia-penal\/\"\n\t\t\t  \tdata-numposts = \"10\"\n\t\t\t\tdata-colorscheme = \"dark\"\n\t\t\t\tdata-order-by = \"social\"\n\t\t\t\tdata-mobile=true>\n\t\t\t  <\/div>\n\t\t  <style>\n\t\t\t.fb_iframe_widget_fluid_desktop iframe {\n\t\t\t    width: 100% !important;\n\t\t\t}\n\t\t  <\/style>\n\t\t  ","protected":false},"excerpt":{"rendered":"<p>eloriente.net\/Tribunal Superior de Justicia de Oaxaca 7 de octubre de 2013 En los municipios de San Juan Bautista Tuxtepec, Jalapa de D\u00edaz, Cosolapa, Loma Bonita y Acatl\u00e1n de P\u00e9rez Figueroa se realizar\u00e1 un recorrido casa por casa Con el objetivo de informar y sensibilizar a la poblaci\u00f3n sobre los beneficios del nuevo sistema de justicia [&hellip;]<\/p>\n","protected":false},"author":1,"featured_media":16820,"comment_status":"open","ping_status":"open","sticky":false,"template":"","format":"standard","meta":{"_jetpack_memberships_contains_paid_content":false,"footnotes":""},"categories":[22,32,13,23],"tags":[],"class_list":["post-16819","post","type-post","status-publish","format-standard","has-post-thumbnail","hentry","category-derechos-humanos","category-entradas","category-especiales","category-municipios"],"jetpack_featured_media_url":"http:\/\/www.eloriente.net\/home\/wp-content\/uploads\/2013\/10\/visitacasaporcasa1.jpg","jetpack_sharing_enabled":true,"_links":{"self":[{"href":"http:\/\/www.eloriente.net\/home\/wp-json\/wp\/v2\/posts\/16819"}],"collection":[{"href":"http:\/\/www.eloriente.net\/home\/wp-json\/wp\/v2\/posts"}],"about":[{"href":"http:\/\/www.eloriente.net\/home\/wp-json\/wp\/v2\/types\/post"}],"author":[{"embeddable":true,"href":"http:\/\/www.eloriente.net\/home\/wp-json\/wp\/v2\/users\/1"}],"replies":[{"embeddable":true,"href":"http:\/\/www.eloriente.net\/home\/wp-json\/wp\/v2\/comments?post=16819"}],"version-history":[{"count":2,"href":"http:\/\/www.eloriente.net\/home\/wp-json\/wp\/v2\/posts\/16819\/revisions"}],"predecessor-version":[{"id":16822,"href":"http:\/\/www.eloriente.net\/home\/wp-json\/wp\/v2\/posts\/16819\/revisions\/16822"}],"wp:featuredmedia":[{"embeddable":true,"href":"http:\/\/www.eloriente.net\/home\/wp-json\/wp\/v2\/media\/16820"}],"wp:attachment":[{"href":"http:\/\/www.eloriente.net\/home\/wp-json\/wp\/v2\/media?parent=16819"}],"wp:term":[{"taxonomy":"category","embeddable":true,"href":"http:\/\/www.eloriente.net\/home\/wp-json\/wp\/v2\/categories?post=16819"},{"taxonomy":"post_tag","embeddable":true,"href":"http:\/\/www.eloriente.net\/home\/wp-json\/wp\/v2\/tags?post=16819"}],"curies":[{"name":"wp","href":"https:\/\/api.w.org\/{rel}","templated":true}]}}