{"id":16833,"date":"2013-10-08T09:29:57","date_gmt":"2013-10-08T15:29:57","guid":{"rendered":"http:\/\/www.eloriente.net\/home\/?p=16833"},"modified":"2013-10-08T09:29:57","modified_gmt":"2013-10-08T15:29:57","slug":"queretaro-la-ciudad-con-mayor-calidad-de-vida-oaxaca-la-ultima-gce","status":"publish","type":"post","link":"http:\/\/www.eloriente.net\/home\/2013\/10\/08\/queretaro-la-ciudad-con-mayor-calidad-de-vida-oaxaca-la-ultima-gce\/","title":{"rendered":"Quer\u00e9taro, la ciudad con mayor calidad de vida; Oaxaca la \u00faltima: GCE"},"content":{"rendered":"<p>eloriente.net<\/p>\n<p>8 de octubre de 2013<\/p>\n<p>eloriente.net (Oaxaca, M\u00e9xico).- El <a href=\"http:\/\/www.gabinete.mx\" target=\"_blank\">Gabinete de Comunicaci\u00f3n Estrat\u00e9gica<\/a> (GCE) hizo p\u00fablica la edici\u00f3n 2013 del proyecto \u00abLas ciudades m\u00e1s habitables de M\u00e9xico\u00bb que inici\u00f3 el a\u00f1o pasado y que da cuenta del desarrollo de los indicadores de Calidad de Vida (INCAVI), de Satisfacci\u00f3n con los Servicios (ISACS) y de Evaluaci\u00f3n del Desempe\u00f1o de los Alcaldes (IDEALC).<\/p>\n<p>Este a\u00f1o se consideraron 70 poblaciones.<\/p>\n<p>En cuanto al <strong>INCAVI<\/strong>, que implica la combinaci\u00f3n de la percepci\u00f3n de los entrevistados en 10 variables distintas como: Belleza Natural, Museos, Convivencia Sana, Centros de Diversi\u00f3n, Aire Limpio, Movilidad, Escuelas y Vivienda, as\u00ed como Calidad de Vida respecto del a\u00f1o anterior y Calidad de Vida respecto al resto del pa\u00eds, las 5 ciudades que mayores valores alcanzaron fueron Quer\u00e9taro, Monterrey y municipios connurbados, M\u00e9rida, Colima y La Paz. En \u00e9ste \u00faltimo caso, La Paz ascendi\u00f3 del lugar 12 al 41 de 2012 a 2013.<\/p>\n<p>Por su parte, entre las ciudades con menores valores, quedaron Oaxaca, Zacatecas, Acapulco, Tuxtla Guti\u00e9rrez y Tehuac\u00e1n.<\/p>\n<p><a href=\"http:\/\/www.eloriente.net\/home\/wp-content\/uploads\/2013\/10\/Captura-de-pantalla-2013-10-08-a-las-10.13.21.png\"><img loading=\"lazy\" decoding=\"async\" class=\"alignnone size-full wp-image-16834\" title=\"Calidad de Vida 2013 Gabinete eloriente.net\" src=\"http:\/\/www.eloriente.net\/home\/wp-content\/uploads\/2013\/10\/Captura-de-pantalla-2013-10-08-a-las-10.13.21.png\" alt=\"\" width=\"1022\" height=\"630\" srcset=\"http:\/\/www.eloriente.net\/home\/wp-content\/uploads\/2013\/10\/Captura-de-pantalla-2013-10-08-a-las-10.13.21.png 1022w, http:\/\/www.eloriente.net\/home\/wp-content\/uploads\/2013\/10\/Captura-de-pantalla-2013-10-08-a-las-10.13.21-300x184.png 300w\" sizes=\"(max-width: 1022px) 100vw, 1022px\" \/><\/a><\/p>\n<p>Para el <strong>Indicador de Satisfacci\u00f3n con los Servicios Municipales<\/strong>, entre los que se encuentran Basura, Parques, Alumbrado, Vialidades, Fugas de Agua, Pavimento, Desazolve y Ambulantaje, entre otras dimensiones, las 5 ciudades con mayores valores son Colimna, Quer\u00e9taro, Culiac\u00e1n, la Zona Metropolitana de Monterrey y Hermosillo. Entre las que menos, destacan Oaxaca, Tlaxcala, Tuxtla Guti\u00e9rrez, Villahermosa y Chetumal.<\/p>\n<p>Resalta el hecho de que dentro de las 10 ciudades con mayores valore alcanzados este a\u00f1o, 9 est\u00e1n ubicadas geogr\u00e1ficamente del centro hacia el norte del pa\u00eds y s\u00f3lo una hacia el sur.<\/p>\n<p>Para efectos de la <strong>evaluaci\u00f3n del desempe\u00f1o de alcaldes<\/strong>, que va desde Calificaci\u00f3n, Acciones, Riendas, Camino, como los nombra GCE,<\/p>\n<p><a href=\"http:\/\/www.eloriente.net\/home\/wp-content\/uploads\/2013\/10\/Captura-de-pantalla-2013-10-08-a-las-10.20.31.png\"><img loading=\"lazy\" decoding=\"async\" class=\"alignnone size-full wp-image-16835\" title=\"Evaluaci\u00f3n Alcaldes gabinete eloriente.net 2013\" src=\"http:\/\/www.eloriente.net\/home\/wp-content\/uploads\/2013\/10\/Captura-de-pantalla-2013-10-08-a-las-10.20.31.png\" alt=\"\" width=\"968\" height=\"615\" srcset=\"http:\/\/www.eloriente.net\/home\/wp-content\/uploads\/2013\/10\/Captura-de-pantalla-2013-10-08-a-las-10.20.31.png 968w, http:\/\/www.eloriente.net\/home\/wp-content\/uploads\/2013\/10\/Captura-de-pantalla-2013-10-08-a-las-10.20.31-300x190.png 300w\" sizes=\"(max-width: 968px) 100vw, 968px\" \/><\/a><\/p>\n<p>Como se puede leer en la gr\u00e1fica, Colima, Quer\u00e9taro, Tampico, Monterrey y Hermosillo, tuvieron los mayores valores asignados a sus alcaldes; no as\u00ed Tlaxcala, Tuxtla Guti\u00e9rrez, Zacatecas, Oaxaca y Chetumal.<\/p>\n<p>GCE destaca el hecho de que de los 10 alcaldes con menores valores alcanzados este a\u00f1o, 9 son hombres y una mujer; 8 del PRI, 1 del PAN y 1 de la izquierda electoral.<\/p>\n<p>Finalmente, en cuanto al<strong> humor social<\/strong>, en ciudades como Piedras Negras, Durango, Zona Metropolitana de Monterrey, Cd. Cuaht\u00e9moc y Tijuana, se siente que el pa\u00eds est\u00e1 avanzando m\u00e1s. Mientras que el Tuxtla Guti\u00e9rrez, Morelia, Cuernavaca, Zacatecas y DF, sienten que el pa\u00eds avanza menos.<\/p>\n<p>El estudio fue generado luego de realizar 28,000 encuestas telef\u00f3nicas del 11 de julio de 2013 al pasado 19 de agosto, a residentes del pa\u00eds y mayores de 15 a\u00f1os que cuentan con l\u00ednea telef\u00f3nica fija; tiene un error esperado m\u00e1ximo a nivel de municipio\/ciudad de +\/- 5.5% con una confianza de 95%.<\/p>\n<p>Para ver el reporte ejecutivo completo, da click <a href=\"http:\/\/www.gabinete.mx\/site\/sites\/default\/files\/pdfs\/GCE_DOSSIER_CM.pdf\" target=\"_blank\">AQU\u00cd<\/a><\/p>\n<p>Las Gr\u00e1ficas son del GCE.<\/p>\n<p>&nbsp;<\/p>\n<p>&nbsp;<\/p>\n<p>Otras entradas:<\/p>\n<div id=\"post-16771\">\n<p><a title=\"Permalink to Resiliencia\" href=\"http:\/\/www.eloriente.net\/home\/2013\/10\/03\/resiliencia\/\" rel=\"bookmark\">Resiliencia<\/a><\/p>\n<p><a href=\"http:\/\/www.eloriente.net\/home\/2013\/10\/03\/resiliencia\/\" rel=\"bookmark\"><img decoding=\"async\" title=\"Resiliencia\" src=\"http:\/\/www.eloriente.net\/home\/wp-content\/themes\/city-desk\/timthumb.php?src=http%3A%2F%2Fwww.eloriente.net%2Fhome%2Fwp-content%2Fuploads%2F2013%2F10%2FJuventud-fuerza-Atribuci%C3%B3n-Algunos-derechos-reservados-por-Alvaro_Tapia.jpg&amp;q=90&amp;w=160&amp;h=106&amp;zc=1\" alt=\"Resiliencia\" \/><\/a>eloriente.net 3 de octubre de 2013 Por: Alejandra Silva Soriano Hoy tuve la oportunidad de participar en un taller de liderazgo organizado por el Instituto Mexicano de la Juventud (IMJUVE) en coordinaci\u00f3n con el Instituto de la Juventud del Estado de Oaxaca (INJEO), y dentro de las cosas que nos transmiti\u00f3 el Ing. Melecio Ortega, [&#8230;]<\/p>\n<p>October 3, 2013<\/p>\n<\/div>\n<div id=\"post-16669\">\n<p><a title=\"Permalink to 51% de personas no ha pensado de qu\u00e9 vivir\u00e1 cuando se retire: Vicente L\u00f3pez Portillo\" href=\"http:\/\/www.eloriente.net\/home\/2013\/09\/27\/51-de-personas-no-ha-pensado-de-que-vivira-cuando-se-retire-vicente-lopez-portillo\/\" rel=\"bookmark\">51% de personas no ha pensado de qu\u00e9 vivir\u00e1 cuando se retire: Vicente L\u00f3pez Portillo<\/a><\/p>\n<p><a href=\"http:\/\/www.eloriente.net\/home\/2013\/09\/27\/51-de-personas-no-ha-pensado-de-que-vivira-cuando-se-retire-vicente-lopez-portillo\/\" rel=\"bookmark\"><img decoding=\"async\" title=\"51% de personas no ha pensado de qu\u00e9 vivir\u00e1 cuando se retire: Vicente L\u00f3pez Portillo\" src=\"http:\/\/www.eloriente.net\/home\/wp-content\/themes\/city-desk\/timthumb.php?src=http%3A%2F%2Fwww.eloriente.net%2Fhome%2Fwp-content%2Fuploads%2F2013%2F09%2FVincente-L%C3%B3pez-Portillo-UABJO-Semana-eloriente.net_.jpg&amp;q=90&amp;w=160&amp;h=106&amp;zc=1\" alt=\"51% de personas no ha pensado de qu\u00e9 vivir\u00e1 cuando se retire: Vicente L\u00f3pez Portillo\" \/><\/a>eloriente.net\/UABJO 27 de septiembre de 2013 La explanada de rector\u00eda de la Universidad Aut\u00f3noma \u201cBenito Ju\u00e1rez\u201d de Oaxaca (UABJO), fue el escenario para la realizaci\u00f3n de la ceremonia de clausura de la Semana Nacional de Educaci\u00f3n Financiera 2013, organizada por la Comisi\u00f3n Nacional para la Protecci\u00f3n y Defensa de los Usuarios de Servicios Financieros (CONDUSEF). [&#8230;]<\/p>\n<p>September 27, 2013<\/p>\n<\/div>\n<p><a title=\"Permalink to Educaci\u00f3n podr\u00eda evitar muertes de mujeres: Informe UNESCO \u201cEducaci\u00f3n para Todos\u201d\" href=\"http:\/\/www.eloriente.net\/home\/2013\/09\/26\/educacion-podria-evitar-muertes-de-mujeres-informe-unesco-educacion-para-todos\/\" rel=\"bookmark\">Educaci\u00f3n podr\u00eda evitar muertes de mujeres: Informe UNESCO \u201cEducaci\u00f3n para Todos\u201d<\/a><\/p>\n<p><a href=\"http:\/\/www.eloriente.net\/home\/2013\/09\/26\/educacion-podria-evitar-muertes-de-mujeres-informe-unesco-educacion-para-todos\/\" rel=\"bookmark\"><img decoding=\"async\" title=\"Educaci\u00f3n podr\u00eda evitar muertes de mujeres: Informe UNESCO \u201cEducaci\u00f3n para Todos\u201d\" src=\"http:\/\/www.eloriente.net\/home\/wp-content\/themes\/city-desk\/timthumb.php?src=http%3A%2F%2Fwww.eloriente.net%2Fhome%2Fwp-content%2Fuploads%2F2013%2F09%2FNin%CC%83a-escribiendo-Wolrd-Bank-Shezad-Noorani.jpg&amp;q=90&amp;w=160&amp;h=106&amp;zc=1\" alt=\"Educaci\u00f3n podr\u00eda evitar muertes de mujeres: Informe UNESCO \u201cEducaci\u00f3n para Todos\u201d\" \/><\/a><\/p>\n<p>eloriente.net\/UNESCO 26 de septiembre de 2013 La educaci\u00f3n posee la capacidad incomparable de reducir la pobreza extrema y potenciar objetivos de desarrollo de m\u00e1s amplio espectro, seg\u00fan datos preliminares del Informe de Seguimiento de la Educaci\u00f3n para Todos en el Mundo que ha dado a conocer la UNESCO con miras a los pr\u00f3ximos debates de [&#8230;]<\/p>\n<p>September 26, 2013<\/p>\n<p>&nbsp;<\/p>\n\n\t\t\t  <div \n\t\t\t  \tclass = \"fb-comments\" \n\t\t\t  \tdata-href = \"http:\/\/www.eloriente.net\/home\/2013\/10\/08\/queretaro-la-ciudad-con-mayor-calidad-de-vida-oaxaca-la-ultima-gce\/\"\n\t\t\t  \tdata-numposts = \"10\"\n\t\t\t\tdata-colorscheme = \"dark\"\n\t\t\t\tdata-order-by = \"social\"\n\t\t\t\tdata-mobile=true>\n\t\t\t  <\/div>\n\t\t  <style>\n\t\t\t.fb_iframe_widget_fluid_desktop iframe {\n\t\t\t    width: 100% !important;\n\t\t\t}\n\t\t  <\/style>\n\t\t  ","protected":false},"excerpt":{"rendered":"<p>eloriente.net 8 de octubre de 2013 eloriente.net (Oaxaca, M\u00e9xico).- El Gabinete de Comunicaci\u00f3n Estrat\u00e9gica (GCE) hizo p\u00fablica la edici\u00f3n 2013 del proyecto \u00abLas ciudades m\u00e1s habitables de M\u00e9xico\u00bb que inici\u00f3 el a\u00f1o pasado y que da cuenta del desarrollo de los indicadores de Calidad de Vida (INCAVI), de Satisfacci\u00f3n con los Servicios (ISACS) y de [&hellip;]<\/p>\n","protected":false},"author":1,"featured_media":16835,"comment_status":"open","ping_status":"open","sticky":false,"template":"","format":"standard","meta":{"_jetpack_memberships_contains_paid_content":false,"footnotes":""},"categories":[32,35,10,24,23,31],"tags":[],"class_list":["post-16833","post","type-post","status-publish","format-standard","has-post-thumbnail","hentry","category-entradas","category-secciones-oriente","category-lo-mas-reciente","category-mexico-y-el-mundo","category-municipios","category-principal"],"jetpack_featured_media_url":"http:\/\/www.eloriente.net\/home\/wp-content\/uploads\/2013\/10\/Captura-de-pantalla-2013-10-08-a-las-10.20.31.png","jetpack_sharing_enabled":true,"_links":{"self":[{"href":"http:\/\/www.eloriente.net\/home\/wp-json\/wp\/v2\/posts\/16833"}],"collection":[{"href":"http:\/\/www.eloriente.net\/home\/wp-json\/wp\/v2\/posts"}],"about":[{"href":"http:\/\/www.eloriente.net\/home\/wp-json\/wp\/v2\/types\/post"}],"author":[{"embeddable":true,"href":"http:\/\/www.eloriente.net\/home\/wp-json\/wp\/v2\/users\/1"}],"replies":[{"embeddable":true,"href":"http:\/\/www.eloriente.net\/home\/wp-json\/wp\/v2\/comments?post=16833"}],"version-history":[{"count":2,"href":"http:\/\/www.eloriente.net\/home\/wp-json\/wp\/v2\/posts\/16833\/revisions"}],"predecessor-version":[{"id":16837,"href":"http:\/\/www.eloriente.net\/home\/wp-json\/wp\/v2\/posts\/16833\/revisions\/16837"}],"wp:featuredmedia":[{"embeddable":true,"href":"http:\/\/www.eloriente.net\/home\/wp-json\/wp\/v2\/media\/16835"}],"wp:attachment":[{"href":"http:\/\/www.eloriente.net\/home\/wp-json\/wp\/v2\/media?parent=16833"}],"wp:term":[{"taxonomy":"category","embeddable":true,"href":"http:\/\/www.eloriente.net\/home\/wp-json\/wp\/v2\/categories?post=16833"},{"taxonomy":"post_tag","embeddable":true,"href":"http:\/\/www.eloriente.net\/home\/wp-json\/wp\/v2\/tags?post=16833"}],"curies":[{"name":"wp","href":"https:\/\/api.w.org\/{rel}","templated":true}]}}