{"id":16840,"date":"2013-10-08T10:20:54","date_gmt":"2013-10-08T16:20:54","guid":{"rendered":"http:\/\/www.eloriente.net\/home\/?p=16840"},"modified":"2013-10-08T10:20:54","modified_gmt":"2013-10-08T16:20:54","slug":"oscuridad-del-debate-legislativo-en-oaxaca","status":"publish","type":"post","link":"http:\/\/www.eloriente.net\/home\/2013\/10\/08\/oscuridad-del-debate-legislativo-en-oaxaca\/","title":{"rendered":"Oscuridad del debate legislativo en Oaxaca"},"content":{"rendered":"<p>eloriente.net<\/p>\n<p>8 de octubre de 2013<\/p>\n<p>Si en el pa\u00eds los debates de Reforma Hacendaria, Energ\u00e9tica, Educativa, Pol\u00edtica, Telecomunicaciones, Transparencia, entre otras, se han puesto en la vitrina de la opini\u00f3n de la p\u00fablica por parte tanto de los legisladores como del Ejecutivo, en forma por dem\u00e1s apasionada y y no pocas veces sustancial, <strong>en Oaxaca contin\u00faa oscureci\u00e9ndose cada vez\u00a0 m\u00e1s el trabajo y el debate legislativo hasta hacerlo casi invisible<\/strong>, privado, cuesti\u00f3n de s\u00f3lo unos cuantos, opaco y distante.<\/p>\n<p><strong>\u00bfAlguien sabe a ciencia cierta cu\u00e1l es la agenda legislativa de Oaxaca?<\/strong> \u00bfCu\u00e1l ha sido el sentido del voto de sus diputados? \u00bfCu\u00e1l ha sido la productividad de cada legislador? \u00bfQu\u00e9 hay adentro de esa caja negra?<\/p>\n<p>De no ser por aquellas reformas constitucionales de 2011, de entre las cuales emana por ejemplo la recientemente instalada Sala Constitucional, el resto de las iniciativas y proyectos aprobados rehuyeron del esp\u00edritu popular y ciudadano con el cual se hab\u00eda revestido aquella reforma, <strong>condenando para siempre a la actual Legislatura a accidentados procesos de consenso<\/strong> y a un reproche casi un\u00e1nime por el escaso cumplimiento de diversas funciones capitales del Congreso.<\/p>\n<p>Por ejemplo, <strong>la Legislatura incumpli\u00f3 la obligaci\u00f3n legal<\/strong> de efectuar completa la glosa de los informes de gobierno del Poder Ejecutivo del Estado, o bien, elligi\u00f3 con mecanismos poco transparentes a diversos miembros de los relevantes y esperanzadores \u00f3rganos aut\u00f3nomos, cuya labor es corta aunque insustancial hasta la fecha.<\/p>\n<p>En este sentido, es posible que la actual Legislatura y sus integrantes, salvo las excepciones de siempre, no hayan ca\u00eddo en la cuenta ha<strong>sta el momento de que<\/strong> sus fines est\u00e1n m\u00e1s en el terreno del debate parlamentario que en el trabajo partidista y clientelar, y que habi\u00e9ndolo incumplido, han permitido escapar de las manos la oportunidad extraordinaria de ser un Congreso en el cual se apoyara la transici\u00f3n en Oaxaca.<\/p>\n<p>Al cabo de los a\u00f1os y de los juicios hist\u00f3ricos, habr\u00e1 que evaluar <strong>cu\u00e1l ha sido el papel de este Congreso en el proceso democratizador de Oaxaca<\/strong>, pues resulta injusto por incompleto el cargar toda la responsabilidad s\u00f3lo al Ejecutivo del funcionamiento renovador del engranaje pol\u00edtico de Oaxaca. Sin lugar a dudas, el Congreso tambi\u00e9n debe rendir las cuentas respectivas.<\/p>\n<p>Tambi\u00e9n es cierto que por el perfil de muchos de sus integrantes, lo que menos puede interesar es que la historia les juzgue. Para ello se requiere <strong>visi\u00f3n de estado y responsabilidad pol\u00edtica<\/strong>.<\/p>\n<p>Ello hace pensar en la necesidad imperante de que <strong>el Congreso cierre de ya sus rejas<\/strong> y que vengan, esperamos, tiempos mejores. Pero que las cierre pronto, no vaya a suceder que en los \u00faltimos estertores se aseste alg\u00fan desaguisado legislativo, cuaje alguna ocurrencia, o se eche a perder el ya de por s\u00ed mermado orden pol\u00edtico y normativo en Oaxaca.<\/p>\n<p>Twitter: @El_Oriente<\/p>\n<p>&nbsp;<\/p>\n<p>Editoriales anteriores:<\/p>\n<div id=\"post-16618\">\n<p><a title=\"Permalink to Hicimos la autopista \u201clo mejor que se pudo\u201d: ICA; \u00bfpasar\u00e1 lo mismo en Oaxaca?\" href=\"http:\/\/www.eloriente.net\/home\/2013\/09\/25\/hicimos-la-autopista-lo-mejor-que-se-pudo-ica-pasara-lo-mismo-en-oaxaca\/\" rel=\"bookmark\">Hicimos la autopista \u201clo mejor que se pudo\u201d: ICA; \u00bfpasar\u00e1 lo mismo en Oaxaca?<\/a><\/p>\n<p><a href=\"http:\/\/www.eloriente.net\/home\/2013\/09\/25\/hicimos-la-autopista-lo-mejor-que-se-pudo-ica-pasara-lo-mismo-en-oaxaca\/\" rel=\"bookmark\"><img decoding=\"async\" title=\"Hicimos la autopista \u201clo mejor que se pudo\u201d: ICA; \u00bfpasar\u00e1 lo mismo en Oaxaca?\" src=\"http:\/\/www.eloriente.net\/home\/wp-content\/themes\/city-desk\/timthumb.php?src=http%3A%2F%2Fwww.eloriente.net%2Fhome%2Fwp-content%2Fuploads%2F2013%2F09%2FOAXACA-CUOTA-AUTOPISTA-Algunos-derechos-reservados-por-Esparta.jpg&amp;q=90&amp;w=160&amp;h=106&amp;zc=1\" alt=\"Hicimos la autopista \u201clo mejor que se pudo\u201d: ICA; \u00bfpasar\u00e1 lo mismo en Oaxaca?\" \/><\/a>eloriente.net 25 de septiembre de 2013 Cuestionado por los derrumbes y deslaves en la Autopista del Sol luego de la tormenta \u2018Manuel\u2019, en cuya construcci\u00f3n particip\u00f3 la empresa ICA, misma que dirige, Alonso Quintana hizo dos declaraciones al diario El Universal: 1. \u201cICA particip\u00f3 junto con un consorcio en la carretera hace 20 a\u00f1os, m\u00e1s [&#8230;]<\/p>\n<p>September 25, 2013<\/p>\n<\/div>\n<div id=\"post-16467\">\n<p><a title=\"Permalink to Solidaridad en Centros de Acopio de v\u00edveres en Oaxaca\" href=\"http:\/\/www.eloriente.net\/home\/2013\/09\/17\/solidaridad-en-centros-de-acopio-de-viveres-en-oaxaca\/\" rel=\"bookmark\">Solidaridad en Centros de Acopio de v\u00edveres en Oaxaca<\/a><\/p>\n<p><a href=\"http:\/\/www.eloriente.net\/home\/2013\/09\/17\/solidaridad-en-centros-de-acopio-de-viveres-en-oaxaca\/\" rel=\"bookmark\"><img decoding=\"async\" title=\"Solidaridad en Centros de Acopio de v\u00edveres en Oaxaca\" src=\"http:\/\/www.eloriente.net\/home\/wp-content\/themes\/city-desk\/timthumb.php?src=http%3A%2F%2Fwww.eloriente.net%2Fhome%2Fwp-content%2Fuploads%2F2013%2F09%2F170913-smn.png&amp;q=90&amp;w=160&amp;h=106&amp;zc=1\" alt=\"Solidaridad en Centros de Acopio de v\u00edveres en Oaxaca\" \/><\/a>eloriente.net 18 de septiembre de 2013 Adicionalmente a los Centros de Acopio que abajo se mencionan, el DIF estatal tambi\u00e9n est\u00e1 recibiendo v\u00edveres: \u00a0 CENTROS DE ACOPIO: Gral. Vicente Guerrero 114 Col. Miguel Alem\u00e1n y Ju\u00e1rez 914 Col. Centro ( a un costado gasolinera DIF) 8:00 am a 5:00 pm. \u2014 DIF Oaxaca (@DIF_Oaxaca) September [&#8230;]<\/p>\n<p>September 17, 2013<\/p>\n<\/div>\n<div id=\"post-16229\">\n<p><a title=\"Permalink to Trabajadores de Oaxaca sin pago de sueldos\" href=\"http:\/\/www.eloriente.net\/home\/2013\/09\/06\/trabajadores-de-oaxaca-sin-pago-de-sueldos\/\" rel=\"bookmark\">Trabajadores de Oaxaca sin pago de sueldos<\/a><\/p>\n<p><a href=\"http:\/\/www.eloriente.net\/home\/2013\/09\/06\/trabajadores-de-oaxaca-sin-pago-de-sueldos\/\" rel=\"bookmark\"><img decoding=\"async\" title=\"Trabajadores de Oaxaca sin pago de sueldos\" src=\"http:\/\/www.eloriente.net\/home\/wp-content\/themes\/city-desk\/timthumb.php?src=http%3A%2F%2Fwww.eloriente.net%2Fhome%2Fwp-content%2Fuploads%2F2013%2F02%2Falgunos-derechos-reservados-phylevn-ciudad-de-oaxaca.jpg&amp;q=90&amp;w=160&amp;h=106&amp;zc=1\" alt=\"Trabajadores de Oaxaca sin pago de sueldos\" \/><\/a>eloriente.net 6 de septiembre de 2013 Han llegado a la redacci\u00f3n de esta p\u00e1gina de internet de Oaxaca, diversos comentarios de trabajadores estatales y municipales a los cuales no se les han pagado sus sueldos mensuales desde hace ya al menos dos o tres meses. Esta situaci\u00f3n, por normal que parezca, es sumamente grave: nada [&#8230;]<\/p>\n<p>September 6, 2013<\/p>\n<\/div>\n<div id=\"post-16016\">\n<p><a title=\"Permalink to CNTE en el DF: s\u00f3lo bot\u00f3n de muestra\" href=\"http:\/\/www.eloriente.net\/home\/2013\/08\/26\/cnte-en-el-df-solo-boton-de-muestra\/\" rel=\"bookmark\">CNTE en el DF: s\u00f3lo bot\u00f3n de muestra<\/a><\/p>\n<p><a href=\"http:\/\/www.eloriente.net\/home\/2013\/08\/26\/cnte-en-el-df-solo-boton-de-muestra\/\" rel=\"bookmark\"><img decoding=\"async\" title=\"CNTE en el DF: s\u00f3lo bot\u00f3n de muestra\" src=\"http:\/\/www.eloriente.net\/home\/wp-content\/themes\/city-desk\/timthumb.php?src=http%3A%2F%2Fwww.eloriente.net%2Fhome%2Fwp-content%2Fuploads%2F2013%2F08%2FL%C3%A1piz-Todos-los-derechos-reservados-por-Ennio-Pereira-R..jpg&amp;q=90&amp;w=160&amp;h=106&amp;zc=1\" alt=\"CNTE en el DF: s\u00f3lo bot\u00f3n de muestra\" \/><\/a>eloriente.net 26 de agosto de 2013 El denunciado desorden que los miembros de la Coordinadora Nacional de Trabajadores de la Educaci\u00f3n (CNTE) en el Distrito Federal, entre los cuales se cuentan los integrantes de la Secci\u00f3n 22, ha sido solamente una muestra de apenas unos d\u00edas de aquello que la ciudad y el estado de [&#8230;]<\/p>\n<p>August 26, 2013<\/p>\n<\/div>\n<p><a title=\"Permalink to Consulta sobre Reforma Energ\u00e9tica\" href=\"http:\/\/www.eloriente.net\/home\/2013\/08\/15\/consulta-sobre-reforma-energetica\/\" rel=\"bookmark\">Consulta sobre Reforma Energ\u00e9tica<\/a><\/p>\n<p><a href=\"http:\/\/www.eloriente.net\/home\/2013\/08\/15\/consulta-sobre-reforma-energetica\/\" rel=\"bookmark\"><img decoding=\"async\" title=\"Consulta sobre Reforma Energ\u00e9tica\" src=\"http:\/\/www.eloriente.net\/home\/wp-content\/themes\/city-desk\/timthumb.php?src=http%3A%2F%2Fwww.eloriente.net%2Fhome%2Fwp-content%2Fuploads%2F2013%2F07%2FPemex-Algunos-derechos-reservados-por-rutlo-flickr.jpg&amp;q=90&amp;w=160&amp;h=106&amp;zc=1\" alt=\"Consulta sobre Reforma Energ\u00e9tica\" \/><\/a><\/p>\n<p>eloriente.net 15 de agosto de 2013 El ejercicio de una consulta sobre las propuestas de reforma energ\u00e9tica, tanto la del Presidente, la del Partido Acci\u00f3n Nacional, as\u00ed como la del Partido de la Revoluci\u00f3n Democr\u00e1tica que se presentar\u00e1 en breve, puede resultar una muestra de madurez popular sin precedentes. Las y los mexicanos podr\u00edamos decidir [&#8230;]<\/p>\n<p>August 15, 2013<\/p>\n<p><a href=\"http:\/\/www.eloriente.net\/home\/wp-content\/uploads\/2013\/10\/Oscuridad-Atribucio\u0301n-Algunos-derechos-reservados-por-Edur8-.jpg\"><img loading=\"lazy\" decoding=\"async\" class=\"alignnone size-medium wp-image-16841\" title=\"Oscuridad      Atribucio\u0301n Algunos derechos reservados por Edur8\" src=\"http:\/\/www.eloriente.net\/home\/wp-content\/uploads\/2013\/10\/Oscuridad-Atribucio\u0301n-Algunos-derechos-reservados-por-Edur8--203x300.jpg\" alt=\"\" width=\"203\" height=\"300\" srcset=\"http:\/\/www.eloriente.net\/home\/wp-content\/uploads\/2013\/10\/Oscuridad-Atribucio\u0301n-Algunos-derechos-reservados-por-Edur8--203x300.jpg 203w, http:\/\/www.eloriente.net\/home\/wp-content\/uploads\/2013\/10\/Oscuridad-Atribucio\u0301n-Algunos-derechos-reservados-por-Edur8--695x1024.jpg 695w, http:\/\/www.eloriente.net\/home\/wp-content\/uploads\/2013\/10\/Oscuridad-Atribucio\u0301n-Algunos-derechos-reservados-por-Edur8--1024x1508.jpg 1024w, http:\/\/www.eloriente.net\/home\/wp-content\/uploads\/2013\/10\/Oscuridad-Atribucio\u0301n-Algunos-derechos-reservados-por-Edur8-.jpg 1127w\" sizes=\"(max-width: 203px) 100vw, 203px\" \/><\/a><\/p>\n<p>Foto:<\/p>\n<dl id=\"yui_3_11_0_3_1381249007927_319\">\n<dd id=\"yui_3_11_0_3_1381249007927_318\"><a href=\"http:\/\/creativecommons.org\/licenses\/by\/2.0\/\"><img decoding=\"async\" title=\"Atribuci\u00f3n\" src=\"http:\/\/l.yimg.com\/g\/images\/cc_icon_attribution_small.gif\" alt=\"Atribuci\u00f3n\" border=\"0\" \/><\/a> <a id=\"yui_3_11_0_3_1381249007927_323\" title=\"Attribution License\" href=\"http:\/\/creativecommons.org\/licenses\/by\/2.0\/\">Algunos derechos reservados<\/a> por <a id=\"yui_3_11_0_3_1381249007927_327\" href=\"http:\/\/www.flickr.com\/photos\/edur8\/\">Edur8<\/a><\/dd>\n<\/dl>\n\n\t\t\t  <div \n\t\t\t  \tclass = \"fb-comments\" \n\t\t\t  \tdata-href = \"http:\/\/www.eloriente.net\/home\/2013\/10\/08\/oscuridad-del-debate-legislativo-en-oaxaca\/\"\n\t\t\t  \tdata-numposts = \"10\"\n\t\t\t\tdata-colorscheme = \"dark\"\n\t\t\t\tdata-order-by = \"social\"\n\t\t\t\tdata-mobile=true>\n\t\t\t  <\/div>\n\t\t  <style>\n\t\t\t.fb_iframe_widget_fluid_desktop iframe {\n\t\t\t    width: 100% !important;\n\t\t\t}\n\t\t  <\/style>\n\t\t  ","protected":false},"excerpt":{"rendered":"<p>eloriente.net 8 de octubre de 2013 Si en el pa\u00eds los debates de Reforma Hacendaria, Energ\u00e9tica, Educativa, Pol\u00edtica, Telecomunicaciones, Transparencia, entre otras, se han puesto en la vitrina de la opini\u00f3n de la p\u00fablica por parte tanto de los legisladores como del Ejecutivo, en forma por dem\u00e1s apasionada y y no pocas veces sustancial, en [&hellip;]<\/p>\n","protected":false},"author":1,"featured_media":16841,"comment_status":"open","ping_status":"open","sticky":false,"template":"","format":"standard","meta":{"_jetpack_memberships_contains_paid_content":false,"footnotes":""},"categories":[9,32],"tags":[],"class_list":["post-16840","post","type-post","status-publish","format-standard","has-post-thumbnail","hentry","category-editorial","category-entradas"],"jetpack_featured_media_url":"http:\/\/www.eloriente.net\/home\/wp-content\/uploads\/2013\/10\/Oscuridad-Atribucio\u0301n-Algunos-derechos-reservados-por-Edur8-.jpg","jetpack_sharing_enabled":true,"_links":{"self":[{"href":"http:\/\/www.eloriente.net\/home\/wp-json\/wp\/v2\/posts\/16840"}],"collection":[{"href":"http:\/\/www.eloriente.net\/home\/wp-json\/wp\/v2\/posts"}],"about":[{"href":"http:\/\/www.eloriente.net\/home\/wp-json\/wp\/v2\/types\/post"}],"author":[{"embeddable":true,"href":"http:\/\/www.eloriente.net\/home\/wp-json\/wp\/v2\/users\/1"}],"replies":[{"embeddable":true,"href":"http:\/\/www.eloriente.net\/home\/wp-json\/wp\/v2\/comments?post=16840"}],"version-history":[{"count":1,"href":"http:\/\/www.eloriente.net\/home\/wp-json\/wp\/v2\/posts\/16840\/revisions"}],"predecessor-version":[{"id":16842,"href":"http:\/\/www.eloriente.net\/home\/wp-json\/wp\/v2\/posts\/16840\/revisions\/16842"}],"wp:featuredmedia":[{"embeddable":true,"href":"http:\/\/www.eloriente.net\/home\/wp-json\/wp\/v2\/media\/16841"}],"wp:attachment":[{"href":"http:\/\/www.eloriente.net\/home\/wp-json\/wp\/v2\/media?parent=16840"}],"wp:term":[{"taxonomy":"category","embeddable":true,"href":"http:\/\/www.eloriente.net\/home\/wp-json\/wp\/v2\/categories?post=16840"},{"taxonomy":"post_tag","embeddable":true,"href":"http:\/\/www.eloriente.net\/home\/wp-json\/wp\/v2\/tags?post=16840"}],"curies":[{"name":"wp","href":"https:\/\/api.w.org\/{rel}","templated":true}]}}