{"id":16852,"date":"2013-10-09T07:35:35","date_gmt":"2013-10-09T13:35:35","guid":{"rendered":"http:\/\/www.eloriente.net\/home\/?p=16852"},"modified":"2013-10-09T07:35:35","modified_gmt":"2013-10-09T13:35:35","slug":"convocaran-a-50-nuevas-plazas-de-jueces-en-sistema-acusatorio-adversarial","status":"publish","type":"post","link":"http:\/\/www.eloriente.net\/home\/2013\/10\/09\/convocaran-a-50-nuevas-plazas-de-jueces-en-sistema-acusatorio-adversarial\/","title":{"rendered":"Convocar\u00e1n a 50 nuevas plazas de jueces en Sistema Acusatorio Adversarial"},"content":{"rendered":"<p>eloriente.net\/<a href=\"http:\/\/www.tribunaloax.gob.mx\/\" target=\"_blank\">Tribunal Superior de Justicia de Oaxaca<\/a><\/p>\n<p>9 de octubre de 2013<\/p>\n<ul>\n<li>Se realiz\u00f3 la quinta y \u00faltima Reuni\u00f3n Regional de trabajo con jueces y servidores p\u00fablicos judiciales<\/li>\n<\/ul>\n<p>El titular del Poder Judicial del Estado, magistrado Alfredo Lagunas Rivera, presidi\u00f3 este martes la quinta Reuni\u00f3n Regional de trabajo del Consejo de la Judicatura con jueces y servidores p\u00fablicos judiciales, en esta ocasi\u00f3n con juzgados de los\u00a0 Valles Centrales, Ca\u00f1ada y Centro, donde anunci\u00f3 que pr\u00f3ximamente se emitir\u00e1 una convocatoria abierta para el concurso de al menos 50 nuevas plazas de jueces en el Sistema Acusatorio Adversarial.<\/p>\n<p>En presencia de los consejeros magistrado Jos\u00e9 Luis Reyes Hern\u00e1ndez, Violeta Margarita Sarmiento Sangin\u00e9s, Elsa Ang\u00e9lica Alejo Torres y Jos\u00e9 Antonio \u00c1lvarez Hern\u00e1ndez, el magistrado Lagunas Rivera indic\u00f3 que es una obligaci\u00f3n impostergable la implementaci\u00f3n del nuevo sistema de justicia penal, el cual en el 2016 debe est\u00e1n operando en toda la entidad al igual que el resto del pa\u00eds.<\/p>\n<p>\u201cLograr ser juez hoy en d\u00eda, depende al cien por ciento de los aspirantes porque es una cuesti\u00f3n bastante transparente\u201d, enfatiz\u00f3 luego de convocar\u00a0 a los ah\u00ed presentes a participar en el proceso de selecci\u00f3n al cual podr\u00e1n acceder jueces del sistema tradicional, secretarios judiciales y dem\u00e1s personal del Poder Judicial con perfil de abogados, as\u00ed como\u00a0 profesionales del derecho ajenos a la administraci\u00f3n p\u00fablica.<\/p>\n<p>Ante el secretario ejecutivo del CJO, C\u00e9sar Cervantes Hern\u00e1ndez y directores de diferentes \u00e1reas, el magistrado Lagunas Rivera les convoc\u00f3 a conducirse con transparencia, honestidad, probidad, discreci\u00f3n y principios \u00e9ticos tanto en la funci\u00f3n p\u00fablica como en su comportamiento fuera de la instituci\u00f3n para as\u00ed fortalecer la confianza de la sociedad.<\/p>\n<p>\u201cLa imagen de ustedes es la imagen del Poder Judicial y si se detecta alguna irregularidad no hay ni habr\u00e1 ning\u00fan tipo de tolerancia\u201d, enfatiz\u00f3.<\/p>\n<p>Por otra parte, les habl\u00f3 tambi\u00e9n de la reci\u00e9n integrada Sala Constitucional, del servicio telef\u00f3nico 01-800-5-JUSTICIA \u00f3 01-800-558-78-42-42 que brinda informaci\u00f3n y orientaci\u00f3n a los usuarios sobre los tr\u00e1mites en la instituci\u00f3n como parte de la pol\u00edtica de puertas abiertas y acercamiento a la sociedad y de la l\u00ednea directa implementada para que los jueces puedan establecer comunicaci\u00f3n pronta con el Consejo de la Judicatura.<\/p>\n<p>En el primer d\u00eda de actividades de la reuni\u00f3n regional, a la que\u00a0asisten jueces y personal de los juzgados del Centro, Etla, Tlacolula, Ixtl\u00e1n, Zaachila, Zimatl\u00e1n, Ocotl\u00e1n, Ejutla, Miahuatl\u00e1n, Huautla de Jim\u00e9nez, Teotitl\u00e1n, Cuicatl\u00e1n, Zacatepec Mixe, Nochixtl\u00e1n Villa Alta, y Sola de Vega,\u00a0los consejeros de la Judicatura expusieron los acuerdos y labores desarrolladas por las comisiones que presiden.<\/p>\n<p>Para este mi\u00e9rcoles se tiene programado un\u00a0encuentro en materia penal y el jueves otro m\u00e1s en materia civil, mercantil y\u00a0familiar, con la participaci\u00f3n de magistrados del H. Tribunal Superior de Justicia.\u00a0Cabe se\u00f1alar que con esta actividad concluyen las Reuniones Regionales que tienen como objetivo crear espacios de di\u00e1logo directo con los funcionarios judiciales y conocer de cerca sus necesidades y puntos de vista.<\/p>\n<p><a href=\"http:\/\/www.eloriente.net\/home\/wp-content\/uploads\/2013\/10\/Reunion-regional-TSJEO-eloriente.net_.jpg\"><img loading=\"lazy\" decoding=\"async\" class=\"alignnone size-medium wp-image-16853\" title=\"Reunion regional TSJEO eloriente.net\" src=\"http:\/\/www.eloriente.net\/home\/wp-content\/uploads\/2013\/10\/Reunion-regional-TSJEO-eloriente.net_-300x200.jpg\" alt=\"\" width=\"300\" height=\"200\" srcset=\"http:\/\/www.eloriente.net\/home\/wp-content\/uploads\/2013\/10\/Reunion-regional-TSJEO-eloriente.net_-300x200.jpg 300w, http:\/\/www.eloriente.net\/home\/wp-content\/uploads\/2013\/10\/Reunion-regional-TSJEO-eloriente.net_.jpg 1024w\" sizes=\"(max-width: 300px) 100vw, 300px\" \/><\/a><\/p>\n<p>Foto:<a href=\"http:\/\/www.tribunaloax.gob.mx\/\" target=\"_blank\"> TSJEO<\/a><\/p>\n\n\t\t\t  <div \n\t\t\t  \tclass = \"fb-comments\" \n\t\t\t  \tdata-href = \"http:\/\/www.eloriente.net\/home\/2013\/10\/09\/convocaran-a-50-nuevas-plazas-de-jueces-en-sistema-acusatorio-adversarial\/\"\n\t\t\t  \tdata-numposts = \"10\"\n\t\t\t\tdata-colorscheme = \"dark\"\n\t\t\t\tdata-order-by = \"social\"\n\t\t\t\tdata-mobile=true>\n\t\t\t  <\/div>\n\t\t  <style>\n\t\t\t.fb_iframe_widget_fluid_desktop iframe {\n\t\t\t    width: 100% !important;\n\t\t\t}\n\t\t  <\/style>\n\t\t  ","protected":false},"excerpt":{"rendered":"<p>eloriente.net\/Tribunal Superior de Justicia de Oaxaca 9 de octubre de 2013 Se realiz\u00f3 la quinta y \u00faltima Reuni\u00f3n Regional de trabajo con jueces y servidores p\u00fablicos judiciales El titular del Poder Judicial del Estado, magistrado Alfredo Lagunas Rivera, presidi\u00f3 este martes la quinta Reuni\u00f3n Regional de trabajo del Consejo de la Judicatura con jueces y [&hellip;]<\/p>\n","protected":false},"author":1,"featured_media":16853,"comment_status":"open","ping_status":"open","sticky":false,"template":"","format":"standard","meta":{"_jetpack_memberships_contains_paid_content":false,"footnotes":""},"categories":[22,32,10],"tags":[],"class_list":["post-16852","post","type-post","status-publish","format-standard","has-post-thumbnail","hentry","category-derechos-humanos","category-entradas","category-lo-mas-reciente"],"jetpack_featured_media_url":"http:\/\/www.eloriente.net\/home\/wp-content\/uploads\/2013\/10\/Reunion-regional-TSJEO-eloriente.net_.jpg","jetpack_sharing_enabled":true,"_links":{"self":[{"href":"http:\/\/www.eloriente.net\/home\/wp-json\/wp\/v2\/posts\/16852"}],"collection":[{"href":"http:\/\/www.eloriente.net\/home\/wp-json\/wp\/v2\/posts"}],"about":[{"href":"http:\/\/www.eloriente.net\/home\/wp-json\/wp\/v2\/types\/post"}],"author":[{"embeddable":true,"href":"http:\/\/www.eloriente.net\/home\/wp-json\/wp\/v2\/users\/1"}],"replies":[{"embeddable":true,"href":"http:\/\/www.eloriente.net\/home\/wp-json\/wp\/v2\/comments?post=16852"}],"version-history":[{"count":2,"href":"http:\/\/www.eloriente.net\/home\/wp-json\/wp\/v2\/posts\/16852\/revisions"}],"predecessor-version":[{"id":16855,"href":"http:\/\/www.eloriente.net\/home\/wp-json\/wp\/v2\/posts\/16852\/revisions\/16855"}],"wp:featuredmedia":[{"embeddable":true,"href":"http:\/\/www.eloriente.net\/home\/wp-json\/wp\/v2\/media\/16853"}],"wp:attachment":[{"href":"http:\/\/www.eloriente.net\/home\/wp-json\/wp\/v2\/media?parent=16852"}],"wp:term":[{"taxonomy":"category","embeddable":true,"href":"http:\/\/www.eloriente.net\/home\/wp-json\/wp\/v2\/categories?post=16852"},{"taxonomy":"post_tag","embeddable":true,"href":"http:\/\/www.eloriente.net\/home\/wp-json\/wp\/v2\/tags?post=16852"}],"curies":[{"name":"wp","href":"https:\/\/api.w.org\/{rel}","templated":true}]}}